{"id":155991,"date":"2022-04-30T11:22:00","date_gmt":"2022-04-30T09:22:00","guid":{"rendered":"http:\/\/www.tucomarca.com\/wordpress\/segunda\/?p=155991"},"modified":"2022-05-01T13:03:26","modified_gmt":"2022-05-01T11:03:26","slug":"el-pp-de-la-comarca-requena-utiel-demana-que-senvien-allegacions-a-la-supressio-del-tren-tarancon-utiel","status":"publish","type":"post","link":"https:\/\/tucomarca.whitekongsoftware.com\/ca\/el-pp-de-la-comarca-requena-utiel-demana-que-senvien-allegacions-a-la-supressio-del-tren-tarancon-utiel\/","title":{"rendered":"El PP de la comarca Requena-Utiel demana que s&#8217;envien al\u00b7legacions a la supressi\u00f3 del tren Taranc\u00f3n-Utiel"},"content":{"rendered":"\n<p class=\"wp-block-paragraph\">El Partit Popular de la comarca Requena-Utiel demana als seus ajuntaments afectats que es realitzen al\u00b7legacions a la supressi\u00f3 del tren Taranc\u00f3n-Utiel en el termini que marca la carta enviada pel Ministeri de Transports, Mobilitat i Agenda Urbana dimecres passat.&nbsp;<br>Els ajuntaments afectats \u201ctenen la possibilitat d&#8217;enviar les seues al\u00b7legacions davant la comunicaci\u00f3 del ministeri que posa en coneixement de manera oficial als alcaldes dels municipis afectats de la supressi\u00f3 de la l\u00ednia donant un termini de 30 dies per a aix\u00f2\u201d afirmen els populars.<br>En el cas de la comarca \u201cels principals afectats s\u00f3n Camporrobles i Les Cuevas d&#8217;Utiel, els quals tenim const\u00e0ncia que han rebut aquesta notificaci\u00f3, i \u00e9s per aix\u00f2 que sol\u00b7licitem als seus governs que manen a trav\u00e9s dels seus alcaldes les al\u00b7legacions oportunes en el termini marcat pel ministeri\u201d assenyalen les fonts.<br>Des del Partit Popular \u201cno entendr\u00edem que obert el termini d&#8217;al\u00b7legacions la nostra comarca no les realitzara. Encara lamentem quan els partits d&#8217;esquerres en Les Corts Valencianes van rebutjar les mesures que presentava recentment el Partit Popular per a la recuperaci\u00f3 de la l\u00ednia Madrid Cuenca Val\u00e8ncia\u201d manifesten. I diuen que \u201cno ens rendirem, seguirem amb iniciatives tant en Les Corts Valencianes com en el Congr\u00e9s perqu\u00e8 la l\u00ednia Madrid Cuenca Val\u00e8ncia torne a donar el servei que mereix la nostra comarca\u201d. Informa, <strong>Luis Ib\u00e1\u00f1ez.<\/strong><\/p>\n\n\n\n<p class=\"wp-block-paragraph\"><\/p>\n","protected":false},"excerpt":{"rendered":"<div class=\"mh-excerpt\">El Partit Popular de la comarca Requena-Utiel demana als seus ajuntaments afectats que es realitzen al\u00b7legacions a la supressi\u00f3 del tren Taranc\u00f3n-Utiel en el termini que marca la carta enviada pel Ministeri de Transports, Mobilitat <a class=\"mh-excerpt-more\" href=\"https:\/\/tucomarca.whitekongsoftware.com\/ca\/el-pp-de-la-comarca-requena-utiel-demana-que-senvien-allegacions-a-la-supressio-del-tren-tarancon-utiel\/\" title=\"El PP de la comarca Requena-Utiel demana que s&#8217;envien al\u00b7legacions a la supressi\u00f3 del tren Taranc\u00f3n-Utiel\">[+] <\/a><\/div>\n","protected":false},"author":12,"featured_media":125344,"comment_status":"open","ping_status":"open","sticky":false,"template":"","format":"standard","meta":{"footnotes":""},"categories":[10898,10948,10894,10947,10909,10896,10897,11059],"tags":[16821,16941,10910,16995],"class_list":["post-155991","post","type-post","status-publish","format-standard","has-post-thumbnail","category-ventana-ca","category-infraestructuras-ca","category-la-comarca-ca","category-politica","category-requena-utiel-ca","category-seccion-ca","category-sucesos-la-comarca-ca","category-utiel-ca","tag-linea-de-tren-aranjuez-cuenca-utiel-ca","tag-populares-comarca-de-requena-utiel-ca","tag-requena-utiel-ca","tag-tren-tarancon-utiel-ca"],"_links":{"self":[{"href":"https:\/\/tucomarca.whitekongsoftware.com\/ca\/wp-json\/wp\/v2\/posts\/155991","targetHints":{"allow":["GET"]}}],"collection":[{"href":"https:\/\/tucomarca.whitekongsoftware.com\/ca\/wp-json\/wp\/v2\/posts"}],"about":[{"href":"https:\/\/tucomarca.whitekongsoftware.com\/ca\/wp-json\/wp\/v2\/types\/post"}],"author":[{"embeddable":true,"href":"https:\/\/tucomarca.whitekongsoftware.com\/ca\/wp-json\/wp\/v2\/users\/12"}],"replies":[{"embeddable":true,"href":"https:\/\/tucomarca.whitekongsoftware.com\/ca\/wp-json\/wp\/v2\/comments?post=155991"}],"version-history":[{"count":0,"href":"https:\/\/tucomarca.whitekongsoftware.com\/ca\/wp-json\/wp\/v2\/posts\/155991\/revisions"}],"wp:featuredmedia":[{"embeddable":true,"href":"https:\/\/tucomarca.whitekongsoftware.com\/ca\/wp-json\/wp\/v2\/media\/125344"}],"wp:attachment":[{"href":"https:\/\/tucomarca.whitekongsoftware.com\/ca\/wp-json\/wp\/v2\/media?parent=155991"}],"wp:term":[{"taxonomy":"category","embeddable":true,"href":"https:\/\/tucomarca.whitekongsoftware.com\/ca\/wp-json\/wp\/v2\/categories?post=155991"},{"taxonomy":"post_tag","embeddable":true,"href":"https:\/\/tucomarca.whitekongsoftware.com\/ca\/wp-json\/wp\/v2\/tags?post=155991"}],"curies":[{"name":"wp","href":"https:\/\/api.w.org\/{rel}","templated":true}]}}