{"id":155892,"date":"2022-04-30T12:35:00","date_gmt":"2022-04-30T10:35:00","guid":{"rendered":"http:\/\/www.tucomarca.com\/wordpress\/segunda\/?p=155892"},"modified":"2022-05-01T12:56:15","modified_gmt":"2022-05-01T10:56:15","slug":"benaguasil-presenta-a-la-generalitat-valenciana-el-projecte-per-a-rehabilitar-la-antiga-estacio-de-dalt","status":"publish","type":"post","link":"https:\/\/tucomarca.whitekongsoftware.com\/ca\/benaguasil-presenta-a-la-generalitat-valenciana-el-projecte-per-a-rehabilitar-la-antiga-estacio-de-dalt\/","title":{"rendered":"Benaguasil presenta a la Generalitat Valenciana el projecte per a rehabilitar la Antiga Estaci\u00f3 de Dalt"},"content":{"rendered":"\n<h4 class=\"wp-block-heading\">Per a assumir l&#8217;actuaci\u00f3 el projecte ha sigut presentat a la convocat\u00f2ria d&#8217;ajudes del Pla \u2018Conviure\u2019 del Consell i est\u00e0 valorat en m\u00e9s de mig mili\u00f3 d&#8217;euros.<\/h4>\n\n\n\n<h4 class=\"wp-block-heading\">El projecte contempla la creaci\u00f3 d&#8217;una zona infantil i un centre cultural obert a la ciutadania.<\/h4>\n\n\n\n<figure class=\"wp-block-image size-large\"><img loading=\"lazy\" decoding=\"async\" width=\"1024\" height=\"629\" src=\"http:\/\/www.tucomarca.com\/wordpress\/segunda\/wp-content\/uploads\/2022\/04\/BanaguasilPROYECTO-1024x629.jpg\" alt=\"\" class=\"wp-image-155889\" srcset=\"https:\/\/tucomarca.whitekongsoftware.com\/wp-content\/uploads\/2022\/04\/BanaguasilPROYECTO-1024x629.jpg 1024w, https:\/\/tucomarca.whitekongsoftware.com\/wp-content\/uploads\/2022\/04\/BanaguasilPROYECTO-300x184.jpg 300w, https:\/\/tucomarca.whitekongsoftware.com\/wp-content\/uploads\/2022\/04\/BanaguasilPROYECTO-768x471.jpg 768w, https:\/\/tucomarca.whitekongsoftware.com\/wp-content\/uploads\/2022\/04\/BanaguasilPROYECTO.jpg 1181w\" sizes=\"auto, (max-width: 1024px) 100vw, 1024px\" \/><\/figure>\n\n\n\n<p class=\"wp-block-paragraph\">L&#8217;Ajuntament de Benaguasil ha sol\u00b7licitat una subvenci\u00f3 de 599.828,70\u20ac a la Vicepresid\u00e8ncia Segona i Conselleria d&#8217;Habitatge i Arquitectura. Aquesta ser\u00e0 per a abordar l&#8217;execuci\u00f3 de les obres d&#8217;adequaci\u00f3, regeneraci\u00f3 i rehabilitaci\u00f3 urbana de les antigues instal\u00b7lacions ferrovi\u00e0ries de RENFE, mitjan\u00e7ant el Pla \u2018Conviure\u2019.<br>Aquesta infraestructura es troba desafectada de tot \u00fas ferroviari havent-hi sida adquirida per l&#8217;ajuntament en 2018, concretant-se en una zona verda d&#8217;uns 7.500 m\u00b2 oberta a l&#8217;\u00fas p\u00fablic i de l&#8217;edifici de l&#8217;antiga estaci\u00f3.<br>La mem\u00f2ria que es torna a presentar, persegueix transformar aquesta zona en un espai urb\u00e0 de trobada din\u00e0mica, que permeta la conviv\u00e8ncia intergeneracional i fomente la relaci\u00f3 social, alhora que contribu\u00efsca en la transici\u00f3 ecol\u00f2gica i lluita contra el canvi clim\u00e0tic.<br>D&#8217;una banda es busca la rehabilitaci\u00f3 arquitect\u00f2nica i energ\u00e8tica de l&#8217;antic edifici de l&#8217;estaci\u00f3 ferrovi\u00e0ria, per a poder destinar-ho a un \u00fas p\u00fablic polivalent de car\u00e0cter sociocultural, i per un altre es proposa la creaci\u00f3 en la zona verda d&#8217;una nova \u00e0rea infantil i estancial dotada amb bancs i elements d&#8217;ombra, creant un espai d&#8217;\u00fas generalitzat i flexible, que permeta la celebraci\u00f3 d&#8217;esdeveniments l\u00fadics o culturals en l&#8217;exterior.<br>Es tracta del segon any que l&#8217;Ajuntament es presenta a la convocat\u00f2ria d&#8217;aquesta ajuda per a la rehabilitaci\u00f3 d&#8217;edificis i l&#8217;adequaci\u00f3 de l&#8217;entorn constru\u00eft, en ser-li denegada l&#8217;any passat.<\/p>\n\n\n\n<p class=\"wp-block-paragraph\"><\/p>\n","protected":false},"excerpt":{"rendered":"<div class=\"mh-excerpt\">Per a assumir l&#8217;actuaci\u00f3 el projecte ha sigut presentat a la convocat\u00f2ria d&#8217;ajudes del Pla \u2018Conviure\u2019 del Consell i est\u00e0 valorat en m\u00e9s de mig mili\u00f3 d&#8217;euros. El projecte contempla la creaci\u00f3 d&#8217;una zona infantil <a class=\"mh-excerpt-more\" href=\"https:\/\/tucomarca.whitekongsoftware.com\/ca\/benaguasil-presenta-a-la-generalitat-valenciana-el-projecte-per-a-rehabilitar-la-antiga-estacio-de-dalt\/\" title=\"Benaguasil presenta a la Generalitat Valenciana el projecte per a rehabilitar la Antiga Estaci\u00f3 de Dalt\">[+] <\/a><\/div>\n","protected":false},"author":12,"featured_media":155888,"comment_status":"open","ping_status":"open","sticky":false,"template":"","format":"standard","meta":{"footnotes":""},"categories":[10952,10892,10898,10948,10894,10947,10896],"tags":[16991,11136,10899,13261],"class_list":["post-155892","post","type-post","status-publish","format-standard","has-post-thumbnail","category-benaguasil-ca","category-camp-de-turia-ca","category-ventana-ca","category-infraestructuras-ca","category-la-comarca-ca","category-politica","category-seccion-ca","tag-antiga-estacio-de-dalt-ca","tag-benaguasil-ca","tag-camp-de-turia-ca","tag-rehabilitacion-ca"],"_links":{"self":[{"href":"https:\/\/tucomarca.whitekongsoftware.com\/ca\/wp-json\/wp\/v2\/posts\/155892","targetHints":{"allow":["GET"]}}],"collection":[{"href":"https:\/\/tucomarca.whitekongsoftware.com\/ca\/wp-json\/wp\/v2\/posts"}],"about":[{"href":"https:\/\/tucomarca.whitekongsoftware.com\/ca\/wp-json\/wp\/v2\/types\/post"}],"author":[{"embeddable":true,"href":"https:\/\/tucomarca.whitekongsoftware.com\/ca\/wp-json\/wp\/v2\/users\/12"}],"replies":[{"embeddable":true,"href":"https:\/\/tucomarca.whitekongsoftware.com\/ca\/wp-json\/wp\/v2\/comments?post=155892"}],"version-history":[{"count":0,"href":"https:\/\/tucomarca.whitekongsoftware.com\/ca\/wp-json\/wp\/v2\/posts\/155892\/revisions"}],"wp:featuredmedia":[{"embeddable":true,"href":"https:\/\/tucomarca.whitekongsoftware.com\/ca\/wp-json\/wp\/v2\/media\/155888"}],"wp:attachment":[{"href":"https:\/\/tucomarca.whitekongsoftware.com\/ca\/wp-json\/wp\/v2\/media?parent=155892"}],"wp:term":[{"taxonomy":"category","embeddable":true,"href":"https:\/\/tucomarca.whitekongsoftware.com\/ca\/wp-json\/wp\/v2\/categories?post=155892"},{"taxonomy":"post_tag","embeddable":true,"href":"https:\/\/tucomarca.whitekongsoftware.com\/ca\/wp-json\/wp\/v2\/tags?post=155892"}],"curies":[{"name":"wp","href":"https:\/\/api.w.org\/{rel}","templated":true}]}}