{"id":155850,"date":"2022-04-28T10:00:00","date_gmt":"2022-04-28T08:00:00","guid":{"rendered":"http:\/\/www.tucomarca.com\/wordpress\/segunda\/?p=155850"},"modified":"2022-04-28T22:43:27","modified_gmt":"2022-04-28T20:43:27","slug":"el-pp-de-requena-demana-que-sarregle-amb-urgencia-la-vorera-de-lavinguda-constitucio","status":"publish","type":"post","link":"https:\/\/tucomarca.whitekongsoftware.com\/ca\/el-pp-de-requena-demana-que-sarregle-amb-urgencia-la-vorera-de-lavinguda-constitucio\/","title":{"rendered":"El PP de Requena demana que s&#8217;arregle amb urg\u00e8ncia la vorera de l&#8217;Avinguda Constituci\u00f3"},"content":{"rendered":"\n<h4 class=\"wp-block-heading\">Afirmen que la zona dels plataners &#8220;mostra la visible deterioraci\u00f3 de les rajoles que formen la vorera&#8221;<\/h4>\n\n\n\n<p class=\"wp-block-paragraph\">El Partit Popular demana que s&#8217;arreglen amb urg\u00e8ncia les rajoles situades en l&#8217;Avinguda Constituci\u00f3. Concretament, en el tram existent entre el pont de Val\u00e8ncia i la farm\u00e0cia de Sant Nicol\u00e1s, on els plataners provoquen una gran deterioraci\u00f3 de la vorera. Aquest important tram, utilitzat pels vianants que van caminant del nucli urb\u00e0 a l&#8217;hospital, &#8220;ha ocasionat diferents caigudes, que fins i tot han arribat a haver de lamentar fractures \u00f2ssies en alguns dels nostres ve\u00efns, provocades pels diferents desperfectes de les voreres&#8221; afirmen els populars.&nbsp;<br>Des del Partit Popular &#8220;considerem urgent l&#8217;arranjament de les rajoles que porten en mal estat tant de temps&#8221; manifesten. I atribueixen el problema al &#8220;desinter\u00e9s i la falta de manteniment a la qual ens t\u00e9 acostumats l&#8217;equip de govern, que t\u00e9 unes conseq\u00fc\u00e8ncies molt greus per als nostres ciutadans, sobretot per als m\u00e9s majors que s\u00f3n la majoria dels qui freq\u00fcenten la zona, per la qual cosa \u00e9s necessari solucionar-ho immediatament&#8221;.<\/p>\n\n\n\n<p class=\"wp-block-paragraph\"><\/p>\n","protected":false},"excerpt":{"rendered":"<div class=\"mh-excerpt\">Afirmen que la zona dels plataners &#8220;mostra la visible deterioraci\u00f3 de les rajoles que formen la vorera&#8221; El Partit Popular demana que s&#8217;arreglen amb urg\u00e8ncia les rajoles situades en l&#8217;Avinguda Constituci\u00f3. Concretament, en el tram <a class=\"mh-excerpt-more\" href=\"https:\/\/tucomarca.whitekongsoftware.com\/ca\/el-pp-de-requena-demana-que-sarregle-amb-urgencia-la-vorera-de-lavinguda-constitucio\/\" title=\"El PP de Requena demana que s&#8217;arregle amb urg\u00e8ncia la vorera de l&#8217;Avinguda Constituci\u00f3\">[+] <\/a><\/div>\n","protected":false},"author":12,"featured_media":155849,"comment_status":"open","ping_status":"open","sticky":false,"template":"","format":"standard","meta":{"footnotes":""},"categories":[10948,10894,10947,10908,10909,10896],"tags":[16656,11099,10910],"class_list":["post-155850","post","type-post","status-publish","format-standard","has-post-thumbnail","category-infraestructuras-ca","category-la-comarca-ca","category-politica","category-requena-ca","category-requena-utiel-ca","category-seccion-ca","tag-pp-de-requena-ca","tag-requena-ca","tag-requena-utiel-ca"],"_links":{"self":[{"href":"https:\/\/tucomarca.whitekongsoftware.com\/ca\/wp-json\/wp\/v2\/posts\/155850","targetHints":{"allow":["GET"]}}],"collection":[{"href":"https:\/\/tucomarca.whitekongsoftware.com\/ca\/wp-json\/wp\/v2\/posts"}],"about":[{"href":"https:\/\/tucomarca.whitekongsoftware.com\/ca\/wp-json\/wp\/v2\/types\/post"}],"author":[{"embeddable":true,"href":"https:\/\/tucomarca.whitekongsoftware.com\/ca\/wp-json\/wp\/v2\/users\/12"}],"replies":[{"embeddable":true,"href":"https:\/\/tucomarca.whitekongsoftware.com\/ca\/wp-json\/wp\/v2\/comments?post=155850"}],"version-history":[{"count":0,"href":"https:\/\/tucomarca.whitekongsoftware.com\/ca\/wp-json\/wp\/v2\/posts\/155850\/revisions"}],"wp:featuredmedia":[{"embeddable":true,"href":"https:\/\/tucomarca.whitekongsoftware.com\/ca\/wp-json\/wp\/v2\/media\/155849"}],"wp:attachment":[{"href":"https:\/\/tucomarca.whitekongsoftware.com\/ca\/wp-json\/wp\/v2\/media?parent=155850"}],"wp:term":[{"taxonomy":"category","embeddable":true,"href":"https:\/\/tucomarca.whitekongsoftware.com\/ca\/wp-json\/wp\/v2\/categories?post=155850"},{"taxonomy":"post_tag","embeddable":true,"href":"https:\/\/tucomarca.whitekongsoftware.com\/ca\/wp-json\/wp\/v2\/tags?post=155850"}],"curies":[{"name":"wp","href":"https:\/\/api.w.org\/{rel}","templated":true}]}}