{"id":155819,"date":"2022-04-29T10:05:00","date_gmt":"2022-04-29T08:05:00","guid":{"rendered":"http:\/\/www.tucomarca.com\/wordpress\/segunda\/?p=155819"},"modified":"2022-04-29T10:29:52","modified_gmt":"2022-04-29T08:29:52","slug":"torna-la-fira-agricola-i-de-comerc-de-turis-en-la-seua-xvii-edicio","status":"publish","type":"post","link":"https:\/\/tucomarca.whitekongsoftware.com\/ca\/torna-la-fira-agricola-i-de-comerc-de-turis-en-la-seua-xvii-edicio\/","title":{"rendered":"Torna la Fira Agr\u00edcola i de Comer\u00e7 de Tur\u00eds en la seua XVII edici\u00f3"},"content":{"rendered":"\n<h4 class=\"wp-block-heading\">Te lloc de divendres 29 d\u2019abril a l\u20191 de maig\u00a0<\/h4>\n\n\n\n<figure class=\"wp-block-image size-large\"><img loading=\"lazy\" decoding=\"async\" width=\"1024\" height=\"683\" src=\"http:\/\/www.tucomarca.com\/wordpress\/segunda\/wp-content\/uploads\/2022\/04\/FeriaTuris2-1024x683.jpg\" alt=\"\" class=\"wp-image-155816\" srcset=\"https:\/\/tucomarca.whitekongsoftware.com\/wp-content\/uploads\/2022\/04\/FeriaTuris2-1024x683.jpg 1024w, https:\/\/tucomarca.whitekongsoftware.com\/wp-content\/uploads\/2022\/04\/FeriaTuris2-300x200.jpg 300w, https:\/\/tucomarca.whitekongsoftware.com\/wp-content\/uploads\/2022\/04\/FeriaTuris2-768x512.jpg 768w, https:\/\/tucomarca.whitekongsoftware.com\/wp-content\/uploads\/2022\/04\/FeriaTuris2-1536x1024.jpg 1536w, https:\/\/tucomarca.whitekongsoftware.com\/wp-content\/uploads\/2022\/04\/FeriaTuris2-2048x1365.jpg 2048w\" sizes=\"auto, (max-width: 1024px) 100vw, 1024px\" \/><\/figure>\n\n\n\n<p class=\"wp-block-paragraph\">Tur\u00eds es retroba despr\u00e9s de dos anys amb la seua Fira Agr\u00edcola i de Comer\u00e7 en la que suposa la XVII edici\u00f3. Novament l\u2019espai expositiu ocupar\u00e0 el tram central de l\u2019avinguda Corts Valencianes per tal que els aproximadament quaranta expositors mostren tota mena de productes entre comer\u00e7os, maquin\u00e0ria, automoci\u00f3, vivers i mobiliari de jard\u00ed entre moltes altres coses.<\/p>\n\n\n\n<p class=\"wp-block-paragraph\">L\u2019obertura oficial tindr\u00e0 lloc dem\u00e0 divendres a les 19.30 h en el portal de la fira a c\u00e0rrec de la Regina de les Festes, Mar\u00eda S\u00e1nchez Gonz\u00e1lez, que protagonitzar\u00e0 aix\u00ed amb el vestit tradicional de tainera, junt amb la seua Cort d\u2019honor, un acte que es qued\u00e0 pendent a causa de la pand\u00e8mia.<\/p>\n\n\n\n<p class=\"wp-block-paragraph\">Junt amb les autoritats locals, comarcals i sindicats agraris tamb\u00e9 est\u00e0 prevista l\u2019assist\u00e8ncia de Roger Llanes, secretari Auton\u00f2mic d&#8217;Agricultura i Desenvolupament Rural, i Antoni Quintana, Dtor. General d&#8217;Agricultura, Ramaderia i Pesca.<\/p>\n\n\n\n<p class=\"wp-block-paragraph\">L&#8217;alcalde i titular d&#8217;Agricultura, Eugenio Forta\u00f1a, ha destacat com en estos anys \u201cs\u2019hi ha mant\u00e9s l\u2019\u00e0nim per fer fira, i mostra d\u2019aix\u00f2 \u00e9s que no solament es mant\u00e9 el nombre d\u2019expositors sin\u00f3 que augmenta respecte a 2019\u201d.<\/p>\n\n\n\n<p class=\"wp-block-paragraph\">Durant estos dies, pr\u00e0cticament tot Tur\u00eds es volca per oferir la millor cara al visitant. I a banda de disposar d\u2019una gran i variada oferta comercial associacions com les Ames de Casa, l\u2019Agrupaci\u00f3 Cultural, l\u2019Associaci\u00f3 de Comerciants i les comissions falleres contribueixen a dinamitzar la fira.<\/p>\n\n\n\n<p class=\"wp-block-paragraph\">Contacontes i animaci\u00f3 per a la gent menuda, completen les activitats sense oblidar la destacada participaci\u00f3 de Caixatur\u00eds, La Turisana i el tast-maridatge que organitza l&#8217;Ajuntament junt amb la cooperativa La Baron\u00eda i Dulces Filiberto.<\/p>\n\n\n\n<p class=\"wp-block-paragraph\">Tots els horaris i expositors es poden consultar en la p\u00e0gina web municipal <a href=\"http:\/\/www.turis.es\">www.turis.es<\/a>. Una cita que compta amb el suport de Val\u00e8ncia Turisme i la Conselleria d\u2019Economia sostenible, Sectors productius, Comer\u00e7 i Treball.<\/p>\n\n\n\n<p class=\"wp-block-paragraph\">Tur\u00eds se reencuentra despu\u00e9s de dos a\u00f1os con su Feria Agr\u00edcola y de Comercio en la que supone la XVII edici\u00f3n. Nuevamente el espacio expositivo ocupar\u00e1 el tramo central de la avenida Corts Valencianes para que los aproximadamente cuarenta expositores muestren todo tipo de productos entre comercios, maquinaria, automoci\u00f3n, viveros y mobiliario de jard\u00edn entre otras muchas cosas.<\/p>\n\n\n\n<p class=\"wp-block-paragraph\">La apertura oficial tendr\u00e1 lugar ma\u00f1ana viernes a las 19.30 h en el portal de la feria a cargo de la Reina de las Fiestas, Mar\u00eda S\u00e1nchez Gonz\u00e1lez, que protagonizar\u00e1 as\u00ed, con el traje tradicional de tainera, junto con su Corte de honor, un acto que se qued\u00f3 pendiente a causa de la pandemia.<\/p>\n\n\n\n<p class=\"wp-block-paragraph\">Junto a las autoridades locales, comarcales y sindicatos agrarios tambi\u00e9n est\u00e1 prevista la asistencia de Roger Llanes, secretario Auton\u00f3mico de Agricultura y Desarrollo Rural, y Antoni Quintana, Dtor. General de Agricultura, Ganader\u00eda y Pesca.<\/p>\n\n\n\n<p class=\"wp-block-paragraph\">El alcalde y titular de Agricultura, Eugenio Forta\u00f1a, ha destacado c\u00f3mo en estos a\u00f1os \u201cse ha mantenido el \u00e1nimo por hacer feria, y muestra de esto es que no solo se mantiene el n\u00famero de expositores sino que aumenta respecto a 2019\u201d.<\/p>\n\n\n\n<p class=\"wp-block-paragraph\">Durante estos d\u00edas, pr\u00e1cticamente todo Tur\u00eds se vuelca para ofrecer la mejor cara al visitante. Y adem\u00e1s de disponer de una gran y variada oferta comercial, asociaciones como las Amas de Casa, la Agrupaci\u00f3n Cultural, la Asociaci\u00f3n de Comerciantes y las comisiones falleras contribuyen a dinamizar la feria.<\/p>\n\n\n\n<p class=\"wp-block-paragraph\">Cuentacuentos y animaci\u00f3n para ni\u00f1os y ni\u00f1as completan las actividades, sin olvidar la destacada participaci\u00f3n de Caixatur\u00eds, La Turisana y la cata-maridaje que organiza el Ayuntamiento junto con la cooperativa La Baron\u00eda y Dulces Filiberto.<\/p>\n\n\n\n<p class=\"wp-block-paragraph\">Todos los horarios y expositores se pueden consultar en la p\u00e1gina web municipal www.turis.es. Una cita que cuenta con el apoyo de Val\u00e8ncia Turismo y la Conselleria de Econom\u00eda sostenible, Sectores productivos, Comercio y Trabajo.<\/p>\n","protected":false},"excerpt":{"rendered":"<div class=\"mh-excerpt\">Te lloc de divendres 29 d\u2019abril a l\u20191 de maig\u00a0 Tur\u00eds es retroba despr\u00e9s de dos anys amb la seua Fira Agr\u00edcola i de Comer\u00e7 en la que suposa la XVII edici\u00f3. Novament l\u2019espai expositiu <a class=\"mh-excerpt-more\" href=\"https:\/\/tucomarca.whitekongsoftware.com\/ca\/torna-la-fira-agricola-i-de-comerc-de-turis-en-la-seua-xvii-edicio\/\" title=\"Torna la Fira Agr\u00edcola i de Comer\u00e7 de Tur\u00eds en la seua XVII edici\u00f3\">[+] <\/a><\/div>\n","protected":false},"author":12,"featured_media":155815,"comment_status":"open","ping_status":"open","sticky":false,"template":"","format":"standard","meta":{"footnotes":""},"categories":[11019,10898,10948,10894,10902,11007,10896,11047],"tags":[16983,16984,11356,16971],"class_list":["post-155819","post","type-post","status-publish","format-standard","has-post-thumbnail","category-agenda-ca","category-ventana-ca","category-infraestructuras-ca","category-la-comarca-ca","category-la-ribera-ca","category-ocio-y-cultura-ca","category-seccion-ca","category-turis-ca","tag-ajuntament-de-turis-2-ca","tag-feria-agricola-y-de-comercio-ca","tag-ribera-alta-ca","tag-xvii-feria-agricola-de-turis-ca"],"_links":{"self":[{"href":"https:\/\/tucomarca.whitekongsoftware.com\/ca\/wp-json\/wp\/v2\/posts\/155819","targetHints":{"allow":["GET"]}}],"collection":[{"href":"https:\/\/tucomarca.whitekongsoftware.com\/ca\/wp-json\/wp\/v2\/posts"}],"about":[{"href":"https:\/\/tucomarca.whitekongsoftware.com\/ca\/wp-json\/wp\/v2\/types\/post"}],"author":[{"embeddable":true,"href":"https:\/\/tucomarca.whitekongsoftware.com\/ca\/wp-json\/wp\/v2\/users\/12"}],"replies":[{"embeddable":true,"href":"https:\/\/tucomarca.whitekongsoftware.com\/ca\/wp-json\/wp\/v2\/comments?post=155819"}],"version-history":[{"count":0,"href":"https:\/\/tucomarca.whitekongsoftware.com\/ca\/wp-json\/wp\/v2\/posts\/155819\/revisions"}],"wp:featuredmedia":[{"embeddable":true,"href":"https:\/\/tucomarca.whitekongsoftware.com\/ca\/wp-json\/wp\/v2\/media\/155815"}],"wp:attachment":[{"href":"https:\/\/tucomarca.whitekongsoftware.com\/ca\/wp-json\/wp\/v2\/media?parent=155819"}],"wp:term":[{"taxonomy":"category","embeddable":true,"href":"https:\/\/tucomarca.whitekongsoftware.com\/ca\/wp-json\/wp\/v2\/categories?post=155819"},{"taxonomy":"post_tag","embeddable":true,"href":"https:\/\/tucomarca.whitekongsoftware.com\/ca\/wp-json\/wp\/v2\/tags?post=155819"}],"curies":[{"name":"wp","href":"https:\/\/api.w.org\/{rel}","templated":true}]}}