{"id":155751,"date":"2022-04-29T10:13:00","date_gmt":"2022-04-29T08:13:00","guid":{"rendered":"http:\/\/www.tucomarca.com\/wordpress\/segunda\/?p=155751"},"modified":"2022-04-29T10:17:03","modified_gmt":"2022-04-29T08:17:03","slug":"fotogaleria-emocionado-reconocimiento-en-alborache-a-manuel-enfermo-de-ela-por-la-banda-la-primitiva-bikers-por-la-ela-y-vecinos","status":"publish","type":"post","link":"https:\/\/tucomarca.whitekongsoftware.com\/ca\/fotogaleria-emocionado-reconocimiento-en-alborache-a-manuel-enfermo-de-ela-por-la-banda-la-primitiva-bikers-por-la-ela-y-vecinos\/","title":{"rendered":"Fotogaler\u00eda: emocionat reconeixement a Alboraig a Manuel, malalt d&#8217;ELA, per la banda &#8216;La Primitiva&#8217;, Bikers per l&#8217;ELA i ve\u00efns"},"content":{"rendered":"\n<p class=\"wp-block-paragraph\">Tant Manuel Roca com les persones que ho volen no podran oblidar el seu gran somriure en ser homenatjat amb els pasdobles de la SIM &#8220;La Primitiva&#8221; d&#8217;Alboraig, la calor de la seua fam\u00edlia, ve\u00efns i amics del poble d&#8217;Alboraig aix\u00ed com la visita de les delegacions de Madrid i Val\u00e8ncia de Bikers per l&#8217;ELA Espanya (BELA) i de Custom 125 Val\u00e8ncia.<\/p>\n\n\n\n<p class=\"wp-block-paragraph\">Diversos delegats de BELA de diferents prov\u00edncies es van despla\u00e7ar fins a Alboraig dissabte passat 23 d&#8217;abril, per a homenatjar a Manuel, gran aficionat a les motos i afectat per l&#8217;ELA, fent aquesta ruta per a donar visibilitat a aquesta cruel malaltia i als qui la pateixen; i d&#8217;aquesta manera donar-li una gran sorpresa.<\/p>\n\n\n\n<p class=\"wp-block-paragraph\">BELA (@bikersporlaela) naix com un moviment civil de car\u00e0cter voluntari que conjumina a un grup de persones amb dos interessos b\u00e0sics comuns, en primer lloc el seu amor al motociclisme i el seu comprom\u00eds i sensibilitat davant la lluita incansable dels malalts diagnosticats per ELA (Esclerosi Lateral Amiotr\u00f2fica) en les seues justes pretensions de visibilitzar i informar la societat civil, pol\u00edtics i motors econ\u00f2mics i socials de la seua situaci\u00f3, la dels seus familiars i cuidadors.<\/p>\n\n\n\n<p class=\"wp-block-paragraph\">&#8220;Amb la solidaritat s&#8217;aconsegueix que s&#8217;invertisca en investigaci\u00f3 i a fer que el dia a dia dels afectats siga de qualitat. Mentrestant amb el rugir de les nostres muntures crearem somriures&#8221;, afirmen des de l&#8217;organitzaci\u00f3.<\/p>\n\n\n\n<p class=\"wp-block-paragraph\">Qualsevol persona que vulga contribuir amb donacions o ajuda als organitzadors poden fer-ho a trav\u00e9s de (\u00c1frika 652446070 per WhatsApp) i comprant n\u00fameros per a un sorteig que es far\u00e0 els dies 30 i 31 de maig on es premiar\u00e0 amb &#8220;un pernil per una bona acci\u00f3&#8221; al qual tinga les tres \u00faltimes xifres del n\u00famero premiat en l&#8217;ONCE.<\/p>\n\n\n\n<p class=\"wp-block-paragraph\">Aquestes participacions estan disponibles en diversos establiments de Bunyol i Alboraig. Les donacions solid\u00e0ries per a Manuel es recolliran per l&#8217;associaci\u00f3 Custom Val\u00e8ncia dels comer\u00e7os participants.<\/p>\n\n\n\n<p class=\"wp-block-paragraph\">Des de l&#8217;organitzaci\u00f3 es vol &#8220;donar les gr\u00e0cies a tots els establiments de Bunyol i Alboraig que han col\u00b7laborat d&#8217;una forma o una altra, a totes les persones que han fet donacions al compte de Manuel (ES70 2100 8845 1413 0028 7678) i a tot aquell que ha contribu\u00eft a la causa comprant n\u00fameros per als sortejos de &#8216;Un pernil per una bona acci\u00f3&#8217; que estaran en venda fins al 31 de maig&#8221;.<\/p>\n\n\n\n<p class=\"wp-block-paragraph\">&#8220;Mil vegades gr\u00e0cies per fer que nostre volgut Manuel tinguera un dels millors dies de la seua vida i per donar visibilitat a la terrible ELA&#8221;, han manifestat des de l&#8217;organitzaci\u00f3.<\/p>\n\n\n\n<p class=\"wp-block-paragraph\">&#8220;L&#8217;associaci\u00f3 aprofita per a informar que necessita un &#8216;vaixell accessible amb patr\u00f3 perqu\u00e8 Manuel puga gaudir d&#8217;una estona agradable navegant. Si teniu informaci\u00f3 sobre aquest tema poseu-vos en contacte per WhatsApp amb (\u00c1frika 652446070). L&#8217;ELA existeix, coneix-la&#8217;, &#8216;Quecadakilometrosume'&#8221;, han finalitzat.<\/p>\n\n\n\n<figure class=\"wp-block-gallery columns-2 is-cropped wp-block-gallery-1 is-layout-flex wp-block-gallery-is-layout-flex\"><ul class=\"blocks-gallery-grid\"><li class=\"blocks-gallery-item\"><figure><img loading=\"lazy\" decoding=\"async\" width=\"768\" height=\"1024\" src=\"http:\/\/www.tucomarca.com\/wordpress\/segunda\/wp-content\/uploads\/2022\/04\/Alborache_BELA01-768x1024.jpg\" alt=\"\" data-id=\"155738\" data-full-url=\"http:\/\/www.tucomarca.com\/wordpress\/segunda\/wp-content\/uploads\/2022\/04\/Alborache_BELA01.jpg\" data-link=\"http:\/\/www.tucomarca.com\/wordpress\/segunda\/?attachment_id=155738\" class=\"wp-image-155738\" srcset=\"https:\/\/tucomarca.whitekongsoftware.com\/wp-content\/uploads\/2022\/04\/Alborache_BELA01-768x1024.jpg 768w, https:\/\/tucomarca.whitekongsoftware.com\/wp-content\/uploads\/2022\/04\/Alborache_BELA01-225x300.jpg 225w, https:\/\/tucomarca.whitekongsoftware.com\/wp-content\/uploads\/2022\/04\/Alborache_BELA01.jpg 886w\" sizes=\"auto, (max-width: 768px) 100vw, 768px\" \/><\/figure><\/li><li class=\"blocks-gallery-item\"><figure><img loading=\"lazy\" decoding=\"async\" width=\"768\" height=\"1024\" src=\"http:\/\/www.tucomarca.com\/wordpress\/segunda\/wp-content\/uploads\/2022\/04\/Alborache_BELA03-768x1024.jpg\" alt=\"\" data-id=\"155742\" data-full-url=\"http:\/\/www.tucomarca.com\/wordpress\/segunda\/wp-content\/uploads\/2022\/04\/Alborache_BELA03.jpg\" data-link=\"http:\/\/www.tucomarca.com\/wordpress\/segunda\/?attachment_id=155742\" class=\"wp-image-155742\" srcset=\"https:\/\/tucomarca.whitekongsoftware.com\/wp-content\/uploads\/2022\/04\/Alborache_BELA03-768x1024.jpg 768w, https:\/\/tucomarca.whitekongsoftware.com\/wp-content\/uploads\/2022\/04\/Alborache_BELA03-225x300.jpg 225w, https:\/\/tucomarca.whitekongsoftware.com\/wp-content\/uploads\/2022\/04\/Alborache_BELA03-1152x1536.jpg 1152w, https:\/\/tucomarca.whitekongsoftware.com\/wp-content\/uploads\/2022\/04\/Alborache_BELA03.jpg 1181w\" sizes=\"auto, (max-width: 768px) 100vw, 768px\" \/><\/figure><\/li><li class=\"blocks-gallery-item\"><figure><img loading=\"lazy\" decoding=\"async\" width=\"1024\" height=\"576\" src=\"http:\/\/www.tucomarca.com\/wordpress\/segunda\/wp-content\/uploads\/2022\/04\/Alborache_BELA04-1024x576.jpg\" alt=\"\" data-id=\"155748\" data-full-url=\"http:\/\/www.tucomarca.com\/wordpress\/segunda\/wp-content\/uploads\/2022\/04\/Alborache_BELA04.jpg\" data-link=\"http:\/\/www.tucomarca.com\/wordpress\/segunda\/?attachment_id=155748\" class=\"wp-image-155748\" srcset=\"https:\/\/tucomarca.whitekongsoftware.com\/wp-content\/uploads\/2022\/04\/Alborache_BELA04-1024x576.jpg 1024w, https:\/\/tucomarca.whitekongsoftware.com\/wp-content\/uploads\/2022\/04\/Alborache_BELA04-300x169.jpg 300w, https:\/\/tucomarca.whitekongsoftware.com\/wp-content\/uploads\/2022\/04\/Alborache_BELA04-768x432.jpg 768w, https:\/\/tucomarca.whitekongsoftware.com\/wp-content\/uploads\/2022\/04\/Alborache_BELA04-678x381.jpg 678w, https:\/\/tucomarca.whitekongsoftware.com\/wp-content\/uploads\/2022\/04\/Alborache_BELA04.jpg 1181w\" sizes=\"auto, (max-width: 1024px) 100vw, 1024px\" \/><\/figure><\/li><li class=\"blocks-gallery-item\"><figure><img loading=\"lazy\" decoding=\"async\" width=\"1024\" height=\"460\" src=\"http:\/\/www.tucomarca.com\/wordpress\/segunda\/wp-content\/uploads\/2022\/04\/Alborache_BELA07-1024x460.jpg\" alt=\"\" data-id=\"155744\" data-full-url=\"http:\/\/www.tucomarca.com\/wordpress\/segunda\/wp-content\/uploads\/2022\/04\/Alborache_BELA07.jpg\" data-link=\"http:\/\/www.tucomarca.com\/wordpress\/segunda\/?attachment_id=155744\" class=\"wp-image-155744\" srcset=\"https:\/\/tucomarca.whitekongsoftware.com\/wp-content\/uploads\/2022\/04\/Alborache_BELA07-1024x460.jpg 1024w, https:\/\/tucomarca.whitekongsoftware.com\/wp-content\/uploads\/2022\/04\/Alborache_BELA07-300x135.jpg 300w, https:\/\/tucomarca.whitekongsoftware.com\/wp-content\/uploads\/2022\/04\/Alborache_BELA07-768x345.jpg 768w, https:\/\/tucomarca.whitekongsoftware.com\/wp-content\/uploads\/2022\/04\/Alborache_BELA07.jpg 1181w\" sizes=\"auto, (max-width: 1024px) 100vw, 1024px\" \/><\/figure><\/li><li class=\"blocks-gallery-item\"><figure><img loading=\"lazy\" decoding=\"async\" width=\"1024\" height=\"460\" src=\"http:\/\/www.tucomarca.com\/wordpress\/segunda\/wp-content\/uploads\/2022\/04\/Alborache_BELA06-1024x460.jpg\" alt=\"\" data-id=\"155746\" data-full-url=\"http:\/\/www.tucomarca.com\/wordpress\/segunda\/wp-content\/uploads\/2022\/04\/Alborache_BELA06.jpg\" data-link=\"http:\/\/www.tucomarca.com\/wordpress\/segunda\/?attachment_id=155746\" class=\"wp-image-155746\" srcset=\"https:\/\/tucomarca.whitekongsoftware.com\/wp-content\/uploads\/2022\/04\/Alborache_BELA06-1024x460.jpg 1024w, https:\/\/tucomarca.whitekongsoftware.com\/wp-content\/uploads\/2022\/04\/Alborache_BELA06-300x135.jpg 300w, https:\/\/tucomarca.whitekongsoftware.com\/wp-content\/uploads\/2022\/04\/Alborache_BELA06-768x345.jpg 768w, https:\/\/tucomarca.whitekongsoftware.com\/wp-content\/uploads\/2022\/04\/Alborache_BELA06.jpg 1181w\" sizes=\"auto, (max-width: 1024px) 100vw, 1024px\" \/><\/figure><\/li><\/ul><\/figure>\n","protected":false},"excerpt":{"rendered":"<div class=\"mh-excerpt\">Tant Manuel Roca com les persones que ho volen no podran oblidar el seu gran somriure en ser homenatjat amb els pasdobles de la SIM &#8220;La Primitiva&#8221; d&#8217;Alboraig, la calor de la seua fam\u00edlia, ve\u00efns <a class=\"mh-excerpt-more\" href=\"https:\/\/tucomarca.whitekongsoftware.com\/ca\/fotogaleria-emocionado-reconocimiento-en-alborache-a-manuel-enfermo-de-ela-por-la-banda-la-primitiva-bikers-por-la-ela-y-vecinos\/\" title=\"Fotogaler\u00eda: emocionat reconeixement a Alboraig a Manuel, malalt d&#8217;ELA, per la banda &#8216;La Primitiva&#8217;, Bikers per l&#8217;ELA i ve\u00efns\">[+] <\/a><\/div>\n","protected":false},"author":12,"featured_media":155741,"comment_status":"open","ping_status":"open","sticky":false,"template":"","format":"gallery","meta":{"footnotes":""},"categories":[10973,10911,10894,10912,10896],"tags":[11224,16980,10914,12474],"class_list":["post-155751","post","type-post","status-publish","format-gallery","has-post-thumbnail","category-alborache-ca","category-bunol-ca","category-la-comarca-ca","category-la-hoya-ca","category-seccion-ca","tag-alborache-ca","tag-bikers-por-la-ela-ca","tag-la-hoya-de-bunol-chiva-ca","tag-sim-la-primitiva-de-alborache-ca","post_format-post-format-gallery"],"_links":{"self":[{"href":"https:\/\/tucomarca.whitekongsoftware.com\/ca\/wp-json\/wp\/v2\/posts\/155751","targetHints":{"allow":["GET"]}}],"collection":[{"href":"https:\/\/tucomarca.whitekongsoftware.com\/ca\/wp-json\/wp\/v2\/posts"}],"about":[{"href":"https:\/\/tucomarca.whitekongsoftware.com\/ca\/wp-json\/wp\/v2\/types\/post"}],"author":[{"embeddable":true,"href":"https:\/\/tucomarca.whitekongsoftware.com\/ca\/wp-json\/wp\/v2\/users\/12"}],"replies":[{"embeddable":true,"href":"https:\/\/tucomarca.whitekongsoftware.com\/ca\/wp-json\/wp\/v2\/comments?post=155751"}],"version-history":[{"count":0,"href":"https:\/\/tucomarca.whitekongsoftware.com\/ca\/wp-json\/wp\/v2\/posts\/155751\/revisions"}],"wp:featuredmedia":[{"embeddable":true,"href":"https:\/\/tucomarca.whitekongsoftware.com\/ca\/wp-json\/wp\/v2\/media\/155741"}],"wp:attachment":[{"href":"https:\/\/tucomarca.whitekongsoftware.com\/ca\/wp-json\/wp\/v2\/media?parent=155751"}],"wp:term":[{"taxonomy":"category","embeddable":true,"href":"https:\/\/tucomarca.whitekongsoftware.com\/ca\/wp-json\/wp\/v2\/categories?post=155751"},{"taxonomy":"post_tag","embeddable":true,"href":"https:\/\/tucomarca.whitekongsoftware.com\/ca\/wp-json\/wp\/v2\/tags?post=155751"}],"curies":[{"name":"wp","href":"https:\/\/api.w.org\/{rel}","templated":true}]}}