{"id":155729,"date":"2022-04-27T21:00:00","date_gmt":"2022-04-27T19:00:00","guid":{"rendered":"http:\/\/www.tucomarca.com\/wordpress\/segunda\/?p=155729"},"modified":"2022-04-27T22:59:41","modified_gmt":"2022-04-27T20:59:41","slug":"el-jove-tennista-bunyolense-javier-ballester-fitxa-pel-club-de-tennis-valencia-gracies-a-la-seua-gran-progressio-esportiva","status":"publish","type":"post","link":"https:\/\/tucomarca.whitekongsoftware.com\/ca\/el-jove-tennista-bunyolense-javier-ballester-fitxa-pel-club-de-tennis-valencia-gracies-a-la-seua-gran-progressio-esportiva\/","title":{"rendered":"El jove tennista bunyolense Javier Ballester fitxa pel Club de Tennis Val\u00e8ncia gr\u00e0cies a la seua gran progressi\u00f3 esportiva"},"content":{"rendered":"\n<p class=\"wp-block-paragraph\">Finalitza un gran mes per al tennista bu\u00f1olense d&#8217;11 anys Javier Ballester pels seus quatre assoliments aconseguits. El jove, que competeix des dels set anys, entrena quasi tots els dies mentre compagina els seus estudis de 6\u00e9 de Prim\u00e0ria en el col\u00b7legi Sagrada Fam\u00edlia-Talaia.<\/p>\n\n\n\n<p class=\"wp-block-paragraph\">Recentment, com a premi al seu esfor\u00e7 i dedicaci\u00f3 a aquest esport, el jove tennista ha rebut la not\u00edcia de ser fitxat pel Club de Tennis Val\u00e8ncia, seleccionat al costat dels millors de Val\u00e8ncia, Alacant i Castell\u00f3, Javier jugar\u00e0 per equips amb les mires posades a participar en el campionat d&#8217;Espanya.<\/p>\n\n\n\n<p class=\"wp-block-paragraph\">En el que va d&#8217;any ha viatjat a Can\u00e0ries i a Barcelona per a disputar amb els millors jugadors d&#8217;Espanya el prestigi\u00f3s torneig Rafa Nadal.<\/p>\n\n\n\n<p class=\"wp-block-paragraph\">S&#8217;ha classificat per a jugar el Campionat Regional Infantil, en arribar a semifinals en una categoria superior a la seua.<\/p>\n\n\n\n<p class=\"wp-block-paragraph\">Ha sigut finalista en el Torneig Internacional Champions Bowl a Val\u00e8ncia, i ha guanyat el torneig Marca Challengue Joves Promeses a Sueca, imposant-se amb una folgada vict\u00f2ria en la final, derrotant al n\u00famero u del torneig.\u00a0<\/p>\n","protected":false},"excerpt":{"rendered":"<div class=\"mh-excerpt\">Finalitza un gran mes per al tennista bu\u00f1olense d&#8217;11 anys Javier Ballester pels seus quatre assoliments aconseguits. El jove, que competeix des dels set anys, entrena quasi tots els dies mentre compagina els seus estudis <a class=\"mh-excerpt-more\" href=\"https:\/\/tucomarca.whitekongsoftware.com\/ca\/el-jove-tennista-bunyolense-javier-ballester-fitxa-pel-club-de-tennis-valencia-gracies-a-la-seua-gran-progressio-esportiva\/\" title=\"El jove tennista bunyolense Javier Ballester fitxa pel Club de Tennis Val\u00e8ncia gr\u00e0cies a la seua gran progressi\u00f3 esportiva\">[+] <\/a><\/div>\n","protected":false},"author":12,"featured_media":155727,"comment_status":"open","ping_status":"open","sticky":false,"template":"","format":"standard","meta":{"footnotes":""},"categories":[10911,11003,10894,10912,11009,10896],"tags":[10913,16977,16978,16979,10914,12392],"class_list":["post-155729","post","type-post","status-publish","format-standard","has-post-thumbnail","category-bunol-ca","category-sports","category-la-comarca-ca","category-la-hoya-ca","category-polideportivo-ca","category-seccion-ca","tag-bunol-ca","tag-club-de-tenis-valencia-ca","tag-javier-ballester-ca","tag-joven-tenista-bunolense-ca","tag-la-hoya-de-bunol-chiva-ca","tag-tenis-ca"],"_links":{"self":[{"href":"https:\/\/tucomarca.whitekongsoftware.com\/ca\/wp-json\/wp\/v2\/posts\/155729","targetHints":{"allow":["GET"]}}],"collection":[{"href":"https:\/\/tucomarca.whitekongsoftware.com\/ca\/wp-json\/wp\/v2\/posts"}],"about":[{"href":"https:\/\/tucomarca.whitekongsoftware.com\/ca\/wp-json\/wp\/v2\/types\/post"}],"author":[{"embeddable":true,"href":"https:\/\/tucomarca.whitekongsoftware.com\/ca\/wp-json\/wp\/v2\/users\/12"}],"replies":[{"embeddable":true,"href":"https:\/\/tucomarca.whitekongsoftware.com\/ca\/wp-json\/wp\/v2\/comments?post=155729"}],"version-history":[{"count":0,"href":"https:\/\/tucomarca.whitekongsoftware.com\/ca\/wp-json\/wp\/v2\/posts\/155729\/revisions"}],"wp:featuredmedia":[{"embeddable":true,"href":"https:\/\/tucomarca.whitekongsoftware.com\/ca\/wp-json\/wp\/v2\/media\/155727"}],"wp:attachment":[{"href":"https:\/\/tucomarca.whitekongsoftware.com\/ca\/wp-json\/wp\/v2\/media?parent=155729"}],"wp:term":[{"taxonomy":"category","embeddable":true,"href":"https:\/\/tucomarca.whitekongsoftware.com\/ca\/wp-json\/wp\/v2\/categories?post=155729"},{"taxonomy":"post_tag","embeddable":true,"href":"https:\/\/tucomarca.whitekongsoftware.com\/ca\/wp-json\/wp\/v2\/tags?post=155729"}],"curies":[{"name":"wp","href":"https:\/\/api.w.org\/{rel}","templated":true}]}}