{"id":155639,"date":"2022-04-26T16:00:00","date_gmt":"2022-04-26T14:00:00","guid":{"rendered":"http:\/\/www.tucomarca.com\/wordpress\/segunda\/?p=155639"},"modified":"2022-04-26T21:23:18","modified_gmt":"2022-04-26T19:23:18","slug":"mes-families-es-podran-beneficiar-de-la-bonificacio-de-taxes-del-conservatori-de-bunyol","status":"publish","type":"post","link":"https:\/\/tucomarca.whitekongsoftware.com\/ca\/mes-families-es-podran-beneficiar-de-la-bonificacio-de-taxes-del-conservatori-de-bunyol\/","title":{"rendered":"M\u00e9s fam\u00edlies es podran beneficiar de la bonificaci\u00f3 de taxes del conservatori de Bunyol"},"content":{"rendered":"\n<p class=\"wp-block-paragraph\">L&#8217;Ajuntament de Bunyol va celebrar ahir, dilluns, el ple ordinari corresponent al mes d&#8217;abril, en el qual es van aprovar unes modificacions en les taxes del conservatori de m\u00fasica que permetran que m\u00e9s fam\u00edlies pugues accedir a la bonificaci\u00f3 de fins al 50% d&#8217;aqueixes taxes en funci\u00f3 de la renda.<br>Tots els grups municipals van donar suport a la proposta de Govern de Bunyol, que beneficia a les fam\u00edlies nombroses i a les monoparentals.<br>A m\u00e9s, tamb\u00e9 es va comptar amb el suport de tots els grups municipals per a sol\u00b7licitar una ajuda de 40.000 euros a l&#8217;IVACE per al canvi de llumin\u00e0ries en zones industrials, la qual cosa suposa la instal\u00b7laci\u00f3 de tecnologia led, que permet estalvis considerables en el consum.<br>Tamb\u00e9 es va aprovar una modificaci\u00f3 en el Pla d&#8217;Igualtat Intern, igual que es va informar de la incorporaci\u00f3 a diverses comissions de la nova regidor de IAB, Irene Carri\u00f3n.<\/p>\n\n\n\n<figure class=\"wp-block-gallery columns-2 is-cropped wp-block-gallery-1 is-layout-flex wp-block-gallery-is-layout-flex\"><ul class=\"blocks-gallery-grid\"><li class=\"blocks-gallery-item\"><figure><img loading=\"lazy\" decoding=\"async\" width=\"1024\" height=\"1024\" src=\"http:\/\/www.tucomarca.com\/wordpress\/segunda\/wp-content\/uploads\/2022\/04\/PlenoBunol3-1024x1024.jpg\" alt=\"\" data-id=\"155635\" data-full-url=\"http:\/\/www.tucomarca.com\/wordpress\/segunda\/wp-content\/uploads\/2022\/04\/PlenoBunol3.jpg\" data-link=\"http:\/\/www.tucomarca.com\/wordpress\/segunda\/?attachment_id=155635\" class=\"wp-image-155635\" srcset=\"https:\/\/tucomarca.whitekongsoftware.com\/wp-content\/uploads\/2022\/04\/PlenoBunol3-1024x1024.jpg 1024w, https:\/\/tucomarca.whitekongsoftware.com\/wp-content\/uploads\/2022\/04\/PlenoBunol3-300x300.jpg 300w, https:\/\/tucomarca.whitekongsoftware.com\/wp-content\/uploads\/2022\/04\/PlenoBunol3-290x290.jpg 290w, https:\/\/tucomarca.whitekongsoftware.com\/wp-content\/uploads\/2022\/04\/PlenoBunol3-768x768.jpg 768w, https:\/\/tucomarca.whitekongsoftware.com\/wp-content\/uploads\/2022\/04\/PlenoBunol3.jpg 1181w\" sizes=\"auto, (max-width: 1024px) 100vw, 1024px\" \/><\/figure><\/li><li class=\"blocks-gallery-item\"><figure><img loading=\"lazy\" decoding=\"async\" width=\"1024\" height=\"1024\" src=\"http:\/\/www.tucomarca.com\/wordpress\/segunda\/wp-content\/uploads\/2022\/04\/PlenoBunol1-1024x1024.jpg\" alt=\"\" data-id=\"155637\" data-full-url=\"http:\/\/www.tucomarca.com\/wordpress\/segunda\/wp-content\/uploads\/2022\/04\/PlenoBunol1.jpg\" data-link=\"http:\/\/www.tucomarca.com\/wordpress\/segunda\/?attachment_id=155637\" class=\"wp-image-155637\" srcset=\"https:\/\/tucomarca.whitekongsoftware.com\/wp-content\/uploads\/2022\/04\/PlenoBunol1-1024x1024.jpg 1024w, https:\/\/tucomarca.whitekongsoftware.com\/wp-content\/uploads\/2022\/04\/PlenoBunol1-300x300.jpg 300w, https:\/\/tucomarca.whitekongsoftware.com\/wp-content\/uploads\/2022\/04\/PlenoBunol1-290x290.jpg 290w, https:\/\/tucomarca.whitekongsoftware.com\/wp-content\/uploads\/2022\/04\/PlenoBunol1-768x768.jpg 768w, https:\/\/tucomarca.whitekongsoftware.com\/wp-content\/uploads\/2022\/04\/PlenoBunol1.jpg 1181w\" sizes=\"auto, (max-width: 1024px) 100vw, 1024px\" \/><\/figure><\/li><\/ul><\/figure>\n\n\n\n<p class=\"wp-block-paragraph\"><strong>Resolucions<\/strong><br>En el torn de les resolucions d&#8217;alcaldia, a preguntes de l&#8217;oposici\u00f3, Rafa P\u00e9rez va explicar una inversi\u00f3 de 15.000 euros per a mobiliari urb\u00e0, destinat a bancs, taules de pic-nic, jardineres, tanques i papereres per a diversos punts del municipi.<br>Sobre el lloguer d&#8217;un local al Carrer Joaqu\u00edn Masmano, Juncal Carrascosa va explicar que es tracta d&#8217;una cosa provisional, fins que es licite un lloguer a m\u00e9s llarg termini, per a instal\u00b7lar en breu un punt de trobada familiar dotada per la Conselleria d&#8217;Igualtat. L&#8217;equip hum\u00e0 i t\u00e8cnic ja est\u00e0 disponible per a comen\u00e7ar a treballar a Bunyol i s&#8217;ha llogat provisionalment un local al no haver-hi espais p\u00fablics disponibles.<\/p>\n\n\n\n<p class=\"wp-block-paragraph\"><strong>Precs i preguntes<\/strong><br>A petici\u00f3 del PP, el regidor Rafael P\u00e9rez, va explicar l&#8217;estat de diverses obres i licitacions de l&#8217;asfaltat i reurbanitzaci\u00f3 de carrers. Sobre el Carrer Maestro Chap\u00ed, va explicar que l&#8217;obra d&#8217;aqueix carrer s&#8217;ha tret dues vegades a licitaci\u00f3 i ambdues ha quedat deserta, que ja s&#8217;est\u00e0 treballant en una actualitzaci\u00f3 del preu per a tornar a traure-la a concurs. De la resta de carrers el regidor va assegurar que el Govern \u00e9s conscient que n&#8217;hi ha en mal estat, que despr\u00e9s d&#8217;acabar el Carrer Cervantes se seguir\u00e0 amb G\u00f3mez Ferrer i Hern\u00e1n Cort\u00e9s. I tamb\u00e9 va afirmar que reurbanitzar voreres suposar\u00e0 un problema en alguns carrers, perqu\u00e8 amb el codi t\u00e8cnic a la m\u00e0, caldr\u00e0 suprimir moltes places d&#8217;aparcament en diversos carrers, d&#8217;aqu\u00ed ve que es vaja a esperar a tindre acabe el Pla de Mobilitat en dos mesos per a marcar les prioritats d&#8217;actuaci\u00f3.<br>Un altre tema que es va abordar va ser l&#8217;estat de les gestions amb altres administracions per a recaptar ajudes per a reparar els desperfectes de l&#8217;\u00faltim temporal. Juncal Carrascosa va assegurar que la reuni\u00f3 amb la Confederaci\u00f3 Hidrogr\u00e0fica del X\u00faquer s&#8217;ha retardat al pr\u00f2xim divendres, i que quant a les ajudes la Generalitat va demanar un informe t\u00e8cnic de danys que ja est\u00e0 en el seu poder, i que s&#8217;est\u00e0 a l&#8217;espera d&#8217;una soluci\u00f3 o una l\u00ednia d&#8217;ajudes.<br>Des de IAB es va preguntar per la reducci\u00f3 dels terminis de cremes agr\u00edcoles, que s&#8217;han acurtat, i que suposa un trastorn per a molts agricultors. Juncal Carrascosa va explicar que en el Pla de Prevenci\u00f3 d&#8217;Incendis aprovat l&#8217;any passat es regulaven les cremes agr\u00edcoles, i es van fixar per\u00edodes de 7 dies; va afegir que eren conscients que suposava un problema per a alguns usuaris un termini tan curt i que es revisar\u00e0 el pla per a esmenar-lo. Mentre s&#8217;estan signant di\u00e0riament autoritzacions de cremes perqu\u00e8 els usuaris tinguen les menors mol\u00e8sties possibles.<\/p>\n","protected":false},"excerpt":{"rendered":"<div class=\"mh-excerpt\">L&#8217;Ajuntament de Bunyol va celebrar ahir, dilluns, el ple ordinari corresponent al mes d&#8217;abril, en el qual es van aprovar unes modificacions en les taxes del conservatori de m\u00fasica que permetran que m\u00e9s fam\u00edlies pugues <a class=\"mh-excerpt-more\" href=\"https:\/\/tucomarca.whitekongsoftware.com\/ca\/mes-families-es-podran-beneficiar-de-la-bonificacio-de-taxes-del-conservatori-de-bunyol\/\" title=\"M\u00e9s fam\u00edlies es podran beneficiar de la bonificaci\u00f3 de taxes del conservatori de Bunyol\">[+] <\/a><\/div>\n","protected":false},"author":12,"featured_media":155632,"comment_status":"open","ping_status":"open","sticky":false,"template":"","format":"standard","meta":{"footnotes":""},"categories":[10911,10948,10894,10912,10947,10896],"tags":[10913,14677,10914,16714],"class_list":["post-155639","post","type-post","status-publish","format-standard","has-post-thumbnail","category-bunol-ca","category-infraestructuras-ca","category-la-comarca-ca","category-la-hoya-ca","category-politica","category-seccion-ca","tag-bunol-ca","tag-conservatorio-san-rafael-ca","tag-la-hoya-de-bunol-chiva-ca","tag-pleno-ordinario-ca"],"_links":{"self":[{"href":"https:\/\/tucomarca.whitekongsoftware.com\/ca\/wp-json\/wp\/v2\/posts\/155639","targetHints":{"allow":["GET"]}}],"collection":[{"href":"https:\/\/tucomarca.whitekongsoftware.com\/ca\/wp-json\/wp\/v2\/posts"}],"about":[{"href":"https:\/\/tucomarca.whitekongsoftware.com\/ca\/wp-json\/wp\/v2\/types\/post"}],"author":[{"embeddable":true,"href":"https:\/\/tucomarca.whitekongsoftware.com\/ca\/wp-json\/wp\/v2\/users\/12"}],"replies":[{"embeddable":true,"href":"https:\/\/tucomarca.whitekongsoftware.com\/ca\/wp-json\/wp\/v2\/comments?post=155639"}],"version-history":[{"count":0,"href":"https:\/\/tucomarca.whitekongsoftware.com\/ca\/wp-json\/wp\/v2\/posts\/155639\/revisions"}],"wp:featuredmedia":[{"embeddable":true,"href":"https:\/\/tucomarca.whitekongsoftware.com\/ca\/wp-json\/wp\/v2\/media\/155632"}],"wp:attachment":[{"href":"https:\/\/tucomarca.whitekongsoftware.com\/ca\/wp-json\/wp\/v2\/media?parent=155639"}],"wp:term":[{"taxonomy":"category","embeddable":true,"href":"https:\/\/tucomarca.whitekongsoftware.com\/ca\/wp-json\/wp\/v2\/categories?post=155639"},{"taxonomy":"post_tag","embeddable":true,"href":"https:\/\/tucomarca.whitekongsoftware.com\/ca\/wp-json\/wp\/v2\/tags?post=155639"}],"curies":[{"name":"wp","href":"https:\/\/api.w.org\/{rel}","templated":true}]}}