{"id":155610,"date":"2022-04-26T14:00:00","date_gmt":"2022-04-26T12:00:00","guid":{"rendered":"http:\/\/www.tucomarca.com\/wordpress\/segunda\/?p=155610"},"modified":"2022-04-26T19:15:51","modified_gmt":"2022-04-26T17:15:51","slug":"les-festes-en-honor-a-la-verge-de-la-soledat-de-xest-arriben-a-la-meitat-del-seu-recorregut-en-un-cap-de-setmana-carregat-dactes","status":"publish","type":"post","link":"https:\/\/tucomarca.whitekongsoftware.com\/ca\/les-festes-en-honor-a-la-verge-de-la-soledat-de-xest-arriben-a-la-meitat-del-seu-recorregut-en-un-cap-de-setmana-carregat-dactes\/","title":{"rendered":"Les Festes en honor a la Verge de la Soledat de Xest arriben a la meitat del seu recorregut en un cap de setmana carregat d&#8217;actes"},"content":{"rendered":"\n<p class=\"wp-block-paragraph\">El programa d&#8217;actes de les festes en honor a la Verge de la Soledat s&#8217;obria aquest passat dissabte, 23 d&#8217;abril, l&#8217;amb la desfilada de l&#8217;ofrena floral a la patrona, que va partir a les 18.30 des de la pla\u00e7a de l&#8217;Ermita cap a l&#8217;Esgl\u00e9sia, passant pel col\u00b7legi San Jos\u00e9 de la Muntanya, i va estar acompanyat pel grup de danses de Xest i la Banda La Lira. En arribar a la pla\u00e7a de l&#8217;Esgl\u00e9sia es van anar entregant i col\u00b7locant un a un els rams, que van quedar exposats en l&#8217;entrada, i la desfilada continue per l&#8217;interior de l&#8217;Esgl\u00e9sia fins a arribar a la patrona.<\/p>\n\n\n\n<p class=\"wp-block-paragraph\">El diumenge, 24 d&#8217;abril, a les 12.00 comen\u00e7ava la missa solemne en honor a la Verge de la Soledat, cantada per la Coral Sant Lluc, i el mat\u00ed finalitzava amb una masclet\u00e1 en la pla\u00e7a Doctor Cajal. A la vesprada, a les 20.00 se celebrava la process\u00f3 i el trasllat de la verge a l&#8217;ermita i, a les 22.00, es culminava el dia amb un castell de focs artificials disparat des de Pi Blay.&nbsp;<\/p>\n\n\n\n<p class=\"wp-block-paragraph\">Ahir, dilluns 25 d&#8217;abril, va ser el dia dels i les majors, que es va celebrar a l&#8217;aire lliure en la pla\u00e7a del Mercat i va comptar amb l&#8217;actuaci\u00f3 en directe del duo musical Last Danse, que va amenitzar la vesprada. Aqueix mateix dia es van muntar els \u201centablaos\u201d, com a avantsala a la setmana taurina que comen\u00e7a hui, 26 d&#8217;abril, amb vesprada de bous a c\u00e0rrec de la ramaderia Alfaro, en la pla\u00e7a Doctor Cajal, a partir de les 18.00, i una eixida de bous patrocinada per Prieto i Fills, a c\u00e0rrec tamb\u00e9 de David Alfaro, que comen\u00e7ar\u00e0 a les 21.00.<\/p>\n\n\n\n<p class=\"wp-block-paragraph\">Tota la programaci\u00f3 est\u00e0 disponible en les plataformes informatives municipals.<\/p>\n\n\n\n<p class=\"wp-block-paragraph\"><\/p>\n","protected":false},"excerpt":{"rendered":"<div class=\"mh-excerpt\">El programa d&#8217;actes de les festes en honor a la Verge de la Soledat s&#8217;obria aquest passat dissabte, 23 d&#8217;abril, l&#8217;amb la desfilada de l&#8217;ofrena floral a la patrona, que va partir a les 18.30 <a class=\"mh-excerpt-more\" href=\"https:\/\/tucomarca.whitekongsoftware.com\/ca\/les-festes-en-honor-a-la-verge-de-la-soledat-de-xest-arriben-a-la-meitat-del-seu-recorregut-en-un-cap-de-setmana-carregat-dactes\/\" title=\"Les Festes en honor a la Verge de la Soledat de Xest arriben a la meitat del seu recorregut en un cap de setmana carregat d&#8217;actes\">[+] <\/a><\/div>\n","protected":false},"author":12,"featured_media":155606,"comment_status":"open","ping_status":"open","sticky":false,"template":"","format":"standard","meta":{"footnotes":""},"categories":[10894,10912,11004,11007,11008,10896,10974],"tags":[11071,14353,10914],"class_list":["post-155610","post","type-post","status-publish","format-standard","has-post-thumbnail","category-la-comarca-ca","category-la-hoya-ca","category-la-semana-en-imagenes-ca","category-ocio-y-cultura-ca","category-pueblos-en-fiestas-ca","category-seccion-ca","category-cheste-ca","tag-cheste","tag-fiestas-de-la-soledad-de-cheste-ca","tag-la-hoya-de-bunol-chiva-ca"],"_links":{"self":[{"href":"https:\/\/tucomarca.whitekongsoftware.com\/ca\/wp-json\/wp\/v2\/posts\/155610","targetHints":{"allow":["GET"]}}],"collection":[{"href":"https:\/\/tucomarca.whitekongsoftware.com\/ca\/wp-json\/wp\/v2\/posts"}],"about":[{"href":"https:\/\/tucomarca.whitekongsoftware.com\/ca\/wp-json\/wp\/v2\/types\/post"}],"author":[{"embeddable":true,"href":"https:\/\/tucomarca.whitekongsoftware.com\/ca\/wp-json\/wp\/v2\/users\/12"}],"replies":[{"embeddable":true,"href":"https:\/\/tucomarca.whitekongsoftware.com\/ca\/wp-json\/wp\/v2\/comments?post=155610"}],"version-history":[{"count":0,"href":"https:\/\/tucomarca.whitekongsoftware.com\/ca\/wp-json\/wp\/v2\/posts\/155610\/revisions"}],"wp:featuredmedia":[{"embeddable":true,"href":"https:\/\/tucomarca.whitekongsoftware.com\/ca\/wp-json\/wp\/v2\/media\/155606"}],"wp:attachment":[{"href":"https:\/\/tucomarca.whitekongsoftware.com\/ca\/wp-json\/wp\/v2\/media?parent=155610"}],"wp:term":[{"taxonomy":"category","embeddable":true,"href":"https:\/\/tucomarca.whitekongsoftware.com\/ca\/wp-json\/wp\/v2\/categories?post=155610"},{"taxonomy":"post_tag","embeddable":true,"href":"https:\/\/tucomarca.whitekongsoftware.com\/ca\/wp-json\/wp\/v2\/tags?post=155610"}],"curies":[{"name":"wp","href":"https:\/\/api.w.org\/{rel}","templated":true}]}}