{"id":155570,"date":"2022-04-27T08:00:00","date_gmt":"2022-04-27T06:00:00","guid":{"rendered":"http:\/\/www.tucomarca.com\/wordpress\/segunda\/?p=155570"},"modified":"2022-04-27T22:13:05","modified_gmt":"2022-04-27T20:13:05","slug":"el-prya-sol-licita-en-el-ple-la-neteja-dels-exteriors-dels-prv-de-los-isidros-y-campo-arcis","status":"publish","type":"post","link":"https:\/\/tucomarca.whitekongsoftware.com\/ca\/el-prya-sol-licita-en-el-ple-la-neteja-dels-exteriors-dels-prv-de-los-isidros-y-campo-arcis\/","title":{"rendered":"El PRyA sol.licita en el ple la neteja dels exteriors dels PRV de Los Isidros y Campo Arc\u00eds"},"content":{"rendered":"\n<p class=\"wp-block-paragraph\">&#8220;Des del PRyA hem tornat a sol\u00b7licitar la neteja dels exteriors dels Punts de Recollida de Voluminosos de Camp Arc\u00eds i Els Isidros&#8221;, setons han informat.<br>&#8220;S\u00f3n ja diverses les vegades que des del nostre partit hem sol\u00b7licitat la neteja d&#8217;aquests dos punts, ja que fem, estris i enderrocs s&#8217;amunteguen en els seus voltants sense que des de l&#8217;Ajuntament es fa\u00e7a res per donar-li una soluci\u00f3 definitiva&#8221;.&nbsp;<br>&#8220;L&#8217;\u00faltima vegada que des del PRyA ho sol\u00b7licitem va ser al mar\u00e7 de 2021, fa un any, per\u00f2 la zona segueix sense netejar-se sense importar-los tan si vulga que un propietari no puga accedir a treballar a la seua parcel\u00b7la contigua a causa de l&#8217;acumulaci\u00f3 d&#8217;enderrocs&#8221;.&nbsp;<br>Aquesta soluci\u00f3, segons el parer del PRyA, &#8220;passa per establir un servei neteja d&#8217;exteriors estable d&#8217;una vegada al mes, amb aix\u00f2 sobra, per\u00f2 pel que estem veient despr\u00e9s de set anys, aix\u00f2 \u00e9s una cosa que al govern socialista de Mario S\u00e1nchez sembla no importar-li&#8221;.<br>&#8220;Des de la nostra formaci\u00f3&nbsp;ens costa entendre els motius d&#8217;una deixadesa tan gran amb el medi ambient&nbsp;per part del govern socialista de Mario S\u00e1nchez, m\u00e9s encara quan els&nbsp;terrenys&nbsp;on estan situats aquests punts de recollida de voluminosos en Els Isidros i Camp Arc\u00eds s\u00f3n de&nbsp;titularitat p\u00fablica. L&#8217;ecologisme i les pol\u00edtiques mediambientals es demostren amb fets, no amb propaganda, i aquest \u00e9s un clar exemple&#8221;.<br>&#8220;Des de el&nbsp;PRyA&nbsp;continuarem insistint per una millor qualitat de vida per als ve\u00efns i un medi natural m\u00e9s net,&nbsp;a nosaltres si ens importa el medi ambient&nbsp;i per aix\u00f2 demanem una millor gesti\u00f3 en el nostre municipi al govern de PSOE i Podem a Requena&#8221;, han finalitzat.<\/p>\n","protected":false},"excerpt":{"rendered":"<div class=\"mh-excerpt\">&#8220;Des del PRyA hem tornat a sol\u00b7licitar la neteja dels exteriors dels Punts de Recollida de Voluminosos de Camp Arc\u00eds i Els Isidros&#8221;, setons han informat.&#8220;S\u00f3n ja diverses les vegades que des del nostre partit <a class=\"mh-excerpt-more\" href=\"https:\/\/tucomarca.whitekongsoftware.com\/ca\/el-prya-sol-licita-en-el-ple-la-neteja-dels-exteriors-dels-prv-de-los-isidros-y-campo-arcis\/\" title=\"El PRyA sol.licita en el ple la neteja dels exteriors dels PRV de Los Isidros y Campo Arc\u00eds\">[+] <\/a><\/div>\n","protected":false},"author":1,"featured_media":155566,"comment_status":"open","ping_status":"open","sticky":false,"template":"","format":"standard","meta":{"footnotes":""},"categories":[10948,10894,10947,10908,10909,10896],"tags":[12796,11099,10910],"class_list":["post-155570","post","type-post","status-publish","format-standard","has-post-thumbnail","category-infraestructuras-ca","category-la-comarca-ca","category-politica","category-requena-ca","category-requena-utiel-ca","category-seccion-ca","tag-prya-ca","tag-requena-ca","tag-requena-utiel-ca"],"_links":{"self":[{"href":"https:\/\/tucomarca.whitekongsoftware.com\/ca\/wp-json\/wp\/v2\/posts\/155570","targetHints":{"allow":["GET"]}}],"collection":[{"href":"https:\/\/tucomarca.whitekongsoftware.com\/ca\/wp-json\/wp\/v2\/posts"}],"about":[{"href":"https:\/\/tucomarca.whitekongsoftware.com\/ca\/wp-json\/wp\/v2\/types\/post"}],"author":[{"embeddable":true,"href":"https:\/\/tucomarca.whitekongsoftware.com\/ca\/wp-json\/wp\/v2\/users\/1"}],"replies":[{"embeddable":true,"href":"https:\/\/tucomarca.whitekongsoftware.com\/ca\/wp-json\/wp\/v2\/comments?post=155570"}],"version-history":[{"count":0,"href":"https:\/\/tucomarca.whitekongsoftware.com\/ca\/wp-json\/wp\/v2\/posts\/155570\/revisions"}],"wp:featuredmedia":[{"embeddable":true,"href":"https:\/\/tucomarca.whitekongsoftware.com\/ca\/wp-json\/wp\/v2\/media\/155566"}],"wp:attachment":[{"href":"https:\/\/tucomarca.whitekongsoftware.com\/ca\/wp-json\/wp\/v2\/media?parent=155570"}],"wp:term":[{"taxonomy":"category","embeddable":true,"href":"https:\/\/tucomarca.whitekongsoftware.com\/ca\/wp-json\/wp\/v2\/categories?post=155570"},{"taxonomy":"post_tag","embeddable":true,"href":"https:\/\/tucomarca.whitekongsoftware.com\/ca\/wp-json\/wp\/v2\/tags?post=155570"}],"curies":[{"name":"wp","href":"https:\/\/api.w.org\/{rel}","templated":true}]}}