{"id":155507,"date":"2022-04-26T10:00:00","date_gmt":"2022-04-26T08:00:00","guid":{"rendered":"http:\/\/www.tucomarca.com\/wordpress\/segunda\/?p=155507"},"modified":"2022-04-26T12:37:34","modified_gmt":"2022-04-26T10:37:34","slug":"els-populars-de-requena-denuncien-que-els-veins-del-carrer-batanejo-de-requena-estan-un-mes-esperant-el-canvi-duna-bombeta-de-lenllumenat-public","status":"publish","type":"post","link":"https:\/\/tucomarca.whitekongsoftware.com\/ca\/els-populars-de-requena-denuncien-que-els-veins-del-carrer-batanejo-de-requena-estan-un-mes-esperant-el-canvi-duna-bombeta-de-lenllumenat-public\/","title":{"rendered":"Els populars de Requena denuncien que els ve\u00efns del carrer Batanejo de Requena &#8220;estan un mes esperant el canvi d&#8217;una bombeta de l&#8217;enllumenat p\u00fablic&#8221;"},"content":{"rendered":"\n<p class=\"wp-block-paragraph\">El Partit Popular de Requena denuncia que &#8220;la falta de manteniment dels serveis p\u00fablics per part de l&#8217;equip de govern en el nostre municipi, motiva que hi haja ve\u00efns que malgrat realitzar les seues peticions al nostre ajuntament, no les vegen efectuades&#8221;.<br>Fa m\u00e9s d&#8217;un mes que ve\u00efns del carrer Batanejo &#8220;van demanar que se&#8217;ls substitu\u00efra una bombeta fosa, i fins hui no s&#8217;ha dut a terme la substituci\u00f3&#8221;, afirmen els populars de Requena.<br>&#8220;\u00c9s inadmissible -afigen- que hi haja ve\u00efns com els del carrer Batanejo, que estiguen esperant ja un mes per a la substituci\u00f3 d&#8217;una simple bombeta&#8221;.<br>Els ve\u00efns &#8220;no entenen que el canvi d&#8217;una simple bombeta puga retardar-se tant&#8221;, recalquen des de la formaci\u00f3 pol\u00edtica.\u00a0<br>Des del Partit Popular &#8220;demanem per als nostres ve\u00efns que tinguen en els seus serveis el manteniment que mereixen, per\u00f2 porten 7 anys sense tindre&#8217;l&#8221;, manifesten. Informa, <strong>Luis Ib\u00e1\u00f1ez<\/strong>.<\/p>\n","protected":false},"excerpt":{"rendered":"<div class=\"mh-excerpt\">El Partit Popular de Requena denuncia que &#8220;la falta de manteniment dels serveis p\u00fablics per part de l&#8217;equip de govern en el nostre municipi, motiva que hi haja ve\u00efns que malgrat realitzar les seues peticions <a class=\"mh-excerpt-more\" href=\"https:\/\/tucomarca.whitekongsoftware.com\/ca\/els-populars-de-requena-denuncien-que-els-veins-del-carrer-batanejo-de-requena-estan-un-mes-esperant-el-canvi-duna-bombeta-de-lenllumenat-public\/\" title=\"Els populars de Requena denuncien que els ve\u00efns del carrer Batanejo de Requena &#8220;estan un mes esperant el canvi d&#8217;una bombeta de l&#8217;enllumenat p\u00fablic&#8221;\">[+] <\/a><\/div>\n","protected":false},"author":1,"featured_media":155505,"comment_status":"open","ping_status":"open","sticky":false,"template":"","format":"standard","meta":{"footnotes":""},"categories":[10948,10894,10947,10908,10909,10896,10897],"tags":[11978,13930,16794,10910],"class_list":["post-155507","post","type-post","status-publish","format-standard","has-post-thumbnail","category-infraestructuras-ca","category-la-comarca-ca","category-politica","category-requena-ca","category-requena-utiel-ca","category-seccion-ca","category-sucesos-la-comarca-ca","tag-partido-popular-ca","tag-populares-ca","tag-pp-de-requena-utiel-ca","tag-requena-utiel-ca"],"_links":{"self":[{"href":"https:\/\/tucomarca.whitekongsoftware.com\/ca\/wp-json\/wp\/v2\/posts\/155507","targetHints":{"allow":["GET"]}}],"collection":[{"href":"https:\/\/tucomarca.whitekongsoftware.com\/ca\/wp-json\/wp\/v2\/posts"}],"about":[{"href":"https:\/\/tucomarca.whitekongsoftware.com\/ca\/wp-json\/wp\/v2\/types\/post"}],"author":[{"embeddable":true,"href":"https:\/\/tucomarca.whitekongsoftware.com\/ca\/wp-json\/wp\/v2\/users\/1"}],"replies":[{"embeddable":true,"href":"https:\/\/tucomarca.whitekongsoftware.com\/ca\/wp-json\/wp\/v2\/comments?post=155507"}],"version-history":[{"count":0,"href":"https:\/\/tucomarca.whitekongsoftware.com\/ca\/wp-json\/wp\/v2\/posts\/155507\/revisions"}],"wp:featuredmedia":[{"embeddable":true,"href":"https:\/\/tucomarca.whitekongsoftware.com\/ca\/wp-json\/wp\/v2\/media\/155505"}],"wp:attachment":[{"href":"https:\/\/tucomarca.whitekongsoftware.com\/ca\/wp-json\/wp\/v2\/media?parent=155507"}],"wp:term":[{"taxonomy":"category","embeddable":true,"href":"https:\/\/tucomarca.whitekongsoftware.com\/ca\/wp-json\/wp\/v2\/categories?post=155507"},{"taxonomy":"post_tag","embeddable":true,"href":"https:\/\/tucomarca.whitekongsoftware.com\/ca\/wp-json\/wp\/v2\/tags?post=155507"}],"curies":[{"name":"wp","href":"https:\/\/api.w.org\/{rel}","templated":true}]}}