{"id":155482,"date":"2022-04-23T19:00:00","date_gmt":"2022-04-23T17:00:00","guid":{"rendered":"http:\/\/www.tucomarca.com\/wordpress\/segunda\/?p=155482"},"modified":"2022-04-25T21:29:06","modified_gmt":"2022-04-25T19:29:06","slug":"iatova-celebra-les-seues-processons-de-setmana-santa-despres-de-dos-anys-despera-per-la-pandemia","status":"publish","type":"post","link":"https:\/\/tucomarca.whitekongsoftware.com\/ca\/iatova-celebra-les-seues-processons-de-setmana-santa-despres-de-dos-anys-despera-per-la-pandemia\/","title":{"rendered":"I\u00e0tova celebra les seues processons de Setmana Santa despr\u00e9s de dos anys d&#8217;espera per la pand\u00e8mia"},"content":{"rendered":"\n<p class=\"wp-block-paragraph\">La solemnitat de les processons ha sigut un dels grans atractius de la Setmana Santa als pobles de la comarca, a I\u00e0tova s&#8217;han viscut amb intensitat despr\u00e9s de dos any de pand\u00e8mia.<br>Els portants de l&#8217;Esgl\u00e9sia dels Sants Reis han portat les andes amb les imatges de la Mare de D\u00e9u i de Jes\u00fas.<br>En la vesprada del divendres es va desenvolupar la process\u00f3 del Sant Enterrament, una de les m\u00e9s emotives amb la desfilada processional pels carrers de la poblaci\u00f3, tamb\u00e9 s&#8217;han celebrat les eucaristies en les quals s&#8217;ha repassat cadascun dels moments de la passi\u00f3 i mort de Crist.<br>El diumenge de Pasqua es va celebrar la tradicional Trobada amb el qual s&#8217;expressa l&#8217;alegria de la resurrecci\u00f3 i que ha sigut presenciat per nombrosos fidels i curiosos.<\/p>\n\n\n\n<p class=\"wp-block-paragraph\">La participaci\u00f3 de les bandes de m\u00fasica ha sigut m\u00e9s que necess\u00e0ria per a aportar la solemnitat que requerien cadascuna d&#8217;aquestes processons que han sigut presenciades per nombrosos fidels i curiosos despr\u00e9s de dos anys de restriccions sanit\u00e0ries per la pand\u00e8mia.<\/p>\n\n\n\n<p class=\"wp-block-paragraph\">Fotos: J. Calvente.<\/p>\n\n\n\n<figure class=\"wp-block-gallery columns-2 is-cropped wp-block-gallery-1 is-layout-flex wp-block-gallery-is-layout-flex\"><ul class=\"blocks-gallery-grid\"><li class=\"blocks-gallery-item\"><figure><img loading=\"lazy\" decoding=\"async\" width=\"1024\" height=\"768\" src=\"http:\/\/www.tucomarca.com\/wordpress\/segunda\/wp-content\/uploads\/2022\/04\/YatovaSemanaSanta01-1024x768.jpg\" alt=\"\" data-id=\"155470\" data-full-url=\"http:\/\/www.tucomarca.com\/wordpress\/segunda\/wp-content\/uploads\/2022\/04\/YatovaSemanaSanta01.jpg\" data-link=\"http:\/\/www.tucomarca.com\/wordpress\/segunda\/?attachment_id=155470\" class=\"wp-image-155470\" srcset=\"https:\/\/tucomarca.whitekongsoftware.com\/wp-content\/uploads\/2022\/04\/YatovaSemanaSanta01-1024x768.jpg 1024w, https:\/\/tucomarca.whitekongsoftware.com\/wp-content\/uploads\/2022\/04\/YatovaSemanaSanta01-300x225.jpg 300w, https:\/\/tucomarca.whitekongsoftware.com\/wp-content\/uploads\/2022\/04\/YatovaSemanaSanta01-768x576.jpg 768w, https:\/\/tucomarca.whitekongsoftware.com\/wp-content\/uploads\/2022\/04\/YatovaSemanaSanta01-678x509.jpg 678w, https:\/\/tucomarca.whitekongsoftware.com\/wp-content\/uploads\/2022\/04\/YatovaSemanaSanta01-326x245.jpg 326w, https:\/\/tucomarca.whitekongsoftware.com\/wp-content\/uploads\/2022\/04\/YatovaSemanaSanta01-80x60.jpg 80w, https:\/\/tucomarca.whitekongsoftware.com\/wp-content\/uploads\/2022\/04\/YatovaSemanaSanta01.jpg 1080w\" sizes=\"auto, (max-width: 1024px) 100vw, 1024px\" \/><\/figure><\/li><li class=\"blocks-gallery-item\"><figure><img loading=\"lazy\" decoding=\"async\" width=\"768\" height=\"1024\" src=\"http:\/\/www.tucomarca.com\/wordpress\/segunda\/wp-content\/uploads\/2022\/04\/YatovaSemanaSanta03-768x1024.jpg\" alt=\"\" data-id=\"155474\" data-full-url=\"http:\/\/www.tucomarca.com\/wordpress\/segunda\/wp-content\/uploads\/2022\/04\/YatovaSemanaSanta03.jpg\" data-link=\"http:\/\/www.tucomarca.com\/wordpress\/segunda\/?attachment_id=155474\" class=\"wp-image-155474\" srcset=\"https:\/\/tucomarca.whitekongsoftware.com\/wp-content\/uploads\/2022\/04\/YatovaSemanaSanta03-768x1024.jpg 768w, https:\/\/tucomarca.whitekongsoftware.com\/wp-content\/uploads\/2022\/04\/YatovaSemanaSanta03-225x300.jpg 225w, https:\/\/tucomarca.whitekongsoftware.com\/wp-content\/uploads\/2022\/04\/YatovaSemanaSanta03-1152x1536.jpg 1152w, https:\/\/tucomarca.whitekongsoftware.com\/wp-content\/uploads\/2022\/04\/YatovaSemanaSanta03.jpg 1200w\" sizes=\"auto, (max-width: 768px) 100vw, 768px\" \/><\/figure><\/li><li class=\"blocks-gallery-item\"><figure><img loading=\"lazy\" decoding=\"async\" width=\"1024\" height=\"768\" src=\"http:\/\/www.tucomarca.com\/wordpress\/segunda\/wp-content\/uploads\/2022\/04\/YatovaSemanaSanta02-1024x768.jpg\" alt=\"\" data-id=\"155472\" data-full-url=\"http:\/\/www.tucomarca.com\/wordpress\/segunda\/wp-content\/uploads\/2022\/04\/YatovaSemanaSanta02.jpg\" data-link=\"http:\/\/www.tucomarca.com\/wordpress\/segunda\/?attachment_id=155472\" class=\"wp-image-155472\" srcset=\"https:\/\/tucomarca.whitekongsoftware.com\/wp-content\/uploads\/2022\/04\/YatovaSemanaSanta02-1024x768.jpg 1024w, https:\/\/tucomarca.whitekongsoftware.com\/wp-content\/uploads\/2022\/04\/YatovaSemanaSanta02-300x225.jpg 300w, https:\/\/tucomarca.whitekongsoftware.com\/wp-content\/uploads\/2022\/04\/YatovaSemanaSanta02-768x576.jpg 768w, https:\/\/tucomarca.whitekongsoftware.com\/wp-content\/uploads\/2022\/04\/YatovaSemanaSanta02-1536x1152.jpg 1536w, https:\/\/tucomarca.whitekongsoftware.com\/wp-content\/uploads\/2022\/04\/YatovaSemanaSanta02-678x509.jpg 678w, https:\/\/tucomarca.whitekongsoftware.com\/wp-content\/uploads\/2022\/04\/YatovaSemanaSanta02-326x245.jpg 326w, https:\/\/tucomarca.whitekongsoftware.com\/wp-content\/uploads\/2022\/04\/YatovaSemanaSanta02-80x60.jpg 80w, https:\/\/tucomarca.whitekongsoftware.com\/wp-content\/uploads\/2022\/04\/YatovaSemanaSanta02.jpg 2048w\" sizes=\"auto, (max-width: 1024px) 100vw, 1024px\" \/><\/figure><\/li><\/ul><\/figure>\n","protected":false},"excerpt":{"rendered":"<div class=\"mh-excerpt\">La solemnitat de les processons ha sigut un dels grans atractius de la Setmana Santa als pobles de la comarca, a I\u00e0tova s&#8217;han viscut amb intensitat despr\u00e9s de dos any de pand\u00e8mia.Els portants de l&#8217;Esgl\u00e9sia <a class=\"mh-excerpt-more\" href=\"https:\/\/tucomarca.whitekongsoftware.com\/ca\/iatova-celebra-les-seues-processons-de-setmana-santa-despres-de-dos-anys-despera-per-la-pandemia\/\" title=\"I\u00e0tova celebra les seues processons de Setmana Santa despr\u00e9s de dos anys d&#8217;espera per la pand\u00e8mia\">[+] <\/a><\/div>\n","protected":false},"author":12,"featured_media":155477,"comment_status":"open","ping_status":"open","sticky":false,"template":"","format":"gallery","meta":{"footnotes":""},"categories":[10980,10894,10912,11004,11008,10896],"tags":[10914,11989,11141],"class_list":["post-155482","post","type-post","status-publish","format-gallery","has-post-thumbnail","category-yatova-ca","category-la-comarca-ca","category-la-hoya-ca","category-la-semana-en-imagenes-ca","category-pueblos-en-fiestas-ca","category-seccion-ca","tag-la-hoya-de-bunol-chiva-ca","tag-semana-santa-y-pascua-ca","tag-yatova-ca","post_format-post-format-gallery"],"_links":{"self":[{"href":"https:\/\/tucomarca.whitekongsoftware.com\/ca\/wp-json\/wp\/v2\/posts\/155482","targetHints":{"allow":["GET"]}}],"collection":[{"href":"https:\/\/tucomarca.whitekongsoftware.com\/ca\/wp-json\/wp\/v2\/posts"}],"about":[{"href":"https:\/\/tucomarca.whitekongsoftware.com\/ca\/wp-json\/wp\/v2\/types\/post"}],"author":[{"embeddable":true,"href":"https:\/\/tucomarca.whitekongsoftware.com\/ca\/wp-json\/wp\/v2\/users\/12"}],"replies":[{"embeddable":true,"href":"https:\/\/tucomarca.whitekongsoftware.com\/ca\/wp-json\/wp\/v2\/comments?post=155482"}],"version-history":[{"count":0,"href":"https:\/\/tucomarca.whitekongsoftware.com\/ca\/wp-json\/wp\/v2\/posts\/155482\/revisions"}],"wp:featuredmedia":[{"embeddable":true,"href":"https:\/\/tucomarca.whitekongsoftware.com\/ca\/wp-json\/wp\/v2\/media\/155477"}],"wp:attachment":[{"href":"https:\/\/tucomarca.whitekongsoftware.com\/ca\/wp-json\/wp\/v2\/media?parent=155482"}],"wp:term":[{"taxonomy":"category","embeddable":true,"href":"https:\/\/tucomarca.whitekongsoftware.com\/ca\/wp-json\/wp\/v2\/categories?post=155482"},{"taxonomy":"post_tag","embeddable":true,"href":"https:\/\/tucomarca.whitekongsoftware.com\/ca\/wp-json\/wp\/v2\/tags?post=155482"}],"curies":[{"name":"wp","href":"https:\/\/api.w.org\/{rel}","templated":true}]}}