{"id":155465,"date":"2022-04-25T13:55:00","date_gmt":"2022-04-25T11:55:00","guid":{"rendered":"http:\/\/www.tucomarca.com\/wordpress\/segunda\/?p=155465"},"modified":"2022-04-25T19:59:18","modified_gmt":"2022-04-25T17:59:18","slug":"video-el-consorci-de-bombers-es-mobilitza-en-el-rescat-a-una-dona-i-el-seu-fill-morts-ofegats-a-navarres","status":"publish","type":"post","link":"https:\/\/tucomarca.whitekongsoftware.com\/ca\/video-el-consorci-de-bombers-es-mobilitza-en-el-rescat-a-una-dona-i-el-seu-fill-morts-ofegats-a-navarres\/","title":{"rendered":"V\u00eddeo: El Consorci de Bombers es mobilitza en el rescat a una dona i el seu fill morts ofegats a Navarr\u00e9s"},"content":{"rendered":"\n<figure class=\"wp-block-embed is-type-video is-provider-youtube wp-block-embed-youtube wp-embed-aspect-16-9 wp-has-aspect-ratio\"><div class=\"wp-block-embed__wrapper\">\n<iframe loading=\"lazy\" title=\"El Consorci de Bombers es mobilitza en el rescat a una dona i el seu fill morts ofegats a Navarr\u00e9s\" width=\"500\" height=\"281\" src=\"https:\/\/www.youtube.com\/embed\/p2-AhSU2PUg?feature=oembed\" frameborder=\"0\" allow=\"accelerometer; autoplay; clipboard-write; encrypted-media; gyroscope; picture-in-picture; web-share\" referrerpolicy=\"strict-origin-when-cross-origin\" allowfullscreen><\/iframe>\n<\/div><\/figure>\n\n\n\n<p class=\"wp-block-paragraph\">Efectius del Consorci Provincial de Bombers de Val\u00e8ncia s&#8217;han mobilitzat en el rescat en el paratge dels Chorradores de Navarr\u00e9s en el qual tamb\u00e9 han participat membres del Grup a Altura GERA del Consorci i del GREIM de la Gu\u00e0rdia Civil. <\/p>\n\n\n\n<p class=\"wp-block-paragraph\">Tots ells no han pogut m\u00e9s que rescatar els cossos sense vida d&#8217;una mare i el seu fill, un menor, una vegada han comptat amb autoritzaci\u00f3 judicial, que van caure a l&#8217;aigua al voltant de les 13,30 hores d&#8217;aquest diumenge en una zona que compta amb un xicotet pont i salts d&#8217;aigua d&#8217;uns sis metres.<\/p>\n","protected":false},"excerpt":{"rendered":"<div class=\"mh-excerpt\">Efectius del Consorci Provincial de Bombers de Val\u00e8ncia s&#8217;han mobilitzat en el rescat en el paratge dels Chorradores de Navarr\u00e9s en el qual tamb\u00e9 han participat membres del Grup a Altura GERA del Consorci i <a class=\"mh-excerpt-more\" href=\"https:\/\/tucomarca.whitekongsoftware.com\/ca\/video-el-consorci-de-bombers-es-mobilitza-en-el-rescat-a-una-dona-i-el-seu-fill-morts-ofegats-a-navarres\/\" title=\"V\u00eddeo: El Consorci de Bombers es mobilitza en el rescat a una dona i el seu fill morts ofegats a Navarr\u00e9s\">[+] <\/a><\/div>\n","protected":false},"author":1,"featured_media":155458,"comment_status":"open","ping_status":"open","sticky":false,"template":"","format":"video","meta":{"footnotes":""},"categories":[10898,10948,10963,10894,10903,10971,10896,10897,11062],"tags":[16960,16958,12834,11094,14072],"class_list":["post-155465","post","type-post","status-publish","format-video","has-post-thumbnail","category-ventana-ca","category-infraestructuras-ca","category-la-canal-de-navarres-ca","category-la-comarca-ca","category-medio-ambiente-la-comarca-ca","category-navarres-ca","category-seccion-ca","category-sucesos-la-comarca-ca","category-videos","tag-ahogados-ca","tag-bombers-valencia-2-ca","tag-consorcio-provincial-de-bomberos-de-valencia-ca","tag-la-canal-de-navarres","tag-navarres-ca","post_format-post-format-video"],"_links":{"self":[{"href":"https:\/\/tucomarca.whitekongsoftware.com\/ca\/wp-json\/wp\/v2\/posts\/155465","targetHints":{"allow":["GET"]}}],"collection":[{"href":"https:\/\/tucomarca.whitekongsoftware.com\/ca\/wp-json\/wp\/v2\/posts"}],"about":[{"href":"https:\/\/tucomarca.whitekongsoftware.com\/ca\/wp-json\/wp\/v2\/types\/post"}],"author":[{"embeddable":true,"href":"https:\/\/tucomarca.whitekongsoftware.com\/ca\/wp-json\/wp\/v2\/users\/1"}],"replies":[{"embeddable":true,"href":"https:\/\/tucomarca.whitekongsoftware.com\/ca\/wp-json\/wp\/v2\/comments?post=155465"}],"version-history":[{"count":0,"href":"https:\/\/tucomarca.whitekongsoftware.com\/ca\/wp-json\/wp\/v2\/posts\/155465\/revisions"}],"wp:featuredmedia":[{"embeddable":true,"href":"https:\/\/tucomarca.whitekongsoftware.com\/ca\/wp-json\/wp\/v2\/media\/155458"}],"wp:attachment":[{"href":"https:\/\/tucomarca.whitekongsoftware.com\/ca\/wp-json\/wp\/v2\/media?parent=155465"}],"wp:term":[{"taxonomy":"category","embeddable":true,"href":"https:\/\/tucomarca.whitekongsoftware.com\/ca\/wp-json\/wp\/v2\/categories?post=155465"},{"taxonomy":"post_tag","embeddable":true,"href":"https:\/\/tucomarca.whitekongsoftware.com\/ca\/wp-json\/wp\/v2\/tags?post=155465"}],"curies":[{"name":"wp","href":"https:\/\/api.w.org\/{rel}","templated":true}]}}