{"id":155462,"date":"2022-04-25T17:00:00","date_gmt":"2022-04-25T15:00:00","guid":{"rendered":"http:\/\/www.tucomarca.com\/wordpress\/segunda\/?p=155462"},"modified":"2022-04-25T21:31:40","modified_gmt":"2022-04-25T19:31:40","slug":"maria-valles-lambies-es-elegida-com-a-nova-secretaria-general-del-pspv-psoe-de-bunyol","status":"publish","type":"post","link":"https:\/\/tucomarca.whitekongsoftware.com\/ca\/maria-valles-lambies-es-elegida-com-a-nova-secretaria-general-del-pspv-psoe-de-bunyol\/","title":{"rendered":"Mar\u00eda Vall\u00e9s Lamb\u00edes \u00e9s elegida com a nova Secret\u00e0ria General del PSPV-PSOE de Bunyol"},"content":{"rendered":"\n<p class=\"wp-block-paragraph\">Mar\u00eda Vall\u00e9s Lamb\u00edes ha sigut elegida nova Secret\u00e0ria General de PSPV-PSOE de Bunyol aquest dissabte, 23 d&#8217;abril, al costat dels membres que l&#8217;acompanyaran i compondran la nova executiva local socialista.&nbsp;<\/p>\n\n\n\n<figure class=\"wp-block-gallery columns-2 wp-block-gallery-1 is-layout-flex wp-block-gallery-is-layout-flex\"><ul class=\"blocks-gallery-grid\"><li class=\"blocks-gallery-item\"><figure><img loading=\"lazy\" decoding=\"async\" width=\"1024\" height=\"768\" src=\"http:\/\/www.tucomarca.com\/wordpress\/segunda\/wp-content\/uploads\/2022\/04\/PSOEBunol3-1024x768.jpg\" alt=\"\" data-id=\"155446\" data-link=\"https:\/\/www.tucomarca.com\/wordpress\/segunda\/?attachment_id=155446\" class=\"wp-image-155446\" srcset=\"https:\/\/tucomarca.whitekongsoftware.com\/wp-content\/uploads\/2022\/04\/PSOEBunol3-1024x768.jpg 1024w, https:\/\/tucomarca.whitekongsoftware.com\/wp-content\/uploads\/2022\/04\/PSOEBunol3-300x225.jpg 300w, https:\/\/tucomarca.whitekongsoftware.com\/wp-content\/uploads\/2022\/04\/PSOEBunol3-768x576.jpg 768w, https:\/\/tucomarca.whitekongsoftware.com\/wp-content\/uploads\/2022\/04\/PSOEBunol3-1536x1152.jpg 1536w, https:\/\/tucomarca.whitekongsoftware.com\/wp-content\/uploads\/2022\/04\/PSOEBunol3-2048x1536.jpg 2048w, https:\/\/tucomarca.whitekongsoftware.com\/wp-content\/uploads\/2022\/04\/PSOEBunol3-678x509.jpg 678w, https:\/\/tucomarca.whitekongsoftware.com\/wp-content\/uploads\/2022\/04\/PSOEBunol3-326x245.jpg 326w, https:\/\/tucomarca.whitekongsoftware.com\/wp-content\/uploads\/2022\/04\/PSOEBunol3-80x60.jpg 80w\" sizes=\"auto, (max-width: 1024px) 100vw, 1024px\" \/><\/figure><\/li><li class=\"blocks-gallery-item\"><figure><img loading=\"lazy\" decoding=\"async\" width=\"1024\" height=\"768\" src=\"http:\/\/www.tucomarca.com\/wordpress\/segunda\/wp-content\/uploads\/2022\/04\/PSOEBunol2-1024x768.jpg\" alt=\"\" data-id=\"155442\" data-link=\"https:\/\/www.tucomarca.com\/wordpress\/segunda\/?attachment_id=155442\" class=\"wp-image-155442\" srcset=\"https:\/\/tucomarca.whitekongsoftware.com\/wp-content\/uploads\/2022\/04\/PSOEBunol2-1024x768.jpg 1024w, https:\/\/tucomarca.whitekongsoftware.com\/wp-content\/uploads\/2022\/04\/PSOEBunol2-300x225.jpg 300w, https:\/\/tucomarca.whitekongsoftware.com\/wp-content\/uploads\/2022\/04\/PSOEBunol2-768x576.jpg 768w, https:\/\/tucomarca.whitekongsoftware.com\/wp-content\/uploads\/2022\/04\/PSOEBunol2-1536x1152.jpg 1536w, https:\/\/tucomarca.whitekongsoftware.com\/wp-content\/uploads\/2022\/04\/PSOEBunol2-2048x1536.jpg 2048w, https:\/\/tucomarca.whitekongsoftware.com\/wp-content\/uploads\/2022\/04\/PSOEBunol2-678x509.jpg 678w, https:\/\/tucomarca.whitekongsoftware.com\/wp-content\/uploads\/2022\/04\/PSOEBunol2-326x245.jpg 326w, https:\/\/tucomarca.whitekongsoftware.com\/wp-content\/uploads\/2022\/04\/PSOEBunol2-80x60.jpg 80w\" sizes=\"auto, (max-width: 1024px) 100vw, 1024px\" \/><\/figure><\/li><li class=\"blocks-gallery-item\"><figure><img loading=\"lazy\" decoding=\"async\" width=\"1024\" height=\"768\" src=\"http:\/\/www.tucomarca.com\/wordpress\/segunda\/wp-content\/uploads\/2022\/04\/PSOEBunol4-1024x768.jpg\" alt=\"\" data-id=\"155444\" data-link=\"https:\/\/www.tucomarca.com\/wordpress\/segunda\/?attachment_id=155444\" class=\"wp-image-155444\" srcset=\"https:\/\/tucomarca.whitekongsoftware.com\/wp-content\/uploads\/2022\/04\/PSOEBunol4-1024x768.jpg 1024w, https:\/\/tucomarca.whitekongsoftware.com\/wp-content\/uploads\/2022\/04\/PSOEBunol4-300x225.jpg 300w, https:\/\/tucomarca.whitekongsoftware.com\/wp-content\/uploads\/2022\/04\/PSOEBunol4-768x576.jpg 768w, https:\/\/tucomarca.whitekongsoftware.com\/wp-content\/uploads\/2022\/04\/PSOEBunol4-1536x1152.jpg 1536w, https:\/\/tucomarca.whitekongsoftware.com\/wp-content\/uploads\/2022\/04\/PSOEBunol4-2048x1536.jpg 2048w, https:\/\/tucomarca.whitekongsoftware.com\/wp-content\/uploads\/2022\/04\/PSOEBunol4-678x509.jpg 678w, https:\/\/tucomarca.whitekongsoftware.com\/wp-content\/uploads\/2022\/04\/PSOEBunol4-326x245.jpg 326w, https:\/\/tucomarca.whitekongsoftware.com\/wp-content\/uploads\/2022\/04\/PSOEBunol4-80x60.jpg 80w\" sizes=\"auto, (max-width: 1024px) 100vw, 1024px\" \/><\/figure><\/li><li class=\"blocks-gallery-item\"><figure><img loading=\"lazy\" decoding=\"async\" width=\"768\" height=\"1024\" src=\"http:\/\/www.tucomarca.com\/wordpress\/segunda\/wp-content\/uploads\/2022\/04\/PSOEBunol5-768x1024.jpg\" alt=\"\" data-id=\"155448\" data-full-url=\"https:\/\/www.tucomarca.com\/wordpress\/segunda\/wp-content\/uploads\/2022\/04\/PSOEBunol5-scaled.jpg\" data-link=\"https:\/\/www.tucomarca.com\/wordpress\/segunda\/?attachment_id=155448\" class=\"wp-image-155448\" srcset=\"https:\/\/tucomarca.whitekongsoftware.com\/wp-content\/uploads\/2022\/04\/PSOEBunol5-768x1024.jpg 768w, https:\/\/tucomarca.whitekongsoftware.com\/wp-content\/uploads\/2022\/04\/PSOEBunol5-225x300.jpg 225w, https:\/\/tucomarca.whitekongsoftware.com\/wp-content\/uploads\/2022\/04\/PSOEBunol5-1152x1536.jpg 1152w, https:\/\/tucomarca.whitekongsoftware.com\/wp-content\/uploads\/2022\/04\/PSOEBunol5-1536x2048.jpg 1536w, https:\/\/tucomarca.whitekongsoftware.com\/wp-content\/uploads\/2022\/04\/PSOEBunol5-scaled.jpg 1920w\" sizes=\"auto, (max-width: 768px) 100vw, 768px\" \/><\/figure><\/li><\/ul><\/figure>\n\n\n\n<p class=\"wp-block-paragraph\">La llista presentada, tal com marquen els estatuts, va ser votada per la milit\u00e0ncia i secundada per unanimitat. Un altre dels moments ressenyables de l&#8217;assemblea va ser la intervenci\u00f3 de&nbsp;Jonquera Carrascosa, alcaldessa i ex Secret\u00e0ria General del PSPV-PSOE de Bunyol, qui va fer un resum del que han sigut aquests quatre anys de gesti\u00f3 en el partit, recordant a dos dels seus benvolguts membres, morts en 2020: \u00c1ngel Moreno i Chari Carrascosa; a m\u00e9s de destacar el complicats que han sigut aquests dos \u00faltims anys de pand\u00e8mia per a tots.&nbsp;<\/p>\n\n\n\n<p class=\"wp-block-paragraph\">Jonquera va dedicar unes paraules a Mar\u00eda Vall\u00e9s: &#8220;Confie plenament en Mar\u00eda, perqu\u00e8 \u00e9s una de les persones amb m\u00e9s honor i lleialtat que conec. He volgut animar-la a presentar-se com a cap de llista en la nova executiva, perqu\u00e8 s\u00e9 que, amb el seu treball i const\u00e0ncia el far\u00e0 molt b\u00e9&#8221;.&nbsp;Un altre dels punts importants ressaltats van ser &#8220;les 10 noves incorporacions al partit que, per descomptat, li donaran un nou aire a la milit\u00e0ncia de la localitat&#8221;.&nbsp;<\/p>\n\n\n\n<p class=\"wp-block-paragraph\">Per part seua, Mar\u00eda Vall\u00e9s va voler donar les gr\u00e0cies a tots els que s&#8217;han acostat a votar i que, per unanimitat, han confiat en ella i en la seua proposta per a la nova executiva municipal: &#8220;porte en el partit 11 anys i, com sabeu, treballar per i per a ell, ha sigut el que he estat fent tots aquests anys. L&#8217;experi\u00e8ncia adquirida m&#8217;ha animat a fer el pas a Secret\u00e0ria General. Confie en cadascun dels quals formen part de la nova executiva. Tindre cares conegudes aportar\u00e0 experi\u00e8ncia i, les noves, la frescor i les ganes de continuar fent les coses b\u00e9&#8221;.&nbsp;<\/p>\n\n\n\n<p class=\"wp-block-paragraph\"><strong>Executiva local<\/strong><\/p>\n\n\n\n<p class=\"wp-block-paragraph\">La nova Executiva Local estar\u00e0 composta per:<\/p>\n\n\n\n<ul class=\"wp-block-list\"><li>Presid\u00e8ncia: Jonquera Carrascosa Alonso<\/li><li>Secretaria General: Mar\u00eda Vall\u00e9s Lamb\u00edes<\/li><li>Secretaria d&#8217;Organitzaci\u00f3: Aurelio Palmer Escorihuela<\/li><li>Sotssecretaria d&#8217;Organitzaci\u00f3: Indira Sarabia Criado<\/li><li>Secretaria d&#8217;Administraci\u00f3 i Finances: Juan Fuentes Mur<\/li><li>Secretaria de Pol\u00edtica Municipal: Mat\u00edas Palmer Ruiz<\/li><li>Secretaria de Formaci\u00f3 i Dinamitzaci\u00f3 de la Milit\u00e0ncia: Manuel Sierra Tamarit<\/li><li>Secretaria de Joventut, Comunicaci\u00f3 i&nbsp;Xarxes Socials:&nbsp;Mireia Parla Mart\u00ednez<\/li><li>Secretaria d&#8217;Educaci\u00f3 i Cultura: Il\u00b7luminada Alonso N\u00fa\u00f1ez<\/li><li>Secretaria d&#8217;Ordenaci\u00f3 del Territori, Infraestructures i Medi Ambient: Juan Manuel L\u00e1zaro \u00c1lvarez<\/li><li>Secretaria de pol\u00edtiques Socials i Inclusi\u00f3: Giovanna Navarro Fuertes<\/li><li>Secretaria d&#8217;Esports, Salut i Vida Saludable:&nbsp;Pilar Garrigues Espert<\/li><li>Secretaria de Desenvolupament de Projectes Europeus:&nbsp;Ana S\u00e1ez S\u00e1ez<\/li><li>Vocalia Adjunta Secretaria General: Juan Andr\u00e9s Perell\u00f3 Rodr\u00edguez<\/li><\/ul>\n","protected":false},"excerpt":{"rendered":"<div class=\"mh-excerpt\">Mar\u00eda Vall\u00e9s Lamb\u00edes ha sigut elegida nova Secret\u00e0ria General de PSPV-PSOE de Bunyol aquest dissabte, 23 d&#8217;abril, al costat dels membres que l&#8217;acompanyaran i compondran la nova executiva local socialista.&nbsp; La llista presentada, tal com <a class=\"mh-excerpt-more\" href=\"https:\/\/tucomarca.whitekongsoftware.com\/ca\/maria-valles-lambies-es-elegida-com-a-nova-secretaria-general-del-pspv-psoe-de-bunyol\/\" title=\"Mar\u00eda Vall\u00e9s Lamb\u00edes \u00e9s elegida com a nova Secret\u00e0ria General del PSPV-PSOE de Bunyol\">[+] <\/a><\/div>\n","protected":false},"author":12,"featured_media":155441,"comment_status":"open","ping_status":"open","sticky":false,"template":"","format":"gallery","meta":{"footnotes":""},"categories":[10911,10894,10912,10947,10896],"tags":[10913,10914,12159,11381],"class_list":["post-155462","post","type-post","status-publish","format-gallery","has-post-thumbnail","category-bunol-ca","category-la-comarca-ca","category-la-hoya-ca","category-politica","category-seccion-ca","tag-bunol-ca","tag-la-hoya-de-bunol-chiva-ca","tag-maria-valles-ca","tag-pspv-psoe-bunol-ca","post_format-post-format-gallery"],"_links":{"self":[{"href":"https:\/\/tucomarca.whitekongsoftware.com\/ca\/wp-json\/wp\/v2\/posts\/155462","targetHints":{"allow":["GET"]}}],"collection":[{"href":"https:\/\/tucomarca.whitekongsoftware.com\/ca\/wp-json\/wp\/v2\/posts"}],"about":[{"href":"https:\/\/tucomarca.whitekongsoftware.com\/ca\/wp-json\/wp\/v2\/types\/post"}],"author":[{"embeddable":true,"href":"https:\/\/tucomarca.whitekongsoftware.com\/ca\/wp-json\/wp\/v2\/users\/12"}],"replies":[{"embeddable":true,"href":"https:\/\/tucomarca.whitekongsoftware.com\/ca\/wp-json\/wp\/v2\/comments?post=155462"}],"version-history":[{"count":0,"href":"https:\/\/tucomarca.whitekongsoftware.com\/ca\/wp-json\/wp\/v2\/posts\/155462\/revisions"}],"wp:featuredmedia":[{"embeddable":true,"href":"https:\/\/tucomarca.whitekongsoftware.com\/ca\/wp-json\/wp\/v2\/media\/155441"}],"wp:attachment":[{"href":"https:\/\/tucomarca.whitekongsoftware.com\/ca\/wp-json\/wp\/v2\/media?parent=155462"}],"wp:term":[{"taxonomy":"category","embeddable":true,"href":"https:\/\/tucomarca.whitekongsoftware.com\/ca\/wp-json\/wp\/v2\/categories?post=155462"},{"taxonomy":"post_tag","embeddable":true,"href":"https:\/\/tucomarca.whitekongsoftware.com\/ca\/wp-json\/wp\/v2\/tags?post=155462"}],"curies":[{"name":"wp","href":"https:\/\/api.w.org\/{rel}","templated":true}]}}