{"id":155304,"date":"2022-04-21T13:00:00","date_gmt":"2022-04-21T11:00:00","guid":{"rendered":"http:\/\/www.tucomarca.com\/wordpress\/segunda\/?p=155304"},"modified":"2022-04-21T22:38:09","modified_gmt":"2022-04-21T20:38:09","slug":"el-pp-de-requena-utiel-afirma-que-psoe-podemos-i-compromis-voten-en-contra-del-restabliment-de-la-linia-madrid-cuenca-valencia-en-les-corts","status":"publish","type":"post","link":"https:\/\/tucomarca.whitekongsoftware.com\/ca\/el-pp-de-requena-utiel-afirma-que-psoe-podemos-i-compromis-voten-en-contra-del-restabliment-de-la-linia-madrid-cuenca-valencia-en-les-corts\/","title":{"rendered":"El PP de Requena-Utiel afirma que PSOE, Podemos i Comprom\u00eds &#8220;voten en contra del restabliment de la l\u00ednia Madrid-Cuenca- Val\u00e8ncia en Les Corts&#8221;"},"content":{"rendered":"\n<h4 class=\"wp-block-heading\">L&#8217;esquerra &#8220;vota en contra que torne el tren a Camporrobles i Les Cuevas&#8221; diuen els populars<\/h4>\n\n\n\n<p class=\"wp-block-paragraph\">El Partit Popular recorda que va presentar en Les Corts Valencianes &#8220;una moci\u00f3 subseg\u00fcent a la interpel\u00b7laci\u00f3 per al restabliment del ferrocarril en la l\u00ednia Madrid &#8211; Cuenca &#8211; Val\u00e8ncia, que donava servei fins a gener de 2021 a la nostra comarca a les estacions de Camporrobles i Les Cuevas d&#8217;Utiel. A m\u00e9s de ser utilitzada per usuaris que des de la nostra comarca es despla\u00e7aven des de les diferents localitats que fins i tot podent anar cap a Val\u00e8ncia, ja no tenen servei cap a la resta de localitats en les quals parava la l\u00ednia Madrid &#8211; Cuenca &#8211; Val\u00e8ncia, destacant els usuaris que feien \u00fas d&#8217;ella per a anar a Conca i Madrid&#8221;.<\/p>\n\n\n\n<p class=\"wp-block-paragraph\">El Partit Popular confirma que &#8220;va proposar instar el govern de la Naci\u00f3 que es reobrira la l\u00ednia Madrid &#8211; Cuenca &#8211; Val\u00e8ncia, o en cas contrari que la l\u00ednia C3 s&#8217;allargara fins a Camporrobles parant tamb\u00e9 a les Cuevas. A m\u00e9s de que es dugueren a terme les actuacions previstes en el pla de Rodalia de 2017, que dotava de 320 milions d&#8217;euros la l\u00ednia C3 per a la seua duplicaci\u00f3, renovaci\u00f3 i electrificaci\u00f3 de la via que augmentaria les freq\u00fc\u00e8ncies i reduiria el temps de viatge. No obstant aix\u00f2 PSOE, Comprom\u00eds i Podemos van votar en contra d&#8217;aquestes propostes&#8221;.<\/p>\n\n\n\n<p class=\"wp-block-paragraph\">Des del Partit Popular &#8220;no entenem com en el moment de votar i decidir aix\u00ed el futur de la nostra comarca, els partits que ens governen, i que acudeixen a les manifestacions contra el tancament de la l\u00ednia, despr\u00e9s voten en contra de la seua reobertura. De res serveix manifestar-se o concentrar-se cada dia 7 en l&#8217;estaci\u00f3 de Camporrobles, si despr\u00e9s l&#8217;esquerra dona l&#8217;esquena a l&#8217;obertura de la l\u00ednia que permetria que per Camporrobles i Les Cuevas tornara a passar el tren&#8221; han asseverat les fonts.<\/p>\n\n\n\n<p class=\"wp-block-paragraph\">Des del Partit Popular &#8220;no ens rendirem, seguirem amb iniciatives tant en Les Corts Valencianes com en el Congr\u00e9s perqu\u00e8 la l\u00ednia Madrid Cuenca Val\u00e8ncia torne a donar el servei que mereix la nostra comarca&#8221; conclouen. Informa, Luis Ib\u00e1\u00f1ez.<\/p>\n\n\n\n<p class=\"wp-block-paragraph\"><\/p>\n","protected":false},"excerpt":{"rendered":"<div class=\"mh-excerpt\">L&#8217;esquerra &#8220;vota en contra que torne el tren a Camporrobles i Les Cuevas&#8221; diuen els populars El Partit Popular recorda que va presentar en Les Corts Valencianes &#8220;una moci\u00f3 subseg\u00fcent a la interpel\u00b7laci\u00f3 per al <a class=\"mh-excerpt-more\" href=\"https:\/\/tucomarca.whitekongsoftware.com\/ca\/el-pp-de-requena-utiel-afirma-que-psoe-podemos-i-compromis-voten-en-contra-del-restabliment-de-la-linia-madrid-cuenca-valencia-en-les-corts\/\" title=\"El PP de Requena-Utiel afirma que PSOE, Podemos i Comprom\u00eds &#8220;voten en contra del restabliment de la l\u00ednia Madrid-Cuenca- Val\u00e8ncia en Les Corts&#8221;\">[+] <\/a><\/div>\n","protected":false},"author":12,"featured_media":125251,"comment_status":"open","ping_status":"open","sticky":false,"template":"","format":"standard","meta":{"footnotes":""},"categories":[11031,10894,11056,10947,10908,10909,10896,11059],"tags":[16023,16940,16941,10910],"class_list":["post-155304","post","type-post","status-publish","format-standard","has-post-thumbnail","category-camporrobles-ca","category-la-comarca-ca","category-las-cuevas-ca","category-politica","category-requena-ca","category-requena-utiel-ca","category-seccion-ca","category-utiel-ca","tag-linea-c-3-ca","tag-linea-valencia-cuenca-valencia-ca","tag-populares-comarca-de-requena-utiel-ca","tag-requena-utiel-ca"],"_links":{"self":[{"href":"https:\/\/tucomarca.whitekongsoftware.com\/ca\/wp-json\/wp\/v2\/posts\/155304","targetHints":{"allow":["GET"]}}],"collection":[{"href":"https:\/\/tucomarca.whitekongsoftware.com\/ca\/wp-json\/wp\/v2\/posts"}],"about":[{"href":"https:\/\/tucomarca.whitekongsoftware.com\/ca\/wp-json\/wp\/v2\/types\/post"}],"author":[{"embeddable":true,"href":"https:\/\/tucomarca.whitekongsoftware.com\/ca\/wp-json\/wp\/v2\/users\/12"}],"replies":[{"embeddable":true,"href":"https:\/\/tucomarca.whitekongsoftware.com\/ca\/wp-json\/wp\/v2\/comments?post=155304"}],"version-history":[{"count":0,"href":"https:\/\/tucomarca.whitekongsoftware.com\/ca\/wp-json\/wp\/v2\/posts\/155304\/revisions"}],"wp:featuredmedia":[{"embeddable":true,"href":"https:\/\/tucomarca.whitekongsoftware.com\/ca\/wp-json\/wp\/v2\/media\/125251"}],"wp:attachment":[{"href":"https:\/\/tucomarca.whitekongsoftware.com\/ca\/wp-json\/wp\/v2\/media?parent=155304"}],"wp:term":[{"taxonomy":"category","embeddable":true,"href":"https:\/\/tucomarca.whitekongsoftware.com\/ca\/wp-json\/wp\/v2\/categories?post=155304"},{"taxonomy":"post_tag","embeddable":true,"href":"https:\/\/tucomarca.whitekongsoftware.com\/ca\/wp-json\/wp\/v2\/tags?post=155304"}],"curies":[{"name":"wp","href":"https:\/\/api.w.org\/{rel}","templated":true}]}}