{"id":155111,"date":"2022-04-20T08:00:00","date_gmt":"2022-04-20T06:00:00","guid":{"rendered":"http:\/\/www.tucomarca.com\/wordpress\/segunda\/?p=155111"},"modified":"2022-04-20T20:14:07","modified_gmt":"2022-04-20T18:14:07","slug":"lajuntament-de-bunyol-prepara-unes-jornades-dautoconsum-energetic-en-la-poblacio","status":"publish","type":"post","link":"https:\/\/tucomarca.whitekongsoftware.com\/ca\/lajuntament-de-bunyol-prepara-unes-jornades-dautoconsum-energetic-en-la-poblacio\/","title":{"rendered":"L&#8217;Ajuntament de Bunyol prepara unes jornades d&#8217;autoconsum energ\u00e8tic en la poblaci\u00f3"},"content":{"rendered":"\n<p class=\"wp-block-paragraph\"><strong>En la reuni\u00f3 que van mantindre dimecres passat Juncal Carrascosa, Alcaldessa de Bunyol, i Rafa P\u00e9rez, primer Tinent d&#8217;Alcalde, en la Conselleria de Sectors Productius, Comer\u00e7 i Treball de la Generalitat Valenciana, es va tractar aquest tema i altres.<\/strong><\/p>\n\n\n\n<p class=\"wp-block-paragraph\">Juncal Carrascosa, Alcaldessa de Bunyol, i Rafa P\u00e9rez, primer Tinent d&#8217;Alcalde, van mantindre una reuni\u00f3 el dimecres passat amb la Secret\u00e0ria Auton\u00f2mica d&#8217;Economia Sostenible, Sectors Productius, Comer\u00e7 i Consum, Rebeca Torro i la Directora General d&#8217;Ind\u00fastria i Consum, Empar Mart\u00ednez.<\/p>\n\n\n\n<p class=\"wp-block-paragraph\">Durant la reuni\u00f3 es van tractar diversos temes relacionats amb el seu departament en mat\u00e8ria d&#8217;ind\u00fastria i tamb\u00e9 es van perfilar compromisos per a la realitzaci\u00f3 d&#8217;unes jornades informatives sobre l&#8217;autoconsum energ\u00e8tic en la poblaci\u00f3.<\/p>\n\n\n\n<p class=\"wp-block-paragraph\">L&#8217;Alcaldessa va aprofitar l&#8217;ocasi\u00f3 per a convidar-les a la pr\u00f2xima Fira del Comer\u00e7, Ocupaci\u00f3 i Turisme, que tindr\u00e0 lloc els dies 6, 7 i 8 de maig en el Planell de Bunyol.<\/p>\n","protected":false},"excerpt":{"rendered":"<div class=\"mh-excerpt\">En la reuni\u00f3 que van mantindre dimecres passat Juncal Carrascosa, Alcaldessa de Bunyol, i Rafa P\u00e9rez, primer Tinent d&#8217;Alcalde, en la Conselleria de Sectors Productius, Comer\u00e7 i Treball de la Generalitat Valenciana, es va tractar <a class=\"mh-excerpt-more\" href=\"https:\/\/tucomarca.whitekongsoftware.com\/ca\/lajuntament-de-bunyol-prepara-unes-jornades-dautoconsum-energetic-en-la-poblacio\/\" title=\"L&#8217;Ajuntament de Bunyol prepara unes jornades d&#8217;autoconsum energ\u00e8tic en la poblaci\u00f3\">[+] <\/a><\/div>\n","protected":false},"author":12,"featured_media":155109,"comment_status":"open","ping_status":"open","sticky":false,"template":"","format":"standard","meta":{"footnotes":""},"categories":[10911,10948,10894,10904,10912,10903,10947,10896],"tags":[10913,10914,13140],"class_list":["post-155111","post","type-post","status-publish","format-standard","has-post-thumbnail","category-bunol-ca","category-infraestructuras-ca","category-la-comarca-ca","category-sin-categorizar-ca","category-la-hoya-ca","category-medio-ambiente-la-comarca-ca","category-politica","category-seccion-ca","tag-bunol-ca","tag-la-hoya-de-bunol-chiva-ca","tag-sostenibilidad-ca"],"_links":{"self":[{"href":"https:\/\/tucomarca.whitekongsoftware.com\/ca\/wp-json\/wp\/v2\/posts\/155111","targetHints":{"allow":["GET"]}}],"collection":[{"href":"https:\/\/tucomarca.whitekongsoftware.com\/ca\/wp-json\/wp\/v2\/posts"}],"about":[{"href":"https:\/\/tucomarca.whitekongsoftware.com\/ca\/wp-json\/wp\/v2\/types\/post"}],"author":[{"embeddable":true,"href":"https:\/\/tucomarca.whitekongsoftware.com\/ca\/wp-json\/wp\/v2\/users\/12"}],"replies":[{"embeddable":true,"href":"https:\/\/tucomarca.whitekongsoftware.com\/ca\/wp-json\/wp\/v2\/comments?post=155111"}],"version-history":[{"count":0,"href":"https:\/\/tucomarca.whitekongsoftware.com\/ca\/wp-json\/wp\/v2\/posts\/155111\/revisions"}],"wp:featuredmedia":[{"embeddable":true,"href":"https:\/\/tucomarca.whitekongsoftware.com\/ca\/wp-json\/wp\/v2\/media\/155109"}],"wp:attachment":[{"href":"https:\/\/tucomarca.whitekongsoftware.com\/ca\/wp-json\/wp\/v2\/media?parent=155111"}],"wp:term":[{"taxonomy":"category","embeddable":true,"href":"https:\/\/tucomarca.whitekongsoftware.com\/ca\/wp-json\/wp\/v2\/categories?post=155111"},{"taxonomy":"post_tag","embeddable":true,"href":"https:\/\/tucomarca.whitekongsoftware.com\/ca\/wp-json\/wp\/v2\/tags?post=155111"}],"curies":[{"name":"wp","href":"https:\/\/api.w.org\/{rel}","templated":true}]}}