{"id":155105,"date":"2022-04-20T09:00:00","date_gmt":"2022-04-20T07:00:00","guid":{"rendered":"http:\/\/www.tucomarca.com\/wordpress\/segunda\/?p=155105"},"modified":"2022-04-20T20:20:48","modified_gmt":"2022-04-20T18:20:48","slug":"es-presenta-a-bunyol-lassociacio-neu-amb-una-xarrada-que-tindra-lloc-el-proxim-22-dabril","status":"publish","type":"post","link":"https:\/\/tucomarca.whitekongsoftware.com\/ca\/es-presenta-a-bunyol-lassociacio-neu-amb-una-xarrada-que-tindra-lloc-el-proxim-22-dabril\/","title":{"rendered":"Es presenta a Bunyol l&#8217;associaci\u00f3 NEU amb una xarrada que tindr\u00e0 lloc el pr\u00f2xim 22 d&#8217;abril"},"content":{"rendered":"\n<p class=\"wp-block-paragraph\">L&#8217;Associaci\u00f3 NEU \u00e9s una associaci\u00f3 sense \u00e0nim de lucre, en la qual tenen cabuda totes les persones, tant les afectades per alguna malaltia neurodegenerativa, com els seus cuidadors, familiars, amics &#8230;<\/p>\n\n\n\n<p class=\"wp-block-paragraph\">Naix per la inquietud d&#8217;un grup de persones, que volen vetlar per la salut i benestar de les persones amb malalties neurodegeneratives, per les mancances i necessitats que som conscients que existeixen, amb un objectiu b\u00e0sic i primordial, \u201cUN FUTUR DIGNE AMB LA MATEIXA IGUALTAT I QUALITAT DE VIDA QUE QUALSEVOL ALTRA PERSONA\u201d.<\/p>\n\n\n\n<p class=\"wp-block-paragraph\">Entre les nostres prioritats est\u00e0 secundar, assessorar i oferir informaci\u00f3, tant als propis afectats com a les seues fam\u00edlies.<\/p>\n\n\n\n<p class=\"wp-block-paragraph\">S\u00f3n molts els objectius que tenim per davant, perqu\u00e8 des de fora un pensa que tot funciona, per\u00f2 quan est\u00e0s en l&#8217;altre costat, descobreixes una infinitat de mancances, no sols en el pla assistencial, sin\u00f3 tamb\u00e9 en el pla afectiu, \u00e9s per aquest motiu que la nostra associaci\u00f3 \u00e9s diferent, la nostra prioritat \u00e9s la persona.<\/p>\n","protected":false},"excerpt":{"rendered":"<div class=\"mh-excerpt\">L&#8217;Associaci\u00f3 NEU \u00e9s una associaci\u00f3 sense \u00e0nim de lucre, en la qual tenen cabuda totes les persones, tant les afectades per alguna malaltia neurodegenerativa, com els seus cuidadors, familiars, amics &#8230; Naix per la inquietud <a class=\"mh-excerpt-more\" href=\"https:\/\/tucomarca.whitekongsoftware.com\/ca\/es-presenta-a-bunyol-lassociacio-neu-amb-una-xarrada-que-tindra-lloc-el-proxim-22-dabril\/\" title=\"Es presenta a Bunyol l&#8217;associaci\u00f3 NEU amb una xarrada que tindr\u00e0 lloc el pr\u00f2xim 22 d&#8217;abril\">[+] <\/a><\/div>\n","protected":false},"author":12,"featured_media":155103,"comment_status":"open","ping_status":"open","sticky":false,"template":"","format":"standard","meta":{"footnotes":""},"categories":[11019,10911,11010,10894,10904,10912,10896],"tags":[10913,10914],"class_list":["post-155105","post","type-post","status-publish","format-standard","has-post-thumbnail","category-agenda-ca","category-bunol-ca","category-canal-salud","category-la-comarca-ca","category-sin-categorizar-ca","category-la-hoya-ca","category-seccion-ca","tag-bunol-ca","tag-la-hoya-de-bunol-chiva-ca"],"_links":{"self":[{"href":"https:\/\/tucomarca.whitekongsoftware.com\/ca\/wp-json\/wp\/v2\/posts\/155105","targetHints":{"allow":["GET"]}}],"collection":[{"href":"https:\/\/tucomarca.whitekongsoftware.com\/ca\/wp-json\/wp\/v2\/posts"}],"about":[{"href":"https:\/\/tucomarca.whitekongsoftware.com\/ca\/wp-json\/wp\/v2\/types\/post"}],"author":[{"embeddable":true,"href":"https:\/\/tucomarca.whitekongsoftware.com\/ca\/wp-json\/wp\/v2\/users\/12"}],"replies":[{"embeddable":true,"href":"https:\/\/tucomarca.whitekongsoftware.com\/ca\/wp-json\/wp\/v2\/comments?post=155105"}],"version-history":[{"count":0,"href":"https:\/\/tucomarca.whitekongsoftware.com\/ca\/wp-json\/wp\/v2\/posts\/155105\/revisions"}],"wp:featuredmedia":[{"embeddable":true,"href":"https:\/\/tucomarca.whitekongsoftware.com\/ca\/wp-json\/wp\/v2\/media\/155103"}],"wp:attachment":[{"href":"https:\/\/tucomarca.whitekongsoftware.com\/ca\/wp-json\/wp\/v2\/media?parent=155105"}],"wp:term":[{"taxonomy":"category","embeddable":true,"href":"https:\/\/tucomarca.whitekongsoftware.com\/ca\/wp-json\/wp\/v2\/categories?post=155105"},{"taxonomy":"post_tag","embeddable":true,"href":"https:\/\/tucomarca.whitekongsoftware.com\/ca\/wp-json\/wp\/v2\/tags?post=155105"}],"curies":[{"name":"wp","href":"https:\/\/api.w.org\/{rel}","templated":true}]}}