{"id":154903,"date":"2022-04-15T19:00:00","date_gmt":"2022-04-15T17:00:00","guid":{"rendered":"http:\/\/www.tucomarca.com\/wordpress\/segunda\/?p=154903"},"modified":"2022-04-16T11:12:36","modified_gmt":"2022-04-16T09:12:36","slug":"bunyol-rebra-mes-de-760-000e-del-pla-dinversions-2022-2023-de-la-diputacio-de-valencia","status":"publish","type":"post","link":"https:\/\/tucomarca.whitekongsoftware.com\/ca\/bunyol-rebra-mes-de-760-000e-del-pla-dinversions-2022-2023-de-la-diputacio-de-valencia\/","title":{"rendered":"Bunyol rebr\u00e0 m\u00e9s de 760.000\u20ac del Pla d&#8217;Inversions 2022-2023 de la Diputaci\u00f3 de Val\u00e8ncia"},"content":{"rendered":"\n<h4 class=\"wp-block-heading\">Els municipis de la Foia de Bunyol-Xiva rebran 5.181.597 euros d&#8217;aquest ens supramunicipal fins a 2023<\/h4>\n\n\n\n<p class=\"wp-block-paragraph\">La Diputaci\u00f3 de Val\u00e8ncia informava aquesta setmana que la Foia de Bunyol-Xiva rebr\u00e0 m\u00e9s de cinc milions d&#8217;euros del Pla d&#8217;Inversions 2022-23, concretament 5.181.597 euros. Els nou ajuntaments i la mancomunitat de la comarca entraran en aquest repartiment, i que en concret a Bunyol li correspon la quantitat de 762.277 euros.&nbsp;<br>Juncal Carrascosa, alcaldessa de Bunyol, s&#8217;ha mostrat molt agra\u00efda a la Diputaci\u00f3 de Val\u00e8ncia de poder rebre aquesta quantitat econ\u00f2mica en un temps tan necessari i ara que ja est\u00e0 aprovat el Pla Urb\u00e0 d&#8217;Actuaci\u00f3 Municipal (PUAM). \u201cDe fet en comptar amb aquest pla les inversions han d&#8217;anar destinades a q\u00fcestions que siguen presents en el PUAM, recentment aprovat i que perfila el municipi que volem per als pr\u00f2xims anys\u201d.<br>Carrascosa confirma que ja estan treballant en les partides en les quals s&#8217;utilitzar\u00e0 aquesta quantia econ\u00f2mica, \u201cde la qual cal informar la Diputaci\u00f3 i despr\u00e9s d&#8217;aix\u00f2 posar-se a la feina en la consecuci\u00f3 d&#8217;obres, projectes, compres o millores o rehabilitacions, que s\u00f3n els assumptes en els quals podem incidir sobre aquesta subvenci\u00f3\u201d.<br>L&#8217;alcaldessa recorda que aquests plans de Diputaci\u00f3 ofereixen una quantia determinada en funci\u00f3 de la poblaci\u00f3, del nombre d&#8217;empreses instal\u00b7lades o de l&#8217;ocupabilitat de la zona. \u201cEstem molt satisfets per aquest muntant econ\u00f2mic en el qual comen\u00e7arem a treballar de manera immediata\u201d.<\/p>\n\n\n\n<p class=\"wp-block-paragraph\"><\/p>\n","protected":false},"excerpt":{"rendered":"<div class=\"mh-excerpt\">Els municipis de la Foia de Bunyol-Xiva rebran 5.181.597 euros d&#8217;aquest ens supramunicipal fins a 2023 La Diputaci\u00f3 de Val\u00e8ncia informava aquesta setmana que la Foia de Bunyol-Xiva rebr\u00e0 m\u00e9s de cinc milions d&#8217;euros del <a class=\"mh-excerpt-more\" href=\"https:\/\/tucomarca.whitekongsoftware.com\/ca\/bunyol-rebra-mes-de-760-000e-del-pla-dinversions-2022-2023-de-la-diputacio-de-valencia\/\" title=\"Bunyol rebr\u00e0 m\u00e9s de 760.000\u20ac del Pla d&#8217;Inversions 2022-2023 de la Diputaci\u00f3 de Val\u00e8ncia\">[+] <\/a><\/div>\n","protected":false},"author":12,"featured_media":114770,"comment_status":"open","ping_status":"open","sticky":false,"template":"","format":"standard","meta":{"footnotes":""},"categories":[10911,10948,10894,10912,10947,10896],"tags":[10913,11246,16898,10914],"class_list":["post-154903","post","type-post","status-publish","format-standard","has-post-thumbnail","category-bunol-ca","category-infraestructuras-ca","category-la-comarca-ca","category-la-hoya-ca","category-politica","category-seccion-ca","tag-bunol-ca","tag-diputacio-de-valencia-ca","tag-inversiones-de-la-diputacion-2022-23-ca","tag-la-hoya-de-bunol-chiva-ca"],"_links":{"self":[{"href":"https:\/\/tucomarca.whitekongsoftware.com\/ca\/wp-json\/wp\/v2\/posts\/154903","targetHints":{"allow":["GET"]}}],"collection":[{"href":"https:\/\/tucomarca.whitekongsoftware.com\/ca\/wp-json\/wp\/v2\/posts"}],"about":[{"href":"https:\/\/tucomarca.whitekongsoftware.com\/ca\/wp-json\/wp\/v2\/types\/post"}],"author":[{"embeddable":true,"href":"https:\/\/tucomarca.whitekongsoftware.com\/ca\/wp-json\/wp\/v2\/users\/12"}],"replies":[{"embeddable":true,"href":"https:\/\/tucomarca.whitekongsoftware.com\/ca\/wp-json\/wp\/v2\/comments?post=154903"}],"version-history":[{"count":0,"href":"https:\/\/tucomarca.whitekongsoftware.com\/ca\/wp-json\/wp\/v2\/posts\/154903\/revisions"}],"wp:featuredmedia":[{"embeddable":true,"href":"https:\/\/tucomarca.whitekongsoftware.com\/ca\/wp-json\/wp\/v2\/media\/114770"}],"wp:attachment":[{"href":"https:\/\/tucomarca.whitekongsoftware.com\/ca\/wp-json\/wp\/v2\/media?parent=154903"}],"wp:term":[{"taxonomy":"category","embeddable":true,"href":"https:\/\/tucomarca.whitekongsoftware.com\/ca\/wp-json\/wp\/v2\/categories?post=154903"},{"taxonomy":"post_tag","embeddable":true,"href":"https:\/\/tucomarca.whitekongsoftware.com\/ca\/wp-json\/wp\/v2\/tags?post=154903"}],"curies":[{"name":"wp","href":"https:\/\/api.w.org\/{rel}","templated":true}]}}