{"id":154870,"date":"2022-04-15T20:15:00","date_gmt":"2022-04-15T18:15:00","guid":{"rendered":"http:\/\/www.tucomarca.com\/wordpress\/segunda\/?p=154870"},"modified":"2022-04-16T12:27:16","modified_gmt":"2022-04-16T10:27:16","slug":"fotogaleria-el-partit-comunista-de-bunyol-homenatja-a-edmundo-ferrer-garces-afusellat-en-1939-per-la-dictadura-franquista","status":"publish","type":"post","link":"https:\/\/tucomarca.whitekongsoftware.com\/ca\/fotogaleria-el-partit-comunista-de-bunyol-homenatja-a-edmundo-ferrer-garces-afusellat-en-1939-per-la-dictadura-franquista\/","title":{"rendered":"Fotogaler\u00eda: El Partit Comunista de Bunyol homenatja a Edmundo Ferrer Garc\u00e9s afusellat en 1939 per la dictadura franquista"},"content":{"rendered":"\n<p class=\"wp-block-paragraph\">El Partit Comunista de Bunyol iniciava les commemoracions de la 2a Rep\u00fablica amb l&#8217;homenatge al camarada Edmundo Ferrer Garc\u00e9s, celebrat dissabte passat, 9 d&#8217;abril, en el cementeri de Bunyol.<\/p>\n\n\n\n<p class=\"wp-block-paragraph\">Edmundo Ferrer va ser vilment assassinat per la dictadura feixista del dictador Franco el 28 de Juliol de 1939 ajusticiant-lo mitjan\u00e7ant afusellament en el cementeri de Paterna i enterrant l&#8217;en la fossa comuna n\u00famero 22 d&#8217;aquest cementeri. All\u00ed va romandre fins que per fi les seues restes mortals van ser exhumats i reconeguts per un equip d&#8217;arque\u00f2legs forenses, sent en 2020 traslladats al cementeri civil de Bunyol on descansen en una dels carrers amb m\u00e9s mem\u00f2ria hist\u00f2rica dels lluitadors i lluitadores antifranquistes.<\/p>\n\n\n\n<p class=\"wp-block-paragraph\">Edmundo Ferrer, juntament amb altres comunistes enterrats en els voltants del seu n\u00ednxol i en altres parts del cementeri de Bunyol representen l&#8217;ofrena i lluita per una societat m\u00e9s justa, una societat democr\u00e0tica i en llibertat.<\/p>\n\n\n\n<p class=\"wp-block-paragraph\">L&#8217;acte d&#8217;homenatge a Edmundo Ferrer va estar acompanyat per un recital musical de piano i flauta que van fer sonar diverses peces del repertori musical republic\u00e0 i revolucionari, concloent l&#8217;acte amb l&#8217;himne a la Rep\u00fablica i el cant de la Internacional comunista.<\/p>\n\n\n\n<figure class=\"wp-block-gallery columns-2 is-cropped wp-block-gallery-1 is-layout-flex wp-block-gallery-is-layout-flex\"><ul class=\"blocks-gallery-grid\"><li class=\"blocks-gallery-item\"><figure><img loading=\"lazy\" decoding=\"async\" width=\"1024\" height=\"682\" src=\"http:\/\/www.tucomarca.com\/wordpress\/segunda\/wp-content\/uploads\/2022\/04\/BunolHomenajeEdmundoFerrer01-1024x682.jpg\" alt=\"\" data-id=\"154853\" data-full-url=\"http:\/\/www.tucomarca.com\/wordpress\/segunda\/wp-content\/uploads\/2022\/04\/BunolHomenajeEdmundoFerrer01.jpg\" data-link=\"http:\/\/www.tucomarca.com\/wordpress\/segunda\/?attachment_id=154853\" class=\"wp-image-154853\" srcset=\"https:\/\/tucomarca.whitekongsoftware.com\/wp-content\/uploads\/2022\/04\/BunolHomenajeEdmundoFerrer01-1024x682.jpg 1024w, https:\/\/tucomarca.whitekongsoftware.com\/wp-content\/uploads\/2022\/04\/BunolHomenajeEdmundoFerrer01-300x200.jpg 300w, https:\/\/tucomarca.whitekongsoftware.com\/wp-content\/uploads\/2022\/04\/BunolHomenajeEdmundoFerrer01-768x512.jpg 768w, https:\/\/tucomarca.whitekongsoftware.com\/wp-content\/uploads\/2022\/04\/BunolHomenajeEdmundoFerrer01.jpg 1181w\" sizes=\"auto, (max-width: 1024px) 100vw, 1024px\" \/><\/figure><\/li><li class=\"blocks-gallery-item\"><figure><img loading=\"lazy\" decoding=\"async\" width=\"1024\" height=\"682\" src=\"http:\/\/www.tucomarca.com\/wordpress\/segunda\/wp-content\/uploads\/2022\/04\/BunolHomenajeEdmundoFerrer02-1024x682.jpg\" alt=\"\" data-id=\"154855\" data-full-url=\"http:\/\/www.tucomarca.com\/wordpress\/segunda\/wp-content\/uploads\/2022\/04\/BunolHomenajeEdmundoFerrer02.jpg\" data-link=\"http:\/\/www.tucomarca.com\/wordpress\/segunda\/?attachment_id=154855\" class=\"wp-image-154855\" srcset=\"https:\/\/tucomarca.whitekongsoftware.com\/wp-content\/uploads\/2022\/04\/BunolHomenajeEdmundoFerrer02-1024x682.jpg 1024w, https:\/\/tucomarca.whitekongsoftware.com\/wp-content\/uploads\/2022\/04\/BunolHomenajeEdmundoFerrer02-300x200.jpg 300w, https:\/\/tucomarca.whitekongsoftware.com\/wp-content\/uploads\/2022\/04\/BunolHomenajeEdmundoFerrer02-768x512.jpg 768w, https:\/\/tucomarca.whitekongsoftware.com\/wp-content\/uploads\/2022\/04\/BunolHomenajeEdmundoFerrer02.jpg 1181w\" sizes=\"auto, (max-width: 1024px) 100vw, 1024px\" \/><\/figure><\/li><li class=\"blocks-gallery-item\"><figure><img loading=\"lazy\" decoding=\"async\" width=\"682\" height=\"1024\" src=\"http:\/\/www.tucomarca.com\/wordpress\/segunda\/wp-content\/uploads\/2022\/04\/BunolHomenajeEdmundoFerrer03-682x1024.jpg\" alt=\"\" data-id=\"154857\" data-full-url=\"http:\/\/www.tucomarca.com\/wordpress\/segunda\/wp-content\/uploads\/2022\/04\/BunolHomenajeEdmundoFerrer03.jpg\" data-link=\"http:\/\/www.tucomarca.com\/wordpress\/segunda\/?attachment_id=154857\" class=\"wp-image-154857\" srcset=\"https:\/\/tucomarca.whitekongsoftware.com\/wp-content\/uploads\/2022\/04\/BunolHomenajeEdmundoFerrer03-682x1024.jpg 682w, https:\/\/tucomarca.whitekongsoftware.com\/wp-content\/uploads\/2022\/04\/BunolHomenajeEdmundoFerrer03-200x300.jpg 200w, https:\/\/tucomarca.whitekongsoftware.com\/wp-content\/uploads\/2022\/04\/BunolHomenajeEdmundoFerrer03-768x1153.jpg 768w, https:\/\/tucomarca.whitekongsoftware.com\/wp-content\/uploads\/2022\/04\/BunolHomenajeEdmundoFerrer03-1023x1536.jpg 1023w, https:\/\/tucomarca.whitekongsoftware.com\/wp-content\/uploads\/2022\/04\/BunolHomenajeEdmundoFerrer03.jpg 1181w\" sizes=\"auto, (max-width: 682px) 100vw, 682px\" \/><\/figure><\/li><li class=\"blocks-gallery-item\"><figure><img loading=\"lazy\" decoding=\"async\" width=\"682\" height=\"1024\" src=\"http:\/\/www.tucomarca.com\/wordpress\/segunda\/wp-content\/uploads\/2022\/04\/BunolHomenajeEdmundoFerrer04-682x1024.jpg\" alt=\"\" data-id=\"154859\" data-full-url=\"http:\/\/www.tucomarca.com\/wordpress\/segunda\/wp-content\/uploads\/2022\/04\/BunolHomenajeEdmundoFerrer04.jpg\" data-link=\"http:\/\/www.tucomarca.com\/wordpress\/segunda\/?attachment_id=154859\" class=\"wp-image-154859\" srcset=\"https:\/\/tucomarca.whitekongsoftware.com\/wp-content\/uploads\/2022\/04\/BunolHomenajeEdmundoFerrer04-682x1024.jpg 682w, https:\/\/tucomarca.whitekongsoftware.com\/wp-content\/uploads\/2022\/04\/BunolHomenajeEdmundoFerrer04-200x300.jpg 200w, https:\/\/tucomarca.whitekongsoftware.com\/wp-content\/uploads\/2022\/04\/BunolHomenajeEdmundoFerrer04-768x1153.jpg 768w, https:\/\/tucomarca.whitekongsoftware.com\/wp-content\/uploads\/2022\/04\/BunolHomenajeEdmundoFerrer04-1023x1536.jpg 1023w, https:\/\/tucomarca.whitekongsoftware.com\/wp-content\/uploads\/2022\/04\/BunolHomenajeEdmundoFerrer04.jpg 1181w\" sizes=\"auto, (max-width: 682px) 100vw, 682px\" \/><\/figure><\/li><li class=\"blocks-gallery-item\"><figure><img loading=\"lazy\" decoding=\"async\" width=\"1024\" height=\"682\" src=\"http:\/\/www.tucomarca.com\/wordpress\/segunda\/wp-content\/uploads\/2022\/04\/BunolHomenajeEdmundoFerrer05-1024x682.jpg\" alt=\"\" data-id=\"154861\" data-full-url=\"http:\/\/www.tucomarca.com\/wordpress\/segunda\/wp-content\/uploads\/2022\/04\/BunolHomenajeEdmundoFerrer05.jpg\" data-link=\"http:\/\/www.tucomarca.com\/wordpress\/segunda\/?attachment_id=154861\" class=\"wp-image-154861\" srcset=\"https:\/\/tucomarca.whitekongsoftware.com\/wp-content\/uploads\/2022\/04\/BunolHomenajeEdmundoFerrer05-1024x682.jpg 1024w, https:\/\/tucomarca.whitekongsoftware.com\/wp-content\/uploads\/2022\/04\/BunolHomenajeEdmundoFerrer05-300x200.jpg 300w, https:\/\/tucomarca.whitekongsoftware.com\/wp-content\/uploads\/2022\/04\/BunolHomenajeEdmundoFerrer05-768x512.jpg 768w, https:\/\/tucomarca.whitekongsoftware.com\/wp-content\/uploads\/2022\/04\/BunolHomenajeEdmundoFerrer05.jpg 1181w\" sizes=\"auto, (max-width: 1024px) 100vw, 1024px\" \/><\/figure><\/li><li class=\"blocks-gallery-item\"><figure><img loading=\"lazy\" decoding=\"async\" width=\"682\" height=\"1024\" src=\"http:\/\/www.tucomarca.com\/wordpress\/segunda\/wp-content\/uploads\/2022\/04\/BunolHomenajeEdmundoFerrer07-682x1024.jpg\" alt=\"\" data-id=\"154865\" data-full-url=\"http:\/\/www.tucomarca.com\/wordpress\/segunda\/wp-content\/uploads\/2022\/04\/BunolHomenajeEdmundoFerrer07.jpg\" data-link=\"http:\/\/www.tucomarca.com\/wordpress\/segunda\/?attachment_id=154865\" class=\"wp-image-154865\" srcset=\"https:\/\/tucomarca.whitekongsoftware.com\/wp-content\/uploads\/2022\/04\/BunolHomenajeEdmundoFerrer07-682x1024.jpg 682w, https:\/\/tucomarca.whitekongsoftware.com\/wp-content\/uploads\/2022\/04\/BunolHomenajeEdmundoFerrer07-200x300.jpg 200w, https:\/\/tucomarca.whitekongsoftware.com\/wp-content\/uploads\/2022\/04\/BunolHomenajeEdmundoFerrer07-768x1153.jpg 768w, https:\/\/tucomarca.whitekongsoftware.com\/wp-content\/uploads\/2022\/04\/BunolHomenajeEdmundoFerrer07-1023x1536.jpg 1023w, https:\/\/tucomarca.whitekongsoftware.com\/wp-content\/uploads\/2022\/04\/BunolHomenajeEdmundoFerrer07.jpg 1181w\" sizes=\"auto, (max-width: 682px) 100vw, 682px\" \/><\/figure><\/li><li class=\"blocks-gallery-item\"><figure><img loading=\"lazy\" decoding=\"async\" width=\"1024\" height=\"682\" src=\"http:\/\/www.tucomarca.com\/wordpress\/segunda\/wp-content\/uploads\/2022\/04\/BunolHomenajeEdmundoFerrer06-1024x682.jpg\" alt=\"\" data-id=\"154863\" data-full-url=\"http:\/\/www.tucomarca.com\/wordpress\/segunda\/wp-content\/uploads\/2022\/04\/BunolHomenajeEdmundoFerrer06.jpg\" data-link=\"http:\/\/www.tucomarca.com\/wordpress\/segunda\/?attachment_id=154863\" class=\"wp-image-154863\" srcset=\"https:\/\/tucomarca.whitekongsoftware.com\/wp-content\/uploads\/2022\/04\/BunolHomenajeEdmundoFerrer06-1024x682.jpg 1024w, https:\/\/tucomarca.whitekongsoftware.com\/wp-content\/uploads\/2022\/04\/BunolHomenajeEdmundoFerrer06-300x200.jpg 300w, https:\/\/tucomarca.whitekongsoftware.com\/wp-content\/uploads\/2022\/04\/BunolHomenajeEdmundoFerrer06-768x512.jpg 768w, https:\/\/tucomarca.whitekongsoftware.com\/wp-content\/uploads\/2022\/04\/BunolHomenajeEdmundoFerrer06-1536x1023.jpg 1536w, https:\/\/tucomarca.whitekongsoftware.com\/wp-content\/uploads\/2022\/04\/BunolHomenajeEdmundoFerrer06.jpg 1600w\" sizes=\"auto, (max-width: 1024px) 100vw, 1024px\" \/><\/figure><\/li><\/ul><\/figure>\n\n\n\n<p class=\"wp-block-paragraph\">Fotos: Jos\u00e9 L. Mont\u00f3n.<\/p>\n","protected":false},"excerpt":{"rendered":"<div class=\"mh-excerpt\">El Partit Comunista de Bunyol iniciava les commemoracions de la 2a Rep\u00fablica amb l&#8217;homenatge al camarada Edmundo Ferrer Garc\u00e9s, celebrat dissabte passat, 9 d&#8217;abril, en el cementeri de Bunyol. Edmundo Ferrer va ser vilment assassinat <a class=\"mh-excerpt-more\" href=\"https:\/\/tucomarca.whitekongsoftware.com\/ca\/fotogaleria-el-partit-comunista-de-bunyol-homenatja-a-edmundo-ferrer-garces-afusellat-en-1939-per-la-dictadura-franquista\/\" title=\"Fotogaler\u00eda: El Partit Comunista de Bunyol homenatja a Edmundo Ferrer Garc\u00e9s afusellat en 1939 per la dictadura franquista\">[+] <\/a><\/div>\n","protected":false},"author":12,"featured_media":154852,"comment_status":"open","ping_status":"open","sticky":false,"template":"","format":"gallery","meta":{"footnotes":""},"categories":[10911,10894,10912,10947,10896],"tags":[10913,16891,16892,10914],"class_list":["post-154870","post","type-post","status-publish","format-gallery","has-post-thumbnail","category-bunol-ca","category-la-comarca-ca","category-la-hoya-ca","category-politica","category-seccion-ca","tag-bunol-ca","tag-cementerio-civil-de-bunol-ca","tag-edmundo-ferrer-garces-ca","tag-la-hoya-de-bunol-chiva-ca","post_format-post-format-gallery"],"_links":{"self":[{"href":"https:\/\/tucomarca.whitekongsoftware.com\/ca\/wp-json\/wp\/v2\/posts\/154870","targetHints":{"allow":["GET"]}}],"collection":[{"href":"https:\/\/tucomarca.whitekongsoftware.com\/ca\/wp-json\/wp\/v2\/posts"}],"about":[{"href":"https:\/\/tucomarca.whitekongsoftware.com\/ca\/wp-json\/wp\/v2\/types\/post"}],"author":[{"embeddable":true,"href":"https:\/\/tucomarca.whitekongsoftware.com\/ca\/wp-json\/wp\/v2\/users\/12"}],"replies":[{"embeddable":true,"href":"https:\/\/tucomarca.whitekongsoftware.com\/ca\/wp-json\/wp\/v2\/comments?post=154870"}],"version-history":[{"count":0,"href":"https:\/\/tucomarca.whitekongsoftware.com\/ca\/wp-json\/wp\/v2\/posts\/154870\/revisions"}],"wp:featuredmedia":[{"embeddable":true,"href":"https:\/\/tucomarca.whitekongsoftware.com\/ca\/wp-json\/wp\/v2\/media\/154852"}],"wp:attachment":[{"href":"https:\/\/tucomarca.whitekongsoftware.com\/ca\/wp-json\/wp\/v2\/media?parent=154870"}],"wp:term":[{"taxonomy":"category","embeddable":true,"href":"https:\/\/tucomarca.whitekongsoftware.com\/ca\/wp-json\/wp\/v2\/categories?post=154870"},{"taxonomy":"post_tag","embeddable":true,"href":"https:\/\/tucomarca.whitekongsoftware.com\/ca\/wp-json\/wp\/v2\/tags?post=154870"}],"curies":[{"name":"wp","href":"https:\/\/api.w.org\/{rel}","templated":true}]}}