{"id":154819,"date":"2022-04-14T10:21:00","date_gmt":"2022-04-14T08:21:00","guid":{"rendered":"http:\/\/www.tucomarca.com\/wordpress\/segunda\/?p=154819"},"modified":"2022-04-14T12:23:36","modified_gmt":"2022-04-14T10:23:36","slug":"eu-mostra-la-seua-preocupacio-pel-retard-en-linici-de-les-obres-dampliacio-del-centre-de-salut-dalgemesi","status":"publish","type":"post","link":"https:\/\/tucomarca.whitekongsoftware.com\/ca\/eu-mostra-la-seua-preocupacio-pel-retard-en-linici-de-les-obres-dampliacio-del-centre-de-salut-dalgemesi\/","title":{"rendered":"EU mostra la seua preocupaci\u00f3 pel retard en l&#8217;inici de les obres d&#8217;ampliaci\u00f3 del Centre de Salut d&#8217;Algemes\u00ed"},"content":{"rendered":"\n<p class=\"wp-block-paragraph\"><strong>El regiror de Salut insta a la Consellera a activar la construcci\u00f3.\u00a0<\/strong><\/p>\n\n\n\n<p class=\"wp-block-paragraph\">&#8220;Ja portem m\u00e9s de 10 anys de retr\u00e0s en el que hauria de ser l\u2019ampliaci\u00f3 del Centre de Salut de la Pla\u00e7a de la Ribera, una ampliaci\u00f3 que permetr\u00e0 augmentar l\u2019espai de la sala de rehabilitaci\u00f3, de les consultes de les matrones i augmentar el n\u00famero de consultes, incl\u00fas per a consultes externes, i que a m\u00e9s del que es despr\u00e8n del Pla Funcional convertiria el nostre Centre de Salut en el que s\u2019anomena un Centre de Salut Integral, per atendre dol\u00e8ncies sense derivar l\u2019 hospital&#8221;, senos denuncien des de EU.\u00a0<\/p>\n\n\n\n<p class=\"wp-block-paragraph\">&#8220;Fa uns 3 anys es va procedir a enderrocar els garatges adjacents, per\u00f2 ara sembla que el problema est\u00e0 en un centre de transformaci\u00f3 el\u00e8ctrica, i per al regidor de Salut, Ximo Rosell \u00e9s incomprensible el retr\u00e0s, i com un problema d\u2019este tipus \u00e9s tan dif\u00edcil de solucionar, impedint una millora imprescindible per la nostra ciutadania. Per aix\u00f2 anem a instar a la Consellera de Sanitat a solucionar l\u2019assumpte el m\u00e9s aviat possible&#8221;.\u00a0<\/p>\n\n\n\n<p class=\"wp-block-paragraph\">&#8220;Algemes\u00ed i la seua ciutadania ni podem ni volem m\u00e9s retards en l&#8217;ampliaci\u00f3 i adequaci\u00f3 necess\u00e0ria del nostre Centre de Salut. La nostra sanitat mereix un exercici de comprom\u00eds i responsabilitat. La gent d\u2019Algemes\u00ed no pot continuar sent castigada d\u2019esta forma&#8221;, han finalizar.\u00a0<\/p>\n","protected":false},"excerpt":{"rendered":"<div class=\"mh-excerpt\">El regiror de Salut insta a la Consellera a activar la construcci\u00f3.\u00a0 &#8220;Ja portem m\u00e9s de 10 anys de retr\u00e0s en el que hauria de ser l\u2019ampliaci\u00f3 del Centre de Salut de la Pla\u00e7a de <a class=\"mh-excerpt-more\" href=\"https:\/\/tucomarca.whitekongsoftware.com\/ca\/eu-mostra-la-seua-preocupacio-pel-retard-en-linici-de-les-obres-dampliacio-del-centre-de-salut-dalgemesi\/\" title=\"EU mostra la seua preocupaci\u00f3 pel retard en l&#8217;inici de les obres d&#8217;ampliaci\u00f3 del Centre de Salut d&#8217;Algemes\u00ed\">[+] <\/a><\/div>\n","protected":false},"author":1,"featured_media":154816,"comment_status":"open","ping_status":"open","sticky":false,"template":"","format":"standard","meta":{"footnotes":""},"categories":[10983,10948,10894,10904,10902,10947,10896],"tags":[11081,14942,11570,11077],"class_list":["post-154819","post","type-post","status-publish","format-standard","has-post-thumbnail","category-algemesi-ca","category-infraestructuras-ca","category-la-comarca-ca","category-sin-categorizar-ca","category-la-ribera-ca","category-politica","category-seccion-ca","tag-algemesi-ca","tag-eu-algemesi-ca","tag-eupv-ca","tag-la-ribera-alta-ca"],"_links":{"self":[{"href":"https:\/\/tucomarca.whitekongsoftware.com\/ca\/wp-json\/wp\/v2\/posts\/154819","targetHints":{"allow":["GET"]}}],"collection":[{"href":"https:\/\/tucomarca.whitekongsoftware.com\/ca\/wp-json\/wp\/v2\/posts"}],"about":[{"href":"https:\/\/tucomarca.whitekongsoftware.com\/ca\/wp-json\/wp\/v2\/types\/post"}],"author":[{"embeddable":true,"href":"https:\/\/tucomarca.whitekongsoftware.com\/ca\/wp-json\/wp\/v2\/users\/1"}],"replies":[{"embeddable":true,"href":"https:\/\/tucomarca.whitekongsoftware.com\/ca\/wp-json\/wp\/v2\/comments?post=154819"}],"version-history":[{"count":0,"href":"https:\/\/tucomarca.whitekongsoftware.com\/ca\/wp-json\/wp\/v2\/posts\/154819\/revisions"}],"wp:featuredmedia":[{"embeddable":true,"href":"https:\/\/tucomarca.whitekongsoftware.com\/ca\/wp-json\/wp\/v2\/media\/154816"}],"wp:attachment":[{"href":"https:\/\/tucomarca.whitekongsoftware.com\/ca\/wp-json\/wp\/v2\/media?parent=154819"}],"wp:term":[{"taxonomy":"category","embeddable":true,"href":"https:\/\/tucomarca.whitekongsoftware.com\/ca\/wp-json\/wp\/v2\/categories?post=154819"},{"taxonomy":"post_tag","embeddable":true,"href":"https:\/\/tucomarca.whitekongsoftware.com\/ca\/wp-json\/wp\/v2\/tags?post=154819"}],"curies":[{"name":"wp","href":"https:\/\/api.w.org\/{rel}","templated":true}]}}