{"id":154795,"date":"2022-04-13T18:00:00","date_gmt":"2022-04-13T16:00:00","guid":{"rendered":"http:\/\/www.tucomarca.com\/wordpress\/segunda\/?p=154795"},"modified":"2022-04-14T12:04:06","modified_gmt":"2022-04-14T10:04:06","slug":"bunyol-recrea-les-pasques-de-fa-anys-amb-fotos-de-les-antigues-cuadrillicas-en-els-paratges-naturals-del-municipi","status":"publish","type":"post","link":"https:\/\/tucomarca.whitekongsoftware.com\/ca\/bunyol-recrea-les-pasques-de-fa-anys-amb-fotos-de-les-antigues-cuadrillicas-en-els-paratges-naturals-del-municipi\/","title":{"rendered":"Bunyol recrea les Pasq\u00fces de fa anys amb fotos de les antigues \u201ccuadrillicas\u201d en els paratges naturals del municipi"},"content":{"rendered":"\n<h4 class=\"wp-block-heading\">Abasten des de finals de 1800 fins a l&#8217;actualitat. S\u00f3n al Parc de la Violeta, Xiprer i Roquillo, tot paratges naturals que es visitaran aquests dies festius.&nbsp;<\/h4>\n\n\n\n<figure class=\"wp-block-image size-large\"><img loading=\"lazy\" decoding=\"async\" width=\"1024\" height=\"473\" src=\"http:\/\/www.tucomarca.com\/wordpress\/segunda\/wp-content\/uploads\/2022\/04\/BunolExpoPascua2-1024x473.jpg\" alt=\"\" class=\"wp-image-154792\" srcset=\"https:\/\/tucomarca.whitekongsoftware.com\/wp-content\/uploads\/2022\/04\/BunolExpoPascua2-1024x473.jpg 1024w, https:\/\/tucomarca.whitekongsoftware.com\/wp-content\/uploads\/2022\/04\/BunolExpoPascua2-300x138.jpg 300w, https:\/\/tucomarca.whitekongsoftware.com\/wp-content\/uploads\/2022\/04\/BunolExpoPascua2-768x354.jpg 768w, https:\/\/tucomarca.whitekongsoftware.com\/wp-content\/uploads\/2022\/04\/BunolExpoPascua2-1536x709.jpg 1536w, https:\/\/tucomarca.whitekongsoftware.com\/wp-content\/uploads\/2022\/04\/BunolExpoPascua2.jpg 2048w\" sizes=\"auto, (max-width: 1024px) 100vw, 1024px\" \/><\/figure>\n\n\n\n<p class=\"wp-block-paragraph\">En els paratges de la localitat, Rafa P\u00e9rez, regidor de Cultura Popular, Patrimoni i de Serveis Municipals de l&#8217;Ajuntament de Bunyol, a m\u00e9s de primer Tinent d&#8217;Alcalde, informa la poblaci\u00f3 de la instal\u00b7laci\u00f3 de panells amb fotografies antigues de ve\u00efns que visitaven els paratges de la localitat en aquests temps de Pasq\u00fces, &#8220;rememorant com eren abans, com eren tamb\u00e9 els nostres avantpassats i com gaudien de les visites als nostres llocs naturals m\u00e9s emblem\u00e0tics, que continuen sent id\u00edl\u00b7lics i \u00fanics&#8221;.\u00a0<br>L&#8217;edil bu\u00f1olense va confirmar que aquesta exposici\u00f3 &#8220;est\u00e0 tenint gran acolliment entre la ciutadania i que l&#8217;objectiu \u00e9s augmentar-la perqu\u00e8 ve\u00efns i visitants puguen con\u00e9ixer i descobrir com eren les Pasq\u00fces a Bunyol en el segle passat, com el celebraven els nostres avis i fins i tot recon\u00e9ixer-nos en alguna de les imatges m\u00e9s actuals, on els grups d&#8217;amics van vestits amb esl\u00f2gans en les seues samarretes amb fons de tots els nostres llocs, que continuen sent referent en tota la Comunitat Valenciana\u201d.\u00a0<br>P\u00e9rez confirma que les fotografies recopilades &#8220;abasten des de finals de 1800 fins a l&#8217;actualitat. Es tracta de panells fotogr\u00e0fics instal\u00b7lats al Parc de la Violeta, Xiprer i Roquillo, tot paratges naturals que es visitaran aquests dies festius&#8221;.\u00a0<br>\u201cRecord a la nostra hist\u00f2ria, la nostra cultura, el nostre patrimoni natural i les nostres gents, objectiu d&#8217;aquesta exposici\u00f3 que pret\u00e9n ampliar-se en el temps i que continua rebent instant\u00e0nies de tots els ve\u00efns que vulguen fer-li-les arribar\u201d, finalitza Rafa P\u00e9rez.<\/p>\n","protected":false},"excerpt":{"rendered":"<div class=\"mh-excerpt\">Abasten des de finals de 1800 fins a l&#8217;actualitat. S\u00f3n al Parc de la Violeta, Xiprer i Roquillo, tot paratges naturals que es visitaran aquests dies festius.&nbsp; En els paratges de la localitat, Rafa P\u00e9rez, <a class=\"mh-excerpt-more\" href=\"https:\/\/tucomarca.whitekongsoftware.com\/ca\/bunyol-recrea-les-pasques-de-fa-anys-amb-fotos-de-les-antigues-cuadrillicas-en-els-paratges-naturals-del-municipi\/\" title=\"Bunyol recrea les Pasq\u00fces de fa anys amb fotos de les antigues \u201ccuadrillicas\u201d en els paratges naturals del municipi\">[+] <\/a><\/div>\n","protected":false},"author":12,"featured_media":154791,"comment_status":"open","ping_status":"open","sticky":false,"template":"","format":"standard","meta":{"footnotes":""},"categories":[10911,10894,10912,10896],"tags":[11158,10913,10914,11994],"class_list":["post-154795","post","type-post","status-publish","format-standard","has-post-thumbnail","category-bunol-ca","category-la-comarca-ca","category-la-hoya-ca","category-seccion-ca","tag-ayuntamiento-de-bunol-ca","tag-bunol-ca","tag-la-hoya-de-bunol-chiva-ca","tag-pascuas-ca"],"_links":{"self":[{"href":"https:\/\/tucomarca.whitekongsoftware.com\/ca\/wp-json\/wp\/v2\/posts\/154795","targetHints":{"allow":["GET"]}}],"collection":[{"href":"https:\/\/tucomarca.whitekongsoftware.com\/ca\/wp-json\/wp\/v2\/posts"}],"about":[{"href":"https:\/\/tucomarca.whitekongsoftware.com\/ca\/wp-json\/wp\/v2\/types\/post"}],"author":[{"embeddable":true,"href":"https:\/\/tucomarca.whitekongsoftware.com\/ca\/wp-json\/wp\/v2\/users\/12"}],"replies":[{"embeddable":true,"href":"https:\/\/tucomarca.whitekongsoftware.com\/ca\/wp-json\/wp\/v2\/comments?post=154795"}],"version-history":[{"count":0,"href":"https:\/\/tucomarca.whitekongsoftware.com\/ca\/wp-json\/wp\/v2\/posts\/154795\/revisions"}],"wp:featuredmedia":[{"embeddable":true,"href":"https:\/\/tucomarca.whitekongsoftware.com\/ca\/wp-json\/wp\/v2\/media\/154791"}],"wp:attachment":[{"href":"https:\/\/tucomarca.whitekongsoftware.com\/ca\/wp-json\/wp\/v2\/media?parent=154795"}],"wp:term":[{"taxonomy":"category","embeddable":true,"href":"https:\/\/tucomarca.whitekongsoftware.com\/ca\/wp-json\/wp\/v2\/categories?post=154795"},{"taxonomy":"post_tag","embeddable":true,"href":"https:\/\/tucomarca.whitekongsoftware.com\/ca\/wp-json\/wp\/v2\/tags?post=154795"}],"curies":[{"name":"wp","href":"https:\/\/api.w.org\/{rel}","templated":true}]}}