{"id":154735,"date":"2022-04-13T20:00:00","date_gmt":"2022-04-13T18:00:00","guid":{"rendered":"http:\/\/www.tucomarca.com\/wordpress\/segunda\/?p=154735"},"modified":"2022-04-14T11:47:55","modified_gmt":"2022-04-14T09:47:55","slug":"lhospital-de-la-ribera-redueix-prop-dun-50-la-duracio-del-tractament-radioterapic-del-cancer-de-mama-i-prostata","status":"publish","type":"post","link":"https:\/\/tucomarca.whitekongsoftware.com\/ca\/lhospital-de-la-ribera-redueix-prop-dun-50-la-duracio-del-tractament-radioterapic-del-cancer-de-mama-i-prostata\/","title":{"rendered":"L&#8217;Hospital de la Ribera redueix prop d&#8217;un 50% la duraci\u00f3 del tractament radioter\u00e0pic del c\u00e0ncer de mama i pr\u00f2stata"},"content":{"rendered":"\n<h4 class=\"wp-block-heading\">Ha estat possible gr\u00e0cies al nou Accelerador Lineal que l&#8217;hospital alzireny va incorporar en 2020 i del qual ja s&#8217;han beneficiat 869 pacients<\/h4>\n\n\n\n<h4 class=\"wp-block-heading\">El nou equip ha perm\u00e9s, igualment, realitzar tractaments i t\u00e8cniques especialitzades i precises, com la radioter\u00e0pia esterot\u00e0xica cranial per a met\u00e0stasis cerebrals m\u00faltiples<\/h4>\n\n\n\n<h4 class=\"wp-block-heading\">En l&#8217;aposta de la Conselleria de Sanitat per millorar la dotaci\u00f3 tecnol\u00f2gica de la comarca, l&#8217;Hospital d&#8217;Alzira comptar\u00e0 amb un tercer accelerador lineal i renovar\u00e0 un altre en 2023<\/h4>\n\n\n\n<p class=\"wp-block-paragraph\">El Servei de Radioter\u00e0pia Oncol\u00f2gica de l&#8217;Hospital Universitari de la Ribera ha redu\u00eft pr\u00e0cticament a la meitat, el tractament radioter\u00e0pic del c\u00e0ncer de mama i pr\u00f2stata.&nbsp;<\/p>\n\n\n\n<p class=\"wp-block-paragraph\">Aix\u00ed, en 2021, s&#8217;ha completat el tractament dels tumors de mama en un termini inferior a 21 dies (quan abans es realitzava en 37 dies), mentre que els de pr\u00f2stata han passat a realitzar-se en 20 dies (enfront dels 38 dies que es tardava amb anterioritat).&nbsp;<\/p>\n\n\n\n<p class=\"wp-block-paragraph\">Segons ha destacat el cap del Servei de Radioter\u00e0pia de l&#8217;Hospital de la Ribera, Dr. Miguel Soler, \u201cesta reducci\u00f3, que ens est\u00e0 permetent agilitar l&#8217;abordatge d&#8217;esta mena de tumors, est\u00e0 sent possible gr\u00e0cies a l&#8217;\u00faltim Accelerador Lineal que l&#8217;Hospital d&#8217;Alzira va posar en marxa al juny de 2020 i del qual ja s&#8217;han beneficiat 869 pacients\u201d.<\/p>\n\n\n\n<p class=\"wp-block-paragraph\">Aix\u00ed, \u201ceste equip compta amb un sistema d&#8217;irradiaci\u00f3 mil\u00b7lim\u00e8trica, que possibilita aplicar en cada sessi\u00f3 una dosi de radiaci\u00f3 major sobre el tumor, sense afectar els teixits circumdants sans i acurtant, per tant, el nombre de sessions que s\u00f3n necess\u00e0ries per a tractar el tumor\u201d, ha afirmat el Dr. Soler, qui ha assenyalat que \u201cd&#8217;esta manera, es redueix l&#8217;estr\u00e9s que este tipus de tractaments genera en el pacient\u201d.&nbsp;<\/p>\n\n\n\n<p class=\"wp-block-paragraph\">Junt amb aix\u00f2, en poder controlar els feixos de radiaci\u00f3, \u201ceste nou Accelerador Lineal permet minimitzar els efectes secundaris (fatiga, pneum\u00f2nia, diarrea o irritaci\u00f3 de la pell), molt freq\u00fcents en els pacients despr\u00e9s d&#8217;esta mena de sessions\u201d, ha destacat el cap del Servei de Radioter\u00e0pia.&nbsp;<\/p>\n\n\n\n<p class=\"wp-block-paragraph\">A m\u00e9s a m\u00e9s, des de la seua posada en funcionament, el nou Accelerador Lineal de l&#8217;Hospital de la Ribera ha perm\u00e9s dur a terme prop de 11.200 sessions de Radioter\u00e0pia, sent els de mama, pr\u00f2stata i pulm\u00f3, per este ordre, els tumors m\u00e9s tractats.&nbsp;<\/p>\n\n\n\n<p class=\"wp-block-paragraph\">Igualment, gr\u00e0cies a este accelerador lineal, l&#8217;Hospital d&#8217;Alzira ha pogut dur a terme tractaments altament especialitzats i t\u00e8cniques de gran precisi\u00f3 en m\u00e9s de 75 pacients, com s\u00f3n la radioter\u00e0pia estereot\u00e0xica cranial per a irradiar met\u00e0stasis cerebrals m\u00faltiples i l\u2019extracraneal.<\/p>\n\n\n\n<p class=\"wp-block-paragraph\"><strong>Aposta per l&#8217;alta tecnologia hospital\u00e0ria<\/strong><\/p>\n\n\n\n<p class=\"wp-block-paragraph\">L&#8217;Accelerador Lineal incorporat en 2020, un TrueBeam, que \u00e9s com es coneix a l&#8217;\u00faltima generaci\u00f3 d&#8217;acceleradors lineals que existeixen en el mercat, compta amb els sistemes m\u00e9s avan\u00e7ats de radioter\u00e0pia guiada per la imatge, la qual cosa permet destruir les c\u00e8l\u00b7lules canceroses, reduint, al mateix temps, la toxicitat en els \u00f2rgans sans adjacents<\/p>\n\n\n\n<p class=\"wp-block-paragraph\">Segons el Dr. Soler, \u201cla incorporaci\u00f3 d&#8217;este equip ens ha ajudat a millorar el resultat cl\u00ednic dels tractaments. En l&#8217;abordatge dels c\u00e0ncers de mama o pulm\u00f3, per exemple, compta amb un sistema de control respiratori per a tractar els tumors amb m\u00e0xima exactitud, fins i tot quan el pit puga veure modificada la seua posici\u00f3 pel moviment respiratori, la qual cosa evita que la irradiaci\u00f3 arribe fins al cor o s&#8217;irradie alguna zona de pulm\u00f3 de manera innecess\u00e0ria\u201d.<\/p>\n\n\n\n<p class=\"wp-block-paragraph\">Cal recordar que en l&#8217;aposta que la Conselleria de Sanitat est\u00e0 realitzant per millorar la dotaci\u00f3 tecnol\u00f2gica de la comarca, l&#8217;Hospital d&#8217;Alzira, mitjan\u00e7ant el Pla Inveat, comptar\u00e0 amb un tercer accelerador lineal i renovar\u00e0 un altre en 2023. L&#8217;objectiu \u00faltim \u00e9s el de contribuir a incrementar la superviv\u00e8ncia global i la qualitat de vida dels ciutadans de la Ribera.&nbsp;<\/p>\n\n\n\n<p class=\"wp-block-paragraph\"><\/p>\n","protected":false},"excerpt":{"rendered":"<div class=\"mh-excerpt\">Ha estat possible gr\u00e0cies al nou Accelerador Lineal que l&#8217;hospital alzireny va incorporar en 2020 i del qual ja s&#8217;han beneficiat 869 pacients El nou equip ha perm\u00e9s, igualment, realitzar tractaments i t\u00e8cniques especialitzades i <a class=\"mh-excerpt-more\" href=\"https:\/\/tucomarca.whitekongsoftware.com\/ca\/lhospital-de-la-ribera-redueix-prop-dun-50-la-duracio-del-tractament-radioterapic-del-cancer-de-mama-i-prostata\/\" title=\"L&#8217;Hospital de la Ribera redueix prop d&#8217;un 50% la duraci\u00f3 del tractament radioter\u00e0pic del c\u00e0ncer de mama i pr\u00f2stata\">[+] <\/a><\/div>\n","protected":false},"author":12,"featured_media":154734,"comment_status":"open","ping_status":"open","sticky":false,"template":"","format":"standard","meta":{"footnotes":""},"categories":[10889,11010,10898,10948,10894,10902,10947,10896],"tags":[16879,12491,11356,16880,16881],"class_list":["post-154735","post","type-post","status-publish","format-standard","has-post-thumbnail","category-alzira-cat","category-canal-salud","category-ventana-ca","category-infraestructuras-ca","category-la-comarca-ca","category-la-ribera-ca","category-politica","category-seccion-ca","tag-acelerador-lineal-ca","tag-hospital-de-la-ribera-ca","tag-ribera-alta-ca","tag-servicio-de-radioterapia-oncologica-ca","tag-tratamiento-oncologico-ca"],"_links":{"self":[{"href":"https:\/\/tucomarca.whitekongsoftware.com\/ca\/wp-json\/wp\/v2\/posts\/154735","targetHints":{"allow":["GET"]}}],"collection":[{"href":"https:\/\/tucomarca.whitekongsoftware.com\/ca\/wp-json\/wp\/v2\/posts"}],"about":[{"href":"https:\/\/tucomarca.whitekongsoftware.com\/ca\/wp-json\/wp\/v2\/types\/post"}],"author":[{"embeddable":true,"href":"https:\/\/tucomarca.whitekongsoftware.com\/ca\/wp-json\/wp\/v2\/users\/12"}],"replies":[{"embeddable":true,"href":"https:\/\/tucomarca.whitekongsoftware.com\/ca\/wp-json\/wp\/v2\/comments?post=154735"}],"version-history":[{"count":0,"href":"https:\/\/tucomarca.whitekongsoftware.com\/ca\/wp-json\/wp\/v2\/posts\/154735\/revisions"}],"wp:featuredmedia":[{"embeddable":true,"href":"https:\/\/tucomarca.whitekongsoftware.com\/ca\/wp-json\/wp\/v2\/media\/154734"}],"wp:attachment":[{"href":"https:\/\/tucomarca.whitekongsoftware.com\/ca\/wp-json\/wp\/v2\/media?parent=154735"}],"wp:term":[{"taxonomy":"category","embeddable":true,"href":"https:\/\/tucomarca.whitekongsoftware.com\/ca\/wp-json\/wp\/v2\/categories?post=154735"},{"taxonomy":"post_tag","embeddable":true,"href":"https:\/\/tucomarca.whitekongsoftware.com\/ca\/wp-json\/wp\/v2\/tags?post=154735"}],"curies":[{"name":"wp","href":"https:\/\/api.w.org\/{rel}","templated":true}]}}