{"id":154540,"date":"2022-04-12T08:55:00","date_gmt":"2022-04-12T06:55:00","guid":{"rendered":"http:\/\/www.tucomarca.com\/wordpress\/segunda\/?p=154540"},"modified":"2022-04-12T12:57:13","modified_gmt":"2022-04-12T10:57:13","slug":"la-comarca-requena-utiel-rebra-58-milions-deuros-de-la-diputacio-en-el-pla-dinversions-2022-23","status":"publish","type":"post","link":"https:\/\/tucomarca.whitekongsoftware.com\/ca\/la-comarca-requena-utiel-rebra-58-milions-deuros-de-la-diputacio-en-el-pla-dinversions-2022-23\/","title":{"rendered":"La comarca Requena-Utiel rebr\u00e0 5,8 milions d&#8217;euros de la Diputaci\u00f3 en el Pla d&#8217;Inversions 2022-23"},"content":{"rendered":"\n<h4 class=\"wp-block-heading\"><strong><strong>Els nou municipis i les mancomunitats Tierra del Vino i El Tejo tenen assignats 5.775.980 euros. Requena, amb 1.618.168 euros, \u00e9s l&#8217;ajuntament de la prov\u00edncia al qual m\u00e9s diners arribaran en este repartiment<\/strong><\/strong><\/h4>\n\n\n\n<h4 class=\"wp-block-heading\"><strong><strong>El president Gaspar i el vicepresident Bielsa presenten el Pla d&#8217;Inversions 2022-23 que repartir\u00e0 70 milions d\u2019euros enguany i la mateixa quantitat l\u2019any que ve entre 264 ajuntaments valencians<\/strong><\/strong><\/h4>\n\n\n\n<h4 class=\"wp-block-heading\"><strong><strong>Entre les novetats destaca la reducci\u00f3 de la burocr\u00e0cia en poder visar els projectes els t\u00e8cnics locals i agilitar aix\u00ed la seua execuci\u00f3. Es valora que la localitat compte amb pla d&#8217;igualtat i zones verdes<\/strong><\/strong><\/h4>\n\n\n\n<figure class=\"wp-block-image size-large\"><img loading=\"lazy\" decoding=\"async\" width=\"444\" height=\"353\" src=\"http:\/\/www.tucomarca.com\/wordpress\/segunda\/wp-content\/uploads\/2022\/04\/RequenaDipu.jpg\" alt=\"\" class=\"wp-image-154541\" srcset=\"https:\/\/tucomarca.whitekongsoftware.com\/wp-content\/uploads\/2022\/04\/RequenaDipu.jpg 444w, https:\/\/tucomarca.whitekongsoftware.com\/wp-content\/uploads\/2022\/04\/RequenaDipu-300x239.jpg 300w\" sizes=\"auto, (max-width: 444px) 100vw, 444px\" \/><\/figure>\n\n\n\n<p class=\"wp-block-paragraph\">Els municipis de la Plana d&#8217;Utiel-Requena rebran 5.775.980 euros de la Diputaci\u00f3 de Val\u00e8ncia en el marc del Pla d&#8217;Inversions 2022-23. Els nou ajuntaments i les mancomunitats Tierra del Vino i El Tejo entraran en este repartiment, que oscil\u00b7la entre l&#8217;1.618.168 euros de Requena, la localitat amb major dotaci\u00f3 de la prov\u00edncia en tindre en consideraci\u00f3 la seua \u00e0mplia superf\u00edcie i l&#8217;elevat nombre de llogarets, i els 350.000 euros de Caudete de las Fuentes. A m\u00e9s, Utiel t\u00e9 assignats 954.000 euros i Venta del Moro prop de 600.000.<\/p>\n\n\n\n<p class=\"wp-block-paragraph\">La Diputaci\u00f3 de Val\u00e8ncia ha presentat este dilluns, davant m\u00e9s de 200 alcaldes i alcaldesses de la prov\u00edncia, la proposta de Pla d&#8217;Inversions per a enguany i el pr\u00f2xim exercici, amb una dotaci\u00f3 de 140 milions d&#8217;euros que refor\u00e7a l&#8217;aposta per l&#8217;autonomia municipal i la liquiditat que necessiten els ajuntaments per a millorar infraestructures i serveis. Despr\u00e9s de l&#8217;experi\u00e8ncia dels \u00faltims anys, la principal novetat del pla biennal \u00e9s la possibilitat que els t\u00e8cnics locals visen els projectes amb la finalitat d&#8217;agilitar la tramitaci\u00f3 i posterior execuci\u00f3 de les obres.<\/p>\n\n\n\n<p class=\"wp-block-paragraph\">Aix\u00ed ho ha manifestat el president, Toni Gaspar, en l&#8217;acte multitudinari que ha tingut lloc en l&#8217;edifici Veles e Vents de la Marina. \u201cLa Diputaci\u00f3 mantindr\u00e0 el pols inversor en els municipis, que continuaran disposant de recursos econ\u00f2mics com mai han tingut per a millorar les seues infraestructures. Els responsables locals seran els que decidisquen a quines obres o actuacions destinen els diners, aix\u00f2 no canvia; per\u00f2 hem volgut anar m\u00e9s enll\u00e0 i no sols incrementar la partida sin\u00f3 permetre als t\u00e8cnics dels ajuntaments donar el vistiplau als projectes, per a reduir burocr\u00e0cia i que es puguen executar amb major agilitat\u201d.<\/p>\n\n\n\n<p class=\"wp-block-paragraph\">Acompanyat pel vicepresident i responsable de Cooperaci\u00f3 Municipal i Cohesi\u00f3 Territorial, Carlos Fern\u00e1ndez Bielsa, el president ha posat en valor els principis d&#8217;autonomia, just\u00edcia, igualtat, efic\u00e0cia i sostenibilitat sobre els quals es basa esta proposta de pla biennal d&#8217;inversions que duplica les ajudes directes als municipis respecte a l&#8217;anterior legislatura. Gaspar ha explicat que els t\u00e8cnics provincials donaran suport a tots els consistoris en la tramitaci\u00f3 de les obres, especialment \u201cals m\u00e9s xicotets, que s\u00f3n els que m\u00e9s necessiten l&#8217;ajuda i els recursos de la Diputaci\u00f3 per a fer front al repte burocr\u00e0tic\u201d.<\/p>\n\n\n\n<p class=\"wp-block-paragraph\">De l&#8217;explicaci\u00f3 de la f\u00f3rmula per a repartir eixes ajudes s&#8217;ha encarregat el vicepresident Bielsa, que ha destacat com a nous els incentius per als ajuntaments que compten amb plans d&#8217;igualtat municipals, paratges naturals i zones verdes, criteris que se sumen a uns altres ja inclosos en el pla com la taxa de desocupaci\u00f3, l&#8217;exist\u00e8ncia de nuclis hist\u00f2rics amb valor patrimonial o l&#8217;esfor\u00e7 fiscal dels consistoris.<\/p>\n\n\n\n<p class=\"wp-block-paragraph\"><strong>Els criteris<\/strong><\/p>\n\n\n\n<p class=\"wp-block-paragraph\">Carlos Fern\u00e1ndez Bielsa ha detallat els criteris que justifiquen les quantitats finals incloses en la proposta de Pla d&#8217;Inversions de la Diputaci\u00f3, amb una part fixa, prorratejada de manera equitativa entre els 264 ens locals, que suposa al voltant d&#8217;un 35% dels 140 milions d&#8217;euros. A m\u00e9s, un altre 30% de l&#8217;ajuda es concedix en funci\u00f3 de la poblaci\u00f3 i el 10% segons la superf\u00edcie.<\/p>\n\n\n\n<p class=\"wp-block-paragraph\">La resta de la quantitat assignada a cada ajuntament dep\u00e9n de criteris com el cost per la prestaci\u00f3 de serveis p\u00fablics; la posada en marxa de plans de mobilitat sostenible; i l&#8217;exist\u00e8ncia de plans d&#8217;igualtat i zones verdes municipals, de la valoraci\u00f3 dels quals dep\u00e9n un 5% i un 2% respectivament de l&#8217;aportaci\u00f3 final a cada poblaci\u00f3. Una altra de les novetats \u00e9s que els consistoris podran destinar fins a un 1,25% de la quantitat que reben a l&#8217;elaboraci\u00f3 d&#8217;un pla antifrau, de car\u00e0cter voluntari.<\/p>\n\n\n\n<p class=\"wp-block-paragraph\">En paraules de Bielsa, \u201cel nou pla biennal amb el qual arribarem al final de la legislatura insistix en l&#8217;esfor\u00e7 pressupostari per a dotar amb molts m\u00e9s recursos un programa unificat d&#8217;inversions en obres i serveis que dona resposta a les necessitats dels municipis\u201d. Per\u00f2 a m\u00e9s, afig el responsable de Cooperaci\u00f3 Municipal, \u201cestarem m\u00e9s prop dels t\u00e8cnics locals per a agilitar l&#8217;execuci\u00f3 de les obres, especialment en eixe 70% dels pobles amb menys de 5.000 habitants, que s\u00f3n els que tenen una major depend\u00e8ncia de les inversions supramunicipals\u201d.<\/p>\n","protected":false},"excerpt":{"rendered":"<div class=\"mh-excerpt\">Els nou municipis i les mancomunitats Tierra del Vino i El Tejo tenen assignats 5.775.980 euros. Requena, amb 1.618.168 euros, \u00e9s l&#8217;ajuntament de la prov\u00edncia al qual m\u00e9s diners arribaran en este repartiment El president <a class=\"mh-excerpt-more\" href=\"https:\/\/tucomarca.whitekongsoftware.com\/ca\/la-comarca-requena-utiel-rebra-58-milions-deuros-de-la-diputacio-en-el-pla-dinversions-2022-23\/\" title=\"La comarca Requena-Utiel rebr\u00e0 5,8 milions d&#8217;euros de la Diputaci\u00f3 en el Pla d&#8217;Inversions 2022-23\">[+] <\/a><\/div>\n","protected":false},"author":1,"featured_media":136494,"comment_status":"open","ping_status":"open","sticky":false,"template":"","format":"standard","meta":{"footnotes":""},"categories":[11030,11031,11032,11054,10898,11055,10948,10894,10904,11056,10947,10908,10909,11057,10896,11058,11059,11060,11061],"tags":[11246,11401,10910],"class_list":["post-154540","post","type-post","status-publish","format-standard","has-post-thumbnail","category-campo-arcis-ca","category-camporrobles-ca","category-caudete-ca","category-chera-ca","category-ventana-ca","category-fuenterrobles-ca","category-infraestructuras-ca","category-la-comarca-ca","category-sin-categorizar-ca","category-las-cuevas-ca","category-politica","category-requena-ca","category-requena-utiel-ca","category-san-antonio-ca","category-seccion-ca","category-sinarcas-ca","category-utiel-ca","category-venta-del-moro-ca","category-villargordo-del-cabriel-ca","tag-diputacio-de-valencia-ca","tag-diputacion-de-valencia-ca","tag-requena-utiel-ca"],"_links":{"self":[{"href":"https:\/\/tucomarca.whitekongsoftware.com\/ca\/wp-json\/wp\/v2\/posts\/154540","targetHints":{"allow":["GET"]}}],"collection":[{"href":"https:\/\/tucomarca.whitekongsoftware.com\/ca\/wp-json\/wp\/v2\/posts"}],"about":[{"href":"https:\/\/tucomarca.whitekongsoftware.com\/ca\/wp-json\/wp\/v2\/types\/post"}],"author":[{"embeddable":true,"href":"https:\/\/tucomarca.whitekongsoftware.com\/ca\/wp-json\/wp\/v2\/users\/1"}],"replies":[{"embeddable":true,"href":"https:\/\/tucomarca.whitekongsoftware.com\/ca\/wp-json\/wp\/v2\/comments?post=154540"}],"version-history":[{"count":0,"href":"https:\/\/tucomarca.whitekongsoftware.com\/ca\/wp-json\/wp\/v2\/posts\/154540\/revisions"}],"wp:featuredmedia":[{"embeddable":true,"href":"https:\/\/tucomarca.whitekongsoftware.com\/ca\/wp-json\/wp\/v2\/media\/136494"}],"wp:attachment":[{"href":"https:\/\/tucomarca.whitekongsoftware.com\/ca\/wp-json\/wp\/v2\/media?parent=154540"}],"wp:term":[{"taxonomy":"category","embeddable":true,"href":"https:\/\/tucomarca.whitekongsoftware.com\/ca\/wp-json\/wp\/v2\/categories?post=154540"},{"taxonomy":"post_tag","embeddable":true,"href":"https:\/\/tucomarca.whitekongsoftware.com\/ca\/wp-json\/wp\/v2\/tags?post=154540"}],"curies":[{"name":"wp","href":"https:\/\/api.w.org\/{rel}","templated":true}]}}