{"id":154536,"date":"2022-04-12T10:00:00","date_gmt":"2022-04-12T08:00:00","guid":{"rendered":"http:\/\/www.tucomarca.com\/wordpress\/segunda\/?p=154536"},"modified":"2022-04-12T13:27:24","modified_gmt":"2022-04-12T11:27:24","slug":"continuen-en-xest-els-actes-del-cicle-de-recuperacio-de-la-memoria-democratica","status":"publish","type":"post","link":"https:\/\/tucomarca.whitekongsoftware.com\/ca\/continuen-en-xest-els-actes-del-cicle-de-recuperacio-de-la-memoria-democratica\/","title":{"rendered":"Continuen en Xest els actes del cicle de Recuperaci\u00f3 de la Mem\u00f2ria Democr\u00e0tica"},"content":{"rendered":"\n<p class=\"wp-block-paragraph\"><strong>El passat cap de setmana es van celebrar dos nous actes emmarcats en el cicle de Recuperaci\u00f3 de la Mem\u00f2ria Democr\u00e0tica, programat des de la regidoria de Cultura.<\/strong><\/p>\n\n\n\n<p class=\"wp-block-paragraph\"><strong>Documental sobre Antonio Machado<\/strong><\/p>\n\n\n\n<figure class=\"wp-block-image size-large\"><img loading=\"lazy\" decoding=\"async\" width=\"1024\" height=\"682\" src=\"http:\/\/www.tucomarca.com\/wordpress\/segunda\/wp-content\/uploads\/2022\/04\/Cheste_MemoriaDemocratica0-1024x682.jpg\" alt=\"\" class=\"wp-image-154528\" srcset=\"https:\/\/tucomarca.whitekongsoftware.com\/wp-content\/uploads\/2022\/04\/Cheste_MemoriaDemocratica0-1024x682.jpg 1024w, https:\/\/tucomarca.whitekongsoftware.com\/wp-content\/uploads\/2022\/04\/Cheste_MemoriaDemocratica0-300x200.jpg 300w, https:\/\/tucomarca.whitekongsoftware.com\/wp-content\/uploads\/2022\/04\/Cheste_MemoriaDemocratica0-768x512.jpg 768w, https:\/\/tucomarca.whitekongsoftware.com\/wp-content\/uploads\/2022\/04\/Cheste_MemoriaDemocratica0.jpg 1181w\" sizes=\"auto, (max-width: 1024px) 100vw, 1024px\" \/><\/figure>\n\n\n\n<p class=\"wp-block-paragraph\">El divendres, 8 d&#8217;abril, el teatre Liceu va acollir la projecci\u00f3 d&#8217;Antonio Machado. Els dies blaus, un documental de Laura Hojman que recull la biografia del poeta sevill\u00e0.&nbsp;<\/p>\n\n\n\n<p class=\"wp-block-paragraph\">\u201cAquest \u00e9s el segon acte que celebrem enguany dins del cicle de recuperaci\u00f3 de la Mem\u00f2ria Democr\u00e0tica. Estem recuperant la mem\u00f2ria del passat, d&#8217;un per\u00edode d&#8217;abans de la guerra que va ser democr\u00e0tic, amb una parada de quaranta anys, per a recuperar despr\u00e9s la democr\u00e0cia que tenim en els nostres dies. Com ja vam dir en el primer acte d&#8217;aquest cicle, en homenatge al chestano exiliat \u00c1ngel Tom\u00e1s: just\u00edcia, veritat i reparaci\u00f3 per a totes les v\u00edctimes del franquisme\u201d, declarava la regidora, M\u00aa \u00c1ngeles Llorente. \u201cLaura Hojman ens ofereix en aquest documental un retrat que cont\u00e9 tots els vessants d&#8217;Antonio Machado, la po\u00e8tica, la filos\u00f2fica i la docent. Per descomptat recull all\u00f2 que representa en la nostra hist\u00f2ria com a s\u00edmbol d&#8217;exili. Al seu torn, el documental destaca com el poeta resol\u00b7licita els valors de la instituci\u00f3 lliure d&#8217;ensenyament, que va traslladar a la seua vida i obra en la ferma creen\u00e7a que nom\u00e9s a trav\u00e9s de l&#8217;educaci\u00f3 i la cultura es pot aconseguir una societat millor\u201d.<\/p>\n\n\n\n<p class=\"wp-block-paragraph\"><strong>Obra de teatre<\/strong><\/p>\n\n\n\n<figure class=\"wp-block-image size-large\"><img loading=\"lazy\" decoding=\"async\" width=\"1024\" height=\"682\" src=\"http:\/\/www.tucomarca.com\/wordpress\/segunda\/wp-content\/uploads\/2022\/04\/Cheste_MemoriaDemocratica2-1024x682.jpg\" alt=\"\" class=\"wp-image-154532\" srcset=\"https:\/\/tucomarca.whitekongsoftware.com\/wp-content\/uploads\/2022\/04\/Cheste_MemoriaDemocratica2-1024x682.jpg 1024w, https:\/\/tucomarca.whitekongsoftware.com\/wp-content\/uploads\/2022\/04\/Cheste_MemoriaDemocratica2-300x200.jpg 300w, https:\/\/tucomarca.whitekongsoftware.com\/wp-content\/uploads\/2022\/04\/Cheste_MemoriaDemocratica2-768x512.jpg 768w, https:\/\/tucomarca.whitekongsoftware.com\/wp-content\/uploads\/2022\/04\/Cheste_MemoriaDemocratica2.jpg 1181w\" sizes=\"auto, (max-width: 1024px) 100vw, 1024px\" \/><\/figure>\n\n\n\n<p class=\"wp-block-paragraph\">El dissabte, 9 d&#8217;abril, el Liceu obria les seues portes per a la representaci\u00f3 de l&#8217;obra de teatre Quil\u00f2metres, oferida per MeriYanes Produccions. L&#8217;obra, a partir de materials biogr\u00e0fics \u00edntims i sensibles, com a cartes, diaris, testimoniatges o records, narra la hist\u00f2ria de dues fam\u00edlies al llarg del temps. \u201cUna de les hist\u00f2ries transcorre a trav\u00e9s dels anys en la mateixa ciutat, Girona, la qual assisteix a la transformaci\u00f3 del seu paisatge, per\u00f2 que roman arrelada en el seu passat, en els seus costums: un nombr\u00f3s clan familiar marcat per la religiositat dels avis. L&#8217;altra, itinerant i tropical, travessa l&#8217;oce\u00e0 per a finalment desembarcar en la mateixa riba des de la qual va haver de partir\u201d, explicava Llorente en la presentaci\u00f3 de l&#8217;espectacle.<\/p>\n","protected":false},"excerpt":{"rendered":"<div class=\"mh-excerpt\">El passat cap de setmana es van celebrar dos nous actes emmarcats en el cicle de Recuperaci\u00f3 de la Mem\u00f2ria Democr\u00e0tica, programat des de la regidoria de Cultura. Documental sobre Antonio Machado El divendres, 8 <a class=\"mh-excerpt-more\" href=\"https:\/\/tucomarca.whitekongsoftware.com\/ca\/continuen-en-xest-els-actes-del-cicle-de-recuperacio-de-la-memoria-democratica\/\" title=\"Continuen en Xest els actes del cicle de Recuperaci\u00f3 de la Mem\u00f2ria Democr\u00e0tica\">[+] <\/a><\/div>\n","protected":false},"author":12,"featured_media":154531,"comment_status":"open","ping_status":"open","sticky":false,"template":"","format":"standard","meta":{"footnotes":""},"categories":[10894,10912,11007,10947,10896,10974],"tags":[11071,10914,12287,16860],"class_list":["post-154536","post","type-post","status-publish","format-standard","has-post-thumbnail","category-la-comarca-ca","category-la-hoya-ca","category-ocio-y-cultura-ca","category-politica","category-seccion-ca","category-cheste-ca","tag-cheste","tag-la-hoya-de-bunol-chiva-ca","tag-memoria-historica-ca","tag-recuperacion-de-la-memoria-democratica-ca"],"_links":{"self":[{"href":"https:\/\/tucomarca.whitekongsoftware.com\/ca\/wp-json\/wp\/v2\/posts\/154536","targetHints":{"allow":["GET"]}}],"collection":[{"href":"https:\/\/tucomarca.whitekongsoftware.com\/ca\/wp-json\/wp\/v2\/posts"}],"about":[{"href":"https:\/\/tucomarca.whitekongsoftware.com\/ca\/wp-json\/wp\/v2\/types\/post"}],"author":[{"embeddable":true,"href":"https:\/\/tucomarca.whitekongsoftware.com\/ca\/wp-json\/wp\/v2\/users\/12"}],"replies":[{"embeddable":true,"href":"https:\/\/tucomarca.whitekongsoftware.com\/ca\/wp-json\/wp\/v2\/comments?post=154536"}],"version-history":[{"count":0,"href":"https:\/\/tucomarca.whitekongsoftware.com\/ca\/wp-json\/wp\/v2\/posts\/154536\/revisions"}],"wp:featuredmedia":[{"embeddable":true,"href":"https:\/\/tucomarca.whitekongsoftware.com\/ca\/wp-json\/wp\/v2\/media\/154531"}],"wp:attachment":[{"href":"https:\/\/tucomarca.whitekongsoftware.com\/ca\/wp-json\/wp\/v2\/media?parent=154536"}],"wp:term":[{"taxonomy":"category","embeddable":true,"href":"https:\/\/tucomarca.whitekongsoftware.com\/ca\/wp-json\/wp\/v2\/categories?post=154536"},{"taxonomy":"post_tag","embeddable":true,"href":"https:\/\/tucomarca.whitekongsoftware.com\/ca\/wp-json\/wp\/v2\/tags?post=154536"}],"curies":[{"name":"wp","href":"https:\/\/api.w.org\/{rel}","templated":true}]}}