{"id":154514,"date":"2022-04-12T09:05:00","date_gmt":"2022-04-12T07:05:00","guid":{"rendered":"http:\/\/www.tucomarca.com\/wordpress\/segunda\/?p=154514"},"modified":"2022-04-12T12:43:39","modified_gmt":"2022-04-12T10:43:39","slug":"robert-raga-repeteix-com-a-secretari-general-del-pspv-de-riba-roja-per-unanimitat","status":"publish","type":"post","link":"https:\/\/tucomarca.whitekongsoftware.com\/ca\/robert-raga-repeteix-com-a-secretari-general-del-pspv-de-riba-roja-per-unanimitat\/","title":{"rendered":"Robert  Raga repeteix com a Secretari general del PSPV de Riba-roja per unanimitat"},"content":{"rendered":"\n<h4 class=\"wp-block-heading\">El partit dona el seu recolzat total a la gesti\u00f3 dels \u00faltims quatre anys.<\/h4>\n\n\n\n<figure class=\"wp-block-image size-large\"><img loading=\"lazy\" decoding=\"async\" width=\"1024\" height=\"538\" src=\"http:\/\/www.tucomarca.com\/wordpress\/segunda\/wp-content\/uploads\/2022\/04\/Riba-PSPV_NuevaEjecutiva-1024x538.jpg\" alt=\"\" class=\"wp-image-154511\" srcset=\"https:\/\/tucomarca.whitekongsoftware.com\/wp-content\/uploads\/2022\/04\/Riba-PSPV_NuevaEjecutiva-1024x538.jpg 1024w, https:\/\/tucomarca.whitekongsoftware.com\/wp-content\/uploads\/2022\/04\/Riba-PSPV_NuevaEjecutiva-300x157.jpg 300w, https:\/\/tucomarca.whitekongsoftware.com\/wp-content\/uploads\/2022\/04\/Riba-PSPV_NuevaEjecutiva-768x403.jpg 768w, https:\/\/tucomarca.whitekongsoftware.com\/wp-content\/uploads\/2022\/04\/Riba-PSPV_NuevaEjecutiva.jpg 1181w\" sizes=\"auto, (max-width: 1024px) 100vw, 1024px\" \/><\/figure>\n\n\n\n<p class=\"wp-block-paragraph\">Aquest diumenge 10 d&#8217;abril el PSPV-PSOE de Riba-roja de T\u00faria ha celebrat una assemblea extraordin\u00e0ria per a triar els seus \u00f2rgans locals en els quals l&#8217;actual secretari general i alcalde del municipi, Robert Raga, ha tornat a ser triat per unanimitat.<\/p>\n\n\n\n<p class=\"wp-block-paragraph\">L&#8217;assemblea ha secundat amb el cent per cent dels vots positius la gesti\u00f3 realitzada durant els quatre \u00faltims anys, de la qual Raga ha destacat \u201cl&#8217;esfor\u00e7 per a fer front a la pand\u00e8mia en la qual hem perdut molt, per\u00f2 hem lluitat sense descans i amb molta valentia\u201d en al\u00b7lusi\u00f3 a totes les accions destinades a previndre la covid i la crisi econ\u00f2mica que el seu govern ha desplegat.<\/p>\n\n\n\n<p class=\"wp-block-paragraph\">Aix\u00ed, en la trobada s&#8217;ha aprovat la nova executiva proposada de la qual destaca l&#8217;\u00e0rea d&#8217;acci\u00f3 i pol\u00edtiques econ\u00f2miques que sale refor\u00e7ada amb les secretaries d&#8217;ocupaci\u00f3, de comer\u00e7 i d&#8217;aut\u00f2noms i emprenedors. Tamb\u00e9 ressalta la incorporaci\u00f3 de l&#8217;\u00e0rea d&#8217;igualtat, la de l&#8217;\u00e0rea de territori i l \u00e0rea de sostenibilitat, medi ambient i agricultura.<\/p>\n\n\n\n<p class=\"wp-block-paragraph\">Una aposta \u201calineada sobre els desafiaments actuals i d&#8217;acord amb la realitat di\u00e0ria\u201d ha explicat Raga qui ha explicat per exemple que la secretaria de territori respon \u201cal nostre comprom\u00eds de treball dirigit a les urbanitzacions i al nucli urb\u00e0 sense deixar de costat cap part del territori com si ocorria amb altres governs\u201d. Aix\u00ed, el secretari general ha subratllat la nova secretaria de pol\u00edtiques europees en un moment en el qual \u201cla nostra mirada est\u00e0 posada fora del nostre pa\u00eds i en les conseq\u00fc\u00e8ncies que t\u00e9 l&#8217;escenari internacional sobre el local\u201d.<\/p>\n\n\n\n<p class=\"wp-block-paragraph\">L&#8217;executiva s&#8217;ha renovat tamb\u00e9 a trav\u00e9s de la incorporaci\u00f3 de nous talents \u201cjoves\u201d en diferents \u00e0rees, per a aportar \u201cuna mirada actual i fresca\u201d i amb la consolidaci\u00f3 de l&#8217;experi\u00e8ncia i dels coneixements dels m\u00e9s majors de l&#8217;agrupaci\u00f3 \u201cque representen un valor poder\u00f3s\u201d.<br>Durant la trobada, en el qual els presents han realitzat un sentit homenatge al desaparegut president de l&#8217;agrupaci\u00f3, Jos\u00e9 Herv\u00e1s &#8211; mort per covid- Raga ha volgut recordar als presents que \u201csom ac\u00ed per a millorar la vida de la gent sense esperar res a canvi\u201d i ha subratllat els projectes del nou centre d&#8217;atenci\u00f3 prim\u00e0ria o la futura resid\u00e8ncia de la qual podran gaudir els ve\u00efns del municipi \u201cr\u00e0pid\u201d, aix\u00ed com els projectes de ciutat esportives i d&#8217;inversi\u00f3 en centres educatius i infraestructures.<\/p>\n","protected":false},"excerpt":{"rendered":"<div class=\"mh-excerpt\">El partit dona el seu recolzat total a la gesti\u00f3 dels \u00faltims quatre anys. Aquest diumenge 10 d&#8217;abril el PSPV-PSOE de Riba-roja de T\u00faria ha celebrat una assemblea extraordin\u00e0ria per a triar els seus \u00f2rgans <a class=\"mh-excerpt-more\" href=\"https:\/\/tucomarca.whitekongsoftware.com\/ca\/robert-raga-repeteix-com-a-secretari-general-del-pspv-de-riba-roja-per-unanimitat\/\" title=\"Robert  Raga repeteix com a Secretari general del PSPV de Riba-roja per unanimitat\">[+] <\/a><\/div>\n","protected":false},"author":12,"featured_media":154510,"comment_status":"open","ping_status":"open","sticky":false,"template":"","format":"standard","meta":{"footnotes":""},"categories":[10892,10948,10894,10947,10906,10896],"tags":[10899,11610,15024,13181],"class_list":["post-154514","post","type-post","status-publish","format-standard","has-post-thumbnail","category-camp-de-turia-ca","category-infraestructuras-ca","category-la-comarca-ca","category-politica","category-riba-roja-ca","category-seccion-ca","tag-camp-de-turia-ca","tag-pspv-psoe-riba-roja-ca","tag-riba-roja-de-turia-ca","tag-robert-raga-ca"],"_links":{"self":[{"href":"https:\/\/tucomarca.whitekongsoftware.com\/ca\/wp-json\/wp\/v2\/posts\/154514","targetHints":{"allow":["GET"]}}],"collection":[{"href":"https:\/\/tucomarca.whitekongsoftware.com\/ca\/wp-json\/wp\/v2\/posts"}],"about":[{"href":"https:\/\/tucomarca.whitekongsoftware.com\/ca\/wp-json\/wp\/v2\/types\/post"}],"author":[{"embeddable":true,"href":"https:\/\/tucomarca.whitekongsoftware.com\/ca\/wp-json\/wp\/v2\/users\/12"}],"replies":[{"embeddable":true,"href":"https:\/\/tucomarca.whitekongsoftware.com\/ca\/wp-json\/wp\/v2\/comments?post=154514"}],"version-history":[{"count":0,"href":"https:\/\/tucomarca.whitekongsoftware.com\/ca\/wp-json\/wp\/v2\/posts\/154514\/revisions"}],"wp:featuredmedia":[{"embeddable":true,"href":"https:\/\/tucomarca.whitekongsoftware.com\/ca\/wp-json\/wp\/v2\/media\/154510"}],"wp:attachment":[{"href":"https:\/\/tucomarca.whitekongsoftware.com\/ca\/wp-json\/wp\/v2\/media?parent=154514"}],"wp:term":[{"taxonomy":"category","embeddable":true,"href":"https:\/\/tucomarca.whitekongsoftware.com\/ca\/wp-json\/wp\/v2\/categories?post=154514"},{"taxonomy":"post_tag","embeddable":true,"href":"https:\/\/tucomarca.whitekongsoftware.com\/ca\/wp-json\/wp\/v2\/tags?post=154514"}],"curies":[{"name":"wp","href":"https:\/\/api.w.org\/{rel}","templated":true}]}}