{"id":154476,"date":"2022-04-11T18:10:00","date_gmt":"2022-04-11T16:10:00","guid":{"rendered":"http:\/\/www.tucomarca.com\/wordpress\/segunda\/?p=154476"},"modified":"2022-04-11T20:54:13","modified_gmt":"2022-04-11T18:54:13","slug":"fotogaleria-el-poble-de-xest-es-bolca-amb-ucraina-en-la-marxa-solidaria","status":"publish","type":"post","link":"https:\/\/tucomarca.whitekongsoftware.com\/ca\/fotogaleria-el-poble-de-xest-es-bolca-amb-ucraina-en-la-marxa-solidaria\/","title":{"rendered":"Fotogaler\u00eda: el poble de Xest es bolca amb Ucra\u00efna en la marxa solid\u00e0ria"},"content":{"rendered":"\n<p class=\"wp-block-paragraph\">Xest ha acollit aquest passat dissabte la Marxa Solid\u00e0ria per Ucra\u00efna, impulsada des del col\u00b7legi Immaculat Cor de Mar\u00eda de Val\u00e8ncia i l&#8217;Associaci\u00f3 Flores d&#8217;Ucra\u00efna, juntament amb la ONGD Somiadors Desperts i el col\u00b7legi San Jos\u00e9 de la Muntanya de Xest. A la iniciativa es van sumar els altres centres educatius de la poblaci\u00f3, l&#8217;Ajuntament de Xest, La Fundaci\u00f3 cajacheste i les empreses Cotevisa i Gasoses El Tigre.<\/p>\n\n\n\n<p class=\"wp-block-paragraph\">\u201cL&#8217;esport pot ser tamb\u00e9 un catalitzador de la solidaritat, per aix\u00f2 quan ens va arribar la proposta de muntar aquest esdeveniment per part de la directora del col\u00b7legi San Jos\u00e9 de la Muntanya, Rosa Balaguer, no dubtem a col\u00b7laborar\u201d, explicava l&#8217;alcalde, Jos\u00e9 Morell. \u201cCom era d&#8217;esperar, la resposta ha sigut molt important, amb quasi 700 inscrits que han comprat el dorsal i una recaptaci\u00f3 de 4.500 euros\u201d.<\/p>\n\n\n\n<p class=\"wp-block-paragraph\">La marxa va comen\u00e7ar passades les 17,30 des de la pla\u00e7a de l&#8217;Ermita, plena de gent de totes les edats, i el recorregut, d&#8217;uns 4 quil\u00f2metres, es va poder realitzar de manera lliure.<\/p>\n\n\n\n<p class=\"wp-block-paragraph\">\u201cDes de l&#8217;Ajuntament hem aportat la nostra experi\u00e8ncia en l&#8217;organitzaci\u00f3 de carreres, i la infraestructura, posant el nostre granet d&#8217;arena en aquesta marxa solid\u00e0ria que pret\u00e9n recaptar diners i abrigallar al poble ucra\u00efn\u00e9s, que est\u00e0 passant per moments molt dif\u00edcils\u201d, apuntava el regidor d&#8217;Esports, Francisco Llorens.<\/p>\n\n\n\n<p class=\"wp-block-paragraph\">Despr\u00e9s de la carrera, l&#8217;Associaci\u00f3 Flores d&#8217;Ucra\u00efna va oferir una mostra de balls t\u00edpics ucra\u00efnesos i una de les participants va cantar una emotiva can\u00e7\u00f3 per la pau. Tamb\u00e9 es va fer lliurament d&#8217;un xicotet detall d&#8217;agra\u00efment a les entitats col\u00b7laboradores.<\/p>\n\n\n\n<p class=\"wp-block-paragraph\">\u201cFlores d&#8217;Ucra\u00efna va n\u00e0ixer en 2015 de la m\u00e0 d&#8217;un grup de professors i pares i mares que vol\u00edem conservar i difondre les nostres tradicions en la comunitat ucra\u00efnesa que hi ha a Val\u00e8ncia; des de llavors ens ajuntem els dissabtes en el col\u00b7legi Immaculat Cor de Mar\u00eda i rebem amb els bra\u00e7os oberts a qui vulga vindre. Ara estan venint molts refugiats que han arribat amb molt pocs recursos, amb pr\u00e0cticament res, i nosaltres els ajudem\u201d, explicaven des de l&#8217;Associaci\u00f3. \u201cLa de hui ha sigut una iniciativa molt important que hem tirat avant gr\u00e0cies a la mare Rosa, el rector Basilio i l&#8217;ONG Somiadors Despert, al costat de tots els altres que s&#8217;han sumat, estem molt agra\u00efts\u201d.<\/p>\n\n\n\n<figure class=\"wp-block-gallery columns-2 is-cropped wp-block-gallery-1 is-layout-flex wp-block-gallery-is-layout-flex\"><ul class=\"blocks-gallery-grid\"><li class=\"blocks-gallery-item\"><figure><img loading=\"lazy\" decoding=\"async\" width=\"1024\" height=\"682\" src=\"http:\/\/www.tucomarca.com\/wordpress\/segunda\/wp-content\/uploads\/2022\/04\/Cheste_MarchaUcrania_1-1024x682.jpg\" alt=\"\" data-id=\"154453\" data-full-url=\"http:\/\/www.tucomarca.com\/wordpress\/segunda\/wp-content\/uploads\/2022\/04\/Cheste_MarchaUcrania_1.jpg\" data-link=\"http:\/\/www.tucomarca.com\/wordpress\/segunda\/?attachment_id=154453\" class=\"wp-image-154453\" srcset=\"https:\/\/tucomarca.whitekongsoftware.com\/wp-content\/uploads\/2022\/04\/Cheste_MarchaUcrania_1-1024x682.jpg 1024w, https:\/\/tucomarca.whitekongsoftware.com\/wp-content\/uploads\/2022\/04\/Cheste_MarchaUcrania_1-300x200.jpg 300w, https:\/\/tucomarca.whitekongsoftware.com\/wp-content\/uploads\/2022\/04\/Cheste_MarchaUcrania_1-768x512.jpg 768w, https:\/\/tucomarca.whitekongsoftware.com\/wp-content\/uploads\/2022\/04\/Cheste_MarchaUcrania_1.jpg 1181w\" sizes=\"auto, (max-width: 1024px) 100vw, 1024px\" \/><\/figure><\/li><li class=\"blocks-gallery-item\"><figure><img loading=\"lazy\" decoding=\"async\" width=\"1024\" height=\"682\" src=\"http:\/\/www.tucomarca.com\/wordpress\/segunda\/wp-content\/uploads\/2022\/04\/Cheste_MarchaUcrania_2-1024x682.jpg\" alt=\"\" data-id=\"154455\" data-full-url=\"http:\/\/www.tucomarca.com\/wordpress\/segunda\/wp-content\/uploads\/2022\/04\/Cheste_MarchaUcrania_2.jpg\" data-link=\"http:\/\/www.tucomarca.com\/wordpress\/segunda\/?attachment_id=154455\" class=\"wp-image-154455\" srcset=\"https:\/\/tucomarca.whitekongsoftware.com\/wp-content\/uploads\/2022\/04\/Cheste_MarchaUcrania_2-1024x682.jpg 1024w, https:\/\/tucomarca.whitekongsoftware.com\/wp-content\/uploads\/2022\/04\/Cheste_MarchaUcrania_2-300x200.jpg 300w, https:\/\/tucomarca.whitekongsoftware.com\/wp-content\/uploads\/2022\/04\/Cheste_MarchaUcrania_2-768x512.jpg 768w, https:\/\/tucomarca.whitekongsoftware.com\/wp-content\/uploads\/2022\/04\/Cheste_MarchaUcrania_2.jpg 1181w\" sizes=\"auto, (max-width: 1024px) 100vw, 1024px\" \/><\/figure><\/li><li class=\"blocks-gallery-item\"><figure><img loading=\"lazy\" decoding=\"async\" width=\"1024\" height=\"682\" src=\"http:\/\/www.tucomarca.com\/wordpress\/segunda\/wp-content\/uploads\/2022\/04\/Cheste_MarchaUcrania_3-1024x682.jpg\" alt=\"\" data-id=\"154457\" data-full-url=\"http:\/\/www.tucomarca.com\/wordpress\/segunda\/wp-content\/uploads\/2022\/04\/Cheste_MarchaUcrania_3.jpg\" data-link=\"http:\/\/www.tucomarca.com\/wordpress\/segunda\/?attachment_id=154457\" class=\"wp-image-154457\" srcset=\"https:\/\/tucomarca.whitekongsoftware.com\/wp-content\/uploads\/2022\/04\/Cheste_MarchaUcrania_3-1024x682.jpg 1024w, https:\/\/tucomarca.whitekongsoftware.com\/wp-content\/uploads\/2022\/04\/Cheste_MarchaUcrania_3-300x200.jpg 300w, https:\/\/tucomarca.whitekongsoftware.com\/wp-content\/uploads\/2022\/04\/Cheste_MarchaUcrania_3-768x512.jpg 768w, https:\/\/tucomarca.whitekongsoftware.com\/wp-content\/uploads\/2022\/04\/Cheste_MarchaUcrania_3.jpg 1181w\" sizes=\"auto, (max-width: 1024px) 100vw, 1024px\" \/><\/figure><\/li><li class=\"blocks-gallery-item\"><figure><img loading=\"lazy\" decoding=\"async\" width=\"1024\" height=\"682\" src=\"http:\/\/www.tucomarca.com\/wordpress\/segunda\/wp-content\/uploads\/2022\/04\/Cheste_MarchaUcrania_5-1024x682.jpg\" alt=\"\" data-id=\"154459\" data-full-url=\"http:\/\/www.tucomarca.com\/wordpress\/segunda\/wp-content\/uploads\/2022\/04\/Cheste_MarchaUcrania_5.jpg\" data-link=\"http:\/\/www.tucomarca.com\/wordpress\/segunda\/?attachment_id=154459\" class=\"wp-image-154459\" srcset=\"https:\/\/tucomarca.whitekongsoftware.com\/wp-content\/uploads\/2022\/04\/Cheste_MarchaUcrania_5-1024x682.jpg 1024w, https:\/\/tucomarca.whitekongsoftware.com\/wp-content\/uploads\/2022\/04\/Cheste_MarchaUcrania_5-300x200.jpg 300w, https:\/\/tucomarca.whitekongsoftware.com\/wp-content\/uploads\/2022\/04\/Cheste_MarchaUcrania_5-768x512.jpg 768w, https:\/\/tucomarca.whitekongsoftware.com\/wp-content\/uploads\/2022\/04\/Cheste_MarchaUcrania_5.jpg 1181w\" sizes=\"auto, (max-width: 1024px) 100vw, 1024px\" \/><\/figure><\/li><li class=\"blocks-gallery-item\"><figure><img loading=\"lazy\" decoding=\"async\" width=\"1024\" height=\"682\" src=\"http:\/\/www.tucomarca.com\/wordpress\/segunda\/wp-content\/uploads\/2022\/04\/Cheste_MarchaUcrania_7-1024x682.jpg\" alt=\"\" data-id=\"154463\" data-full-url=\"http:\/\/www.tucomarca.com\/wordpress\/segunda\/wp-content\/uploads\/2022\/04\/Cheste_MarchaUcrania_7.jpg\" data-link=\"http:\/\/www.tucomarca.com\/wordpress\/segunda\/?attachment_id=154463\" class=\"wp-image-154463\" srcset=\"https:\/\/tucomarca.whitekongsoftware.com\/wp-content\/uploads\/2022\/04\/Cheste_MarchaUcrania_7-1024x682.jpg 1024w, https:\/\/tucomarca.whitekongsoftware.com\/wp-content\/uploads\/2022\/04\/Cheste_MarchaUcrania_7-300x200.jpg 300w, https:\/\/tucomarca.whitekongsoftware.com\/wp-content\/uploads\/2022\/04\/Cheste_MarchaUcrania_7-768x512.jpg 768w, https:\/\/tucomarca.whitekongsoftware.com\/wp-content\/uploads\/2022\/04\/Cheste_MarchaUcrania_7.jpg 1181w\" sizes=\"auto, (max-width: 1024px) 100vw, 1024px\" \/><\/figure><\/li><li class=\"blocks-gallery-item\"><figure><img loading=\"lazy\" decoding=\"async\" width=\"1024\" height=\"682\" src=\"http:\/\/www.tucomarca.com\/wordpress\/segunda\/wp-content\/uploads\/2022\/04\/Cheste_MarchaUcrania_8-1024x682.jpg\" alt=\"\" data-id=\"154465\" data-full-url=\"http:\/\/www.tucomarca.com\/wordpress\/segunda\/wp-content\/uploads\/2022\/04\/Cheste_MarchaUcrania_8.jpg\" data-link=\"http:\/\/www.tucomarca.com\/wordpress\/segunda\/?attachment_id=154465\" class=\"wp-image-154465\" srcset=\"https:\/\/tucomarca.whitekongsoftware.com\/wp-content\/uploads\/2022\/04\/Cheste_MarchaUcrania_8-1024x682.jpg 1024w, https:\/\/tucomarca.whitekongsoftware.com\/wp-content\/uploads\/2022\/04\/Cheste_MarchaUcrania_8-300x200.jpg 300w, https:\/\/tucomarca.whitekongsoftware.com\/wp-content\/uploads\/2022\/04\/Cheste_MarchaUcrania_8-768x512.jpg 768w, https:\/\/tucomarca.whitekongsoftware.com\/wp-content\/uploads\/2022\/04\/Cheste_MarchaUcrania_8.jpg 1181w\" sizes=\"auto, (max-width: 1024px) 100vw, 1024px\" \/><\/figure><\/li><li class=\"blocks-gallery-item\"><figure><img loading=\"lazy\" decoding=\"async\" width=\"1024\" height=\"682\" src=\"http:\/\/www.tucomarca.com\/wordpress\/segunda\/wp-content\/uploads\/2022\/04\/Cheste_MarchaUcrania_9-1024x682.jpg\" alt=\"\" data-id=\"154467\" data-full-url=\"http:\/\/www.tucomarca.com\/wordpress\/segunda\/wp-content\/uploads\/2022\/04\/Cheste_MarchaUcrania_9.jpg\" data-link=\"http:\/\/www.tucomarca.com\/wordpress\/segunda\/?attachment_id=154467\" class=\"wp-image-154467\" srcset=\"https:\/\/tucomarca.whitekongsoftware.com\/wp-content\/uploads\/2022\/04\/Cheste_MarchaUcrania_9-1024x682.jpg 1024w, https:\/\/tucomarca.whitekongsoftware.com\/wp-content\/uploads\/2022\/04\/Cheste_MarchaUcrania_9-300x200.jpg 300w, https:\/\/tucomarca.whitekongsoftware.com\/wp-content\/uploads\/2022\/04\/Cheste_MarchaUcrania_9-768x512.jpg 768w, https:\/\/tucomarca.whitekongsoftware.com\/wp-content\/uploads\/2022\/04\/Cheste_MarchaUcrania_9.jpg 1181w\" sizes=\"auto, (max-width: 1024px) 100vw, 1024px\" \/><\/figure><\/li><li class=\"blocks-gallery-item\"><figure><img loading=\"lazy\" decoding=\"async\" width=\"1024\" height=\"682\" src=\"http:\/\/www.tucomarca.com\/wordpress\/segunda\/wp-content\/uploads\/2022\/04\/Cheste_MarchaUcrania_12-1024x682.jpg\" alt=\"\" data-id=\"154473\" data-full-url=\"http:\/\/www.tucomarca.com\/wordpress\/segunda\/wp-content\/uploads\/2022\/04\/Cheste_MarchaUcrania_12.jpg\" data-link=\"http:\/\/www.tucomarca.com\/wordpress\/segunda\/?attachment_id=154473\" class=\"wp-image-154473\" srcset=\"https:\/\/tucomarca.whitekongsoftware.com\/wp-content\/uploads\/2022\/04\/Cheste_MarchaUcrania_12-1024x682.jpg 1024w, https:\/\/tucomarca.whitekongsoftware.com\/wp-content\/uploads\/2022\/04\/Cheste_MarchaUcrania_12-300x200.jpg 300w, https:\/\/tucomarca.whitekongsoftware.com\/wp-content\/uploads\/2022\/04\/Cheste_MarchaUcrania_12-768x512.jpg 768w, https:\/\/tucomarca.whitekongsoftware.com\/wp-content\/uploads\/2022\/04\/Cheste_MarchaUcrania_12.jpg 1181w\" sizes=\"auto, (max-width: 1024px) 100vw, 1024px\" \/><\/figure><\/li><li class=\"blocks-gallery-item\"><figure><img loading=\"lazy\" decoding=\"async\" width=\"1024\" height=\"682\" src=\"http:\/\/www.tucomarca.com\/wordpress\/segunda\/wp-content\/uploads\/2022\/04\/Cheste_MarchaUcrania_11-1024x682.jpg\" alt=\"\" data-id=\"154471\" data-full-url=\"http:\/\/www.tucomarca.com\/wordpress\/segunda\/wp-content\/uploads\/2022\/04\/Cheste_MarchaUcrania_11.jpg\" data-link=\"http:\/\/www.tucomarca.com\/wordpress\/segunda\/?attachment_id=154471\" class=\"wp-image-154471\" srcset=\"https:\/\/tucomarca.whitekongsoftware.com\/wp-content\/uploads\/2022\/04\/Cheste_MarchaUcrania_11-1024x682.jpg 1024w, https:\/\/tucomarca.whitekongsoftware.com\/wp-content\/uploads\/2022\/04\/Cheste_MarchaUcrania_11-300x200.jpg 300w, https:\/\/tucomarca.whitekongsoftware.com\/wp-content\/uploads\/2022\/04\/Cheste_MarchaUcrania_11-768x512.jpg 768w, https:\/\/tucomarca.whitekongsoftware.com\/wp-content\/uploads\/2022\/04\/Cheste_MarchaUcrania_11.jpg 1181w\" sizes=\"auto, (max-width: 1024px) 100vw, 1024px\" \/><\/figure><\/li><li class=\"blocks-gallery-item\"><figure><img loading=\"lazy\" decoding=\"async\" width=\"1024\" height=\"682\" src=\"http:\/\/www.tucomarca.com\/wordpress\/segunda\/wp-content\/uploads\/2022\/04\/Cheste_MarchaUcrania_10-1024x682.jpg\" alt=\"\" data-id=\"154469\" data-full-url=\"http:\/\/www.tucomarca.com\/wordpress\/segunda\/wp-content\/uploads\/2022\/04\/Cheste_MarchaUcrania_10.jpg\" data-link=\"http:\/\/www.tucomarca.com\/wordpress\/segunda\/?attachment_id=154469\" class=\"wp-image-154469\" srcset=\"https:\/\/tucomarca.whitekongsoftware.com\/wp-content\/uploads\/2022\/04\/Cheste_MarchaUcrania_10-1024x682.jpg 1024w, https:\/\/tucomarca.whitekongsoftware.com\/wp-content\/uploads\/2022\/04\/Cheste_MarchaUcrania_10-300x200.jpg 300w, https:\/\/tucomarca.whitekongsoftware.com\/wp-content\/uploads\/2022\/04\/Cheste_MarchaUcrania_10-768x512.jpg 768w, https:\/\/tucomarca.whitekongsoftware.com\/wp-content\/uploads\/2022\/04\/Cheste_MarchaUcrania_10.jpg 1181w\" sizes=\"auto, (max-width: 1024px) 100vw, 1024px\" \/><\/figure><\/li><li class=\"blocks-gallery-item\"><figure><img loading=\"lazy\" decoding=\"async\" width=\"1024\" height=\"682\" src=\"http:\/\/www.tucomarca.com\/wordpress\/segunda\/wp-content\/uploads\/2022\/04\/Cheste_MarchaUcrania_6-1024x682.jpg\" alt=\"\" data-id=\"154461\" data-full-url=\"http:\/\/www.tucomarca.com\/wordpress\/segunda\/wp-content\/uploads\/2022\/04\/Cheste_MarchaUcrania_6.jpg\" data-link=\"http:\/\/www.tucomarca.com\/wordpress\/segunda\/?attachment_id=154461\" class=\"wp-image-154461\" srcset=\"https:\/\/tucomarca.whitekongsoftware.com\/wp-content\/uploads\/2022\/04\/Cheste_MarchaUcrania_6-1024x682.jpg 1024w, https:\/\/tucomarca.whitekongsoftware.com\/wp-content\/uploads\/2022\/04\/Cheste_MarchaUcrania_6-300x200.jpg 300w, https:\/\/tucomarca.whitekongsoftware.com\/wp-content\/uploads\/2022\/04\/Cheste_MarchaUcrania_6-768x512.jpg 768w, https:\/\/tucomarca.whitekongsoftware.com\/wp-content\/uploads\/2022\/04\/Cheste_MarchaUcrania_6.jpg 1181w\" sizes=\"auto, (max-width: 1024px) 100vw, 1024px\" \/><\/figure><\/li><\/ul><\/figure>\n","protected":false},"excerpt":{"rendered":"<div class=\"mh-excerpt\">Xest ha acollit aquest passat dissabte la Marxa Solid\u00e0ria per Ucra\u00efna, impulsada des del col\u00b7legi Immaculat Cor de Mar\u00eda de Val\u00e8ncia i l&#8217;Associaci\u00f3 Flores d&#8217;Ucra\u00efna, juntament amb la ONGD Somiadors Desperts i el col\u00b7legi San <a class=\"mh-excerpt-more\" href=\"https:\/\/tucomarca.whitekongsoftware.com\/ca\/fotogaleria-el-poble-de-xest-es-bolca-amb-ucraina-en-la-marxa-solidaria\/\" title=\"Fotogaler\u00eda: el poble de Xest es bolca amb Ucra\u00efna en la marxa solid\u00e0ria\">[+] <\/a><\/div>\n","protected":false},"author":12,"featured_media":154452,"comment_status":"open","ping_status":"open","sticky":false,"template":"","format":"gallery","meta":{"footnotes":""},"categories":[11003,10894,10912,11009,10896,10974],"tags":[16850,11071,16851,10914,16852],"class_list":["post-154476","post","type-post","status-publish","format-gallery","has-post-thumbnail","category-sports","category-la-comarca-ca","category-la-hoya-ca","category-polideportivo-ca","category-seccion-ca","category-cheste-ca","tag-asociacion-flores-de-ucrania-ca","tag-cheste","tag-colegio-inmaculado-corazon-de-maria-de-valencia-ca","tag-la-hoya-de-bunol-chiva-ca","tag-marcha-solidaria-ca","post_format-post-format-gallery"],"_links":{"self":[{"href":"https:\/\/tucomarca.whitekongsoftware.com\/ca\/wp-json\/wp\/v2\/posts\/154476","targetHints":{"allow":["GET"]}}],"collection":[{"href":"https:\/\/tucomarca.whitekongsoftware.com\/ca\/wp-json\/wp\/v2\/posts"}],"about":[{"href":"https:\/\/tucomarca.whitekongsoftware.com\/ca\/wp-json\/wp\/v2\/types\/post"}],"author":[{"embeddable":true,"href":"https:\/\/tucomarca.whitekongsoftware.com\/ca\/wp-json\/wp\/v2\/users\/12"}],"replies":[{"embeddable":true,"href":"https:\/\/tucomarca.whitekongsoftware.com\/ca\/wp-json\/wp\/v2\/comments?post=154476"}],"version-history":[{"count":0,"href":"https:\/\/tucomarca.whitekongsoftware.com\/ca\/wp-json\/wp\/v2\/posts\/154476\/revisions"}],"wp:featuredmedia":[{"embeddable":true,"href":"https:\/\/tucomarca.whitekongsoftware.com\/ca\/wp-json\/wp\/v2\/media\/154452"}],"wp:attachment":[{"href":"https:\/\/tucomarca.whitekongsoftware.com\/ca\/wp-json\/wp\/v2\/media?parent=154476"}],"wp:term":[{"taxonomy":"category","embeddable":true,"href":"https:\/\/tucomarca.whitekongsoftware.com\/ca\/wp-json\/wp\/v2\/categories?post=154476"},{"taxonomy":"post_tag","embeddable":true,"href":"https:\/\/tucomarca.whitekongsoftware.com\/ca\/wp-json\/wp\/v2\/tags?post=154476"}],"curies":[{"name":"wp","href":"https:\/\/api.w.org\/{rel}","templated":true}]}}