{"id":154315,"date":"2022-04-09T12:00:00","date_gmt":"2022-04-09T10:00:00","guid":{"rendered":"http:\/\/www.tucomarca.com\/wordpress\/segunda\/?p=154315"},"modified":"2022-04-10T17:23:59","modified_gmt":"2022-04-10T15:23:59","slug":"riba-roja-crea-303-ocupacions-des-de-lany-passat-i-formalitza-altres-1-996-contractes-laborals-el-mes-de-marc-la-major-xifra-del-camp-de-turia","status":"publish","type":"post","link":"https:\/\/tucomarca.whitekongsoftware.com\/ca\/riba-roja-crea-303-ocupacions-des-de-lany-passat-i-formalitza-altres-1-996-contractes-laborals-el-mes-de-marc-la-major-xifra-del-camp-de-turia\/","title":{"rendered":"Riba-roja crea 303 ocupacions des de l&#8217;any passat i formalitza altres 1.996 contractes laborals el mes de mar\u00e7, la major xifra del Camp de T\u00faria"},"content":{"rendered":"\n<h4 class=\"wp-block-heading\">La localitat va registrar el mes passat la millor dada de la taxa d&#8217;atur de l&#8217;\u00faltima d\u00e8cada, amb una reducci\u00f3 de fins al 27\u20193% i un descens de 861 aturats menys des de mar\u00e7 de l&#8217;any 2012&nbsp;<\/h4>\n\n\n\n<p class=\"wp-block-paragraph\">Les dades publicades per Labora, l&#8217;organisme auton\u00f2mic de formaci\u00f3 i ocupaci\u00f3 de la Generalitat, han demostrat una reducci\u00f3 del nivell d&#8217;atur en 303 aturats menys entre mar\u00e7 del passat any i d&#8217;aquest, en passar dels 1.723 als 1.420 aturats menys \u2013un descens de fins al 17\u20196%- entre tots dos per\u00edodes de temps. Les xifres s\u00f3n m\u00e9s positives si es comparen amb les que es van registrar al mar\u00e7 de l&#8217;any 2012, quan figuraven 2.281 persones en les llistes de l&#8217;atur.&nbsp;<\/p>\n\n\n\n<p class=\"wp-block-paragraph\">Les dades demostren que entre mar\u00e7 de l&#8217;any 2012 i mar\u00e7 d&#8217;enguany s&#8217;ha experimentat una millora en les llistes d&#8217;aturats a Riba-roja de T\u00faria, amb fins a 861 persones menys sense ocupaci\u00f3, \u00e9s a dir, un descens del 27\u20193% en total en l&#8217;\u00faltim decenni. Actualment, el nivell d&#8217;atur est\u00e0 situat en 1.420 persones sense un lloc de treball, dels quals 880 s\u00f3n dones mentre que les restants 540 persones corresponen a homes.&nbsp;<\/p>\n\n\n\n<p class=\"wp-block-paragraph\">Els registres d&#8217;aturats oferits per la Generalitat Valenciana subratllen nivells per davall de l&#8217;\u00e8poca anterior a la pand\u00e8mia a Riba-roja de T\u00faria, quan al mar\u00e7 de l&#8217;any 2019 es van registrar un total de 1.465 persones sense una ocupaci\u00f3, \u00e9s a dir, 45 m\u00e9s que en l&#8217;actualitat. Si es comparen amb les xifres de mar\u00e7 de l&#8217;any 2013 -quan es van registrar 2.461 aturats- el nivell de desocupaci\u00f3 ha millorat en fins a 1.041 persones entre tots dos per\u00edodes de temps.&nbsp;<\/p>\n\n\n\n<p class=\"wp-block-paragraph\">El nivell d&#8217;atur ha millorat progressivament i de manera constant al llarg dels \u00faltims mesos, especialment des del passat estiu, amb la creaci\u00f3 de 279 llocs de treball, 1.699 aturats de llavors enfront dels 1.420 de l&#8217;actualitat. El mes de desembre passat, en plenes festes nadalenques, va ser el m\u00e9s positiu, amb la creaci\u00f3 de 95 nous llocs de treball, que van ratificar les xifres del mes precedent, amb 85 noves ocupacions generats.&nbsp;<\/p>\n\n\n\n<p class=\"wp-block-paragraph\">Entre febrer i mar\u00e7 d&#8217;enguany s&#8217;han tornat a crear 31 nous llocs de treball, d&#8217;ells 15 homes i 16 dones. Entre tots dos mesos s&#8217;ha passat de 1.451 a 1.420 aturats en total, \u00e9s a dir, un nivell d&#8217;atur a Riba-roja de T\u00faria del 12% en l&#8217;actualitat. En termes de g\u00e8nere, s&#8217;han generat 156 ocupacions entre les dones des d&#8217;el mes de setembre passat en passar de les 1.036 a les 880 aturades de l&#8217;actualitat.&nbsp;<br>Les xifres publicades per la Generalitat Valenciana corresponents al mar\u00e7 passat constaten que la majoria dels aturats pertanyen al sector dels serveis, amb 1.051 aturats, seguit dels 178 en l&#8217;\u00e0mbit de la ind\u00fastria, els 114 de la construcci\u00f3 i, finalment, els 35 de l&#8217;agricultura. A m\u00e9s, existeixen altres 42 aturats sobre el total dels registrats de l&#8217;actualitat no estan enquadrats en cap mena d&#8217;\u00e0mbit o sector d&#8217;activitat.&nbsp;<\/p>\n\n\n\n<p class=\"wp-block-paragraph\">L&#8217;estudi de Labora detalla les seccions de l&#8217;activitat econ\u00f2mica dels llistats d&#8217;aturats, amb un total de 244 enquadrats en activitats administratives i serveis auxiliars, altres 194 en el comer\u00e7 a l&#8217;engr\u00f2s i al detall, reparaci\u00f3 de vehicles de motor i motocicleta, els 162 corresponents a la ind\u00fastria manufacturera, els 134 aturats de l&#8217;administraci\u00f3 p\u00fablica i defensa, seguretat social obligat\u00f2ria, els 113 de les activitats professionals, cient\u00edfiques i t\u00e8cniques i, finalment, els 111 de l&#8217;hostaleria de Riba-roja de T\u00faria.&nbsp;<\/p>\n\n\n\n<p class=\"wp-block-paragraph\">Edat dels aturats<\/p>\n\n\n\n<p class=\"wp-block-paragraph\">Per edat, el grup m\u00e9s afectat per l&#8217;atur \u00e9s el compost per persones de m\u00e9s de 44 anys d&#8217;edat amb 824 afectats, seguit pels 486 d&#8217;aturats amb edats compreses entre els 25 i els 44 anys i, finalment, les 110 persones menors de 25 anys. Dins d&#8217;aquest \u00e0mbit, les dones de m\u00e9s de 44 s\u00f3n les m\u00e9s perjudicades amb 513 sobre el total, altres 312 tamb\u00e9 dones amb entre 25 i 44 anys, els 311 homes majors de 44 anys i, els 174 homes d&#8217;entre 25 i 44 anys.&nbsp;<\/p>\n\n\n\n<p class=\"wp-block-paragraph\">Quant al nivell formatiu, la majoria dels aturats han iniciat la primera etapa d&#8217;educaci\u00f3 per\u00f2 manquen del t\u00edtol de graduat escolar o equivalent amb 481 persones, existeixen altres 406 que s\u00ed ho han finalitzat amb el seu corresponent t\u00edtol, els 110 aturats tenen ensenyaments de grau mitj\u00e0 de formaci\u00f3 professional espec\u00edfica, arts pl\u00e0stiques i disseny i esportives, 104 han completat els ensenyaments de batxillerat i, finalment, 51 disposen d&#8217;ensenyament de gran superior de formaci\u00f3 professional.&nbsp;<\/p>\n\n\n\n<p class=\"wp-block-paragraph\">Finalment, en generaci\u00f3 de contractes laborals s&#8217;han formalitzat un total de 1.996 en total, dels quals 1.395 corresponen a homes i els restants 601 s\u00f3n de dones, la majoria del sector serveis amb 1.625 sobre el total, 301 de la ind\u00fastria, 64 de la construcci\u00f3 i 6 de l&#8217;agricultura. Un total de 750 contractes pertanyen a ocupacions elementals, altres 352 s\u00f3n operadors d&#8217;instal\u00b7lacions i maquin\u00e0ria i, finalment, 308 s\u00f3n emprats comptables, administratius i altres empleats d&#8217;oficina.&nbsp;<\/p>\n\n\n\n<p class=\"wp-block-paragraph\">L&#8217;alcalde de Riba-roja de T\u00faria, Robert Raga, ha destacat l&#8217;avan\u00e7 en la creaci\u00f3 d&#8217;ocupaci\u00f3 \u201cal llarg dels \u00faltims mesos, fins i tot fins a xifres anteriors a la pand\u00e8mia, que ens han d&#8217;animar a seguir la mateixa senda de potenciaci\u00f3 de l&#8217;ocupaci\u00f3, m\u00e9s estable i amb les condicions id\u00f2nies perqu\u00e8 a poc a poc es vagen creant nous llocs de treball, en constant contacte amb els empresaris.<\/p>\n\n\n\n<p class=\"wp-block-paragraph\"><\/p>\n","protected":false},"excerpt":{"rendered":"<div class=\"mh-excerpt\">La localitat va registrar el mes passat la millor dada de la taxa d&#8217;atur de l&#8217;\u00faltima d\u00e8cada, amb una reducci\u00f3 de fins al 27\u20193% i un descens de 861 aturats menys des de mar\u00e7 de <a class=\"mh-excerpt-more\" href=\"https:\/\/tucomarca.whitekongsoftware.com\/ca\/riba-roja-crea-303-ocupacions-des-de-lany-passat-i-formalitza-altres-1-996-contractes-laborals-el-mes-de-marc-la-major-xifra-del-camp-de-turia\/\" title=\"Riba-roja crea 303 ocupacions des de l&#8217;any passat i formalitza altres 1.996 contractes laborals el mes de mar\u00e7, la major xifra del Camp de T\u00faria\">[+] <\/a><\/div>\n","protected":false},"author":12,"featured_media":147307,"comment_status":"open","ping_status":"open","sticky":false,"template":"","format":"standard","meta":{"footnotes":""},"categories":[10892,10948,10894,10947,10906,10896],"tags":[10899,15088,12480,11485,15024],"class_list":["post-154315","post","type-post","status-publish","format-standard","has-post-thumbnail","category-camp-de-turia-ca","category-infraestructuras-ca","category-la-comarca-ca","category-politica","category-riba-roja-ca","category-seccion-ca","tag-camp-de-turia-ca","tag-contratos-laborales-ca","tag-empleo-ca","tag-labora-ca","tag-riba-roja-de-turia-ca"],"_links":{"self":[{"href":"https:\/\/tucomarca.whitekongsoftware.com\/ca\/wp-json\/wp\/v2\/posts\/154315","targetHints":{"allow":["GET"]}}],"collection":[{"href":"https:\/\/tucomarca.whitekongsoftware.com\/ca\/wp-json\/wp\/v2\/posts"}],"about":[{"href":"https:\/\/tucomarca.whitekongsoftware.com\/ca\/wp-json\/wp\/v2\/types\/post"}],"author":[{"embeddable":true,"href":"https:\/\/tucomarca.whitekongsoftware.com\/ca\/wp-json\/wp\/v2\/users\/12"}],"replies":[{"embeddable":true,"href":"https:\/\/tucomarca.whitekongsoftware.com\/ca\/wp-json\/wp\/v2\/comments?post=154315"}],"version-history":[{"count":0,"href":"https:\/\/tucomarca.whitekongsoftware.com\/ca\/wp-json\/wp\/v2\/posts\/154315\/revisions"}],"wp:featuredmedia":[{"embeddable":true,"href":"https:\/\/tucomarca.whitekongsoftware.com\/ca\/wp-json\/wp\/v2\/media\/147307"}],"wp:attachment":[{"href":"https:\/\/tucomarca.whitekongsoftware.com\/ca\/wp-json\/wp\/v2\/media?parent=154315"}],"wp:term":[{"taxonomy":"category","embeddable":true,"href":"https:\/\/tucomarca.whitekongsoftware.com\/ca\/wp-json\/wp\/v2\/categories?post=154315"},{"taxonomy":"post_tag","embeddable":true,"href":"https:\/\/tucomarca.whitekongsoftware.com\/ca\/wp-json\/wp\/v2\/tags?post=154315"}],"curies":[{"name":"wp","href":"https:\/\/api.w.org\/{rel}","templated":true}]}}