{"id":154177,"date":"2022-04-07T08:00:00","date_gmt":"2022-04-07T06:00:00","guid":{"rendered":"http:\/\/www.tucomarca.com\/wordpress\/segunda\/?p=154177"},"modified":"2022-04-07T10:43:35","modified_gmt":"2022-04-07T08:43:35","slug":"compromis-per-benifaio-considera-erratica-la-politica-de-personal-a-lajuntament-de-benifaio-per-part-del-govern-socialista","status":"publish","type":"post","link":"https:\/\/tucomarca.whitekongsoftware.com\/ca\/compromis-per-benifaio-considera-erratica-la-politica-de-personal-a-lajuntament-de-benifaio-per-part-del-govern-socialista\/","title":{"rendered":"Comprom\u00eds per Benifai\u00f3 considera err\u00e0tica la pol\u00edtica de personal a l&#8217;Ajuntament de Benifai\u00f3 per part del govern socialista"},"content":{"rendered":"\n<p class=\"wp-block-paragraph\">Despr\u00e9s de l&#8217;\u00faltima sent\u00e8ncia del Jutjat contenci\u00f3s administratiu n\u00famero deu que condemna a l&#8217;Ajuntament de Benifai\u00f3 al pagament d&#8217;una indemnitzaci\u00f3 de 20.684 \u20ac m\u00e9s els interessos a una treballadora del consistori i tenint coneixement d&#8217;altres conflictes oberts i pendents de resoluci\u00f3, des del grup municipal de Comprom\u00eds per Benifai\u00f3 considerem necessari que es recondu\u00efsca la pol\u00edtica en mat\u00e8ria de personal per part del govern municipal.<\/p>\n\n\n\n<p class=\"wp-block-paragraph\">&nbsp;Des que l&#8217;any 2018 es va jubilar l&#8217;administrador de RRHH, el govern municipal va optar per no cobrir la pla\u00e7a repartint responsabilitats entre treballadors de la casa, per\u00f2 amb el temps aix\u00f2 ha suposat l&#8217;externalitzaci\u00f3 d&#8217;alguns dels treballs en mat\u00e8ria de personal comportant un cost per a les arques municipals i, al nostre entendre, hi ha una manca d&#8217;una visi\u00f3 global de la plantilla de l&#8217;Ajuntament i de les problem\u00e0tiques que es donen en aquesta, podent afectar algunes q\u00fcestions de la gesti\u00f3 di\u00e0ria.<\/p>\n\n\n\n<p class=\"wp-block-paragraph\">Per a Comprom\u00eds \u00e9s necessari que es revise el conjunt de la Relaci\u00f3 de Llocs de Treball de l&#8217;Ajuntament, que s&#8217;accelere el proc\u00e9s d&#8217;estabilitzaci\u00f3 de la plantilla, tenint en compte que en alguns casos la relaci\u00f3 laboral \u00e9s de molts anys, i que es posen en marxa prompte les borses de treball per a cobrir les necessitats de diferents departaments entre els quals es troba la policia local que ara compta amb un nombre redu\u00eft d&#8217;Agents.<\/p>\n\n\n\n<p class=\"wp-block-paragraph\">Considerem que la problem\u00e0tica actual en relaci\u00f3 al personal de l&#8217;Ajuntament de Benifai\u00f3 requereix d&#8217;una actuaci\u00f3 coordinada i generalitzada i no de solucions parcials.<\/p>\n\n\n\n<p class=\"wp-block-paragraph\"><\/p>\n","protected":false},"excerpt":{"rendered":"<div class=\"mh-excerpt\">Despr\u00e9s de l&#8217;\u00faltima sent\u00e8ncia del Jutjat contenci\u00f3s administratiu n\u00famero deu que condemna a l&#8217;Ajuntament de Benifai\u00f3 al pagament d&#8217;una indemnitzaci\u00f3 de 20.684 \u20ac m\u00e9s els interessos a una treballadora del consistori i tenint coneixement d&#8217;altres <a class=\"mh-excerpt-more\" href=\"https:\/\/tucomarca.whitekongsoftware.com\/ca\/compromis-per-benifaio-considera-erratica-la-politica-de-personal-a-lajuntament-de-benifaio-per-part-del-govern-socialista\/\" title=\"Comprom\u00eds per Benifai\u00f3 considera err\u00e0tica la pol\u00edtica de personal a l&#8217;Ajuntament de Benifai\u00f3 per part del govern socialista\">[+] <\/a><\/div>\n","protected":false},"author":12,"featured_media":154176,"comment_status":"open","ping_status":"open","sticky":false,"template":"","format":"standard","meta":{"footnotes":""},"categories":[10987,10948,10894,10902,10947,10896],"tags":[12046,13586,11356],"class_list":["post-154177","post","type-post","status-publish","format-standard","has-post-thumbnail","category-benifaio-ca","category-infraestructuras-ca","category-la-comarca-ca","category-la-ribera-ca","category-politica","category-seccion-ca","tag-benifaio-ca","tag-compromis-per-benifaio-ca","tag-ribera-alta-ca"],"_links":{"self":[{"href":"https:\/\/tucomarca.whitekongsoftware.com\/ca\/wp-json\/wp\/v2\/posts\/154177","targetHints":{"allow":["GET"]}}],"collection":[{"href":"https:\/\/tucomarca.whitekongsoftware.com\/ca\/wp-json\/wp\/v2\/posts"}],"about":[{"href":"https:\/\/tucomarca.whitekongsoftware.com\/ca\/wp-json\/wp\/v2\/types\/post"}],"author":[{"embeddable":true,"href":"https:\/\/tucomarca.whitekongsoftware.com\/ca\/wp-json\/wp\/v2\/users\/12"}],"replies":[{"embeddable":true,"href":"https:\/\/tucomarca.whitekongsoftware.com\/ca\/wp-json\/wp\/v2\/comments?post=154177"}],"version-history":[{"count":0,"href":"https:\/\/tucomarca.whitekongsoftware.com\/ca\/wp-json\/wp\/v2\/posts\/154177\/revisions"}],"wp:featuredmedia":[{"embeddable":true,"href":"https:\/\/tucomarca.whitekongsoftware.com\/ca\/wp-json\/wp\/v2\/media\/154176"}],"wp:attachment":[{"href":"https:\/\/tucomarca.whitekongsoftware.com\/ca\/wp-json\/wp\/v2\/media?parent=154177"}],"wp:term":[{"taxonomy":"category","embeddable":true,"href":"https:\/\/tucomarca.whitekongsoftware.com\/ca\/wp-json\/wp\/v2\/categories?post=154177"},{"taxonomy":"post_tag","embeddable":true,"href":"https:\/\/tucomarca.whitekongsoftware.com\/ca\/wp-json\/wp\/v2\/tags?post=154177"}],"curies":[{"name":"wp","href":"https:\/\/api.w.org\/{rel}","templated":true}]}}