{"id":154169,"date":"2022-04-07T08:15:00","date_gmt":"2022-04-07T06:15:00","guid":{"rendered":"http:\/\/www.tucomarca.com\/wordpress\/segunda\/?p=154169"},"modified":"2022-04-07T10:45:44","modified_gmt":"2022-04-07T08:45:44","slug":"riba-roja-sollicita-a-la-generalitat-el-segellament-urgent-de-lantic-abocador-de-basseta-blanca-que-acumula-mes-de-800-000-tones-de-residus-solids","status":"publish","type":"post","link":"https:\/\/tucomarca.whitekongsoftware.com\/ca\/riba-roja-sollicita-a-la-generalitat-el-segellament-urgent-de-lantic-abocador-de-basseta-blanca-que-acumula-mes-de-800-000-tones-de-residus-solids\/","title":{"rendered":"Riba-roja sol\u00b7licita a la Generalitat el segellament \u201curgent\u201d de l&#8217;antic abocador de Basseta Blanca que acumula m\u00e9s de 800.000 tones de residus s\u00f2lids"},"content":{"rendered":"\n<h4 class=\"wp-block-heading\">L&#8217;abocador va ser clausurat l&#8217;any 1993 i una sent\u00e8ncia judicial de 2003 obligava a l\u2019Entitat Metropolitana per al Tractament de Residus (Emtre) al segellament i restauraci\u00f3 d&#8217;aquesta zona&nbsp;<\/h4>\n\n\n\n<p class=\"wp-block-paragraph\">El ple de l&#8217;Ajuntament de Riba-roja de T\u00faria ha aprovat una proposta del govern municipal en la qual sol\u00b7licita a la Generalitat Valenciana la \u201ctramitaci\u00f3 urgent\u201d del projecte de segellament i restauraci\u00f3 de l&#8217;antic abocador de residus s\u00f2lids urbans de Basseta Blanca per a evitar una deterioraci\u00f3 ambiental i un mal ecol\u00f2gic per la proliferaci\u00f3 dels lixiviats que es formen en la zona, especialment a causa de la pluja.&nbsp;<\/p>\n\n\n\n<p class=\"wp-block-paragraph\">L&#8217;acord plenari \u00e9s fruit d&#8217;una proposta del govern del PSPV de Riba-roja de T\u00faria i que compte, a m\u00e9s, amb el suport un\u00e0nime de la resta de grups municipals amb representaci\u00f3 en el ple municipal: el Partit Popular, Comprom\u00eds, Ciutadans, Esquerra Unida, Vox i Podem Riba-roja Pot. Els partits signants reclamen la utilitzaci\u00f3 de \u201cla via de la urg\u00e8ncia\u201d per a accelerar els terminis i els termes temporals per a portar avant el projecte.&nbsp;<\/p>\n\n\n\n<p class=\"wp-block-paragraph\">La proposta del ple municipal inclou en la seua sol\u00b7licitud la necessitat que el Consell porte davant de forma urgent les obres de condicionament i segellament de l&#8217;extint abocador de Basseta Blanca que durant anys es va encarregar de recollir els residus s\u00f2lids urbans procedents de l&#8217;\u00e0rea metropolitana de l&#8217;Horta, fins que va ser clausurat l&#8217;any 1993 per part de l&#8217;Ajuntament de Riba-roja de T\u00faria, encap\u00e7alat en aquell moment per l&#8217;ex alcalde Joan Antoni Toledo, del PSPV. Una sent\u00e8ncia posterior va obligar a la seua reobertura fins que una fallada del Tribunal Suprem de l&#8217;any 1996 ratificava el tancament definitiu i obligava a la restauraci\u00f3 de la zona.&nbsp;<\/p>\n\n\n\n<p class=\"wp-block-paragraph\">No obstant aix\u00f2, entre els anys 1993 i 1996, entre els anys de clausura i ratificaci\u00f3 de la decisi\u00f3 municipal, es van continuar abocant milers de quilos diaris de residus s\u00f2lids procedents de l&#8217;\u00e0rea metropolitana de Val\u00e8ncia fins a aconseguir les m\u00e9s de 800.000 tones que, actualment, es conserven en la citada zona de Riba-roja i que suposa, per aquesta ra\u00f3, una deterioraci\u00f3 ambiental evident per la proliferaci\u00f3 dels rius de lixiviats que es creen c\u00edclicament i que augmenten en \u00e8poca de pluges abundants. De fet, els lixiviats arriben a descendir fins a les zones pr\u00f2ximes de la Cany\u00e0 de la Senyoreta, una \u00e0rea on abunden els aq\u00fc\u00edfers.&nbsp;<br>Entre la passada legislatura i l&#8217;actual, la Generalitat ha dut a terme els tastos de la zona per a estudiar i con\u00e9ixer amb major detalle la situaci\u00f3 dels m\u00e9s de 125.000 metres quadrats d&#8217;extensi\u00f3 dels quals consta aquest enclavament, previs a les tasques consistents en les obres de segellament definitiu i restauraci\u00f3 ambiental. El projecte est\u00e0 valorat en una inversi\u00f3 p\u00fablica fixada en un total de 9 milions d&#8217;euros, dels quals 3 ja estan pressupostats mentre que falten els 6 milions restants.&nbsp;<\/p>\n\n\n\n<p class=\"wp-block-paragraph\"><strong>Pla Integral de Residus<\/strong><\/p>\n\n\n\n<p class=\"wp-block-paragraph\">De fet, les tasques de segellament i restauraci\u00f3 sobre Basseta Blanca estan contemplats en el projecte auton\u00f2mic sobre segellament d&#8217;abocadors contingut en el Pla Integral de Residus S\u00f2lids de la Comunitat Valenciana, aprovat pel Govern del Bot\u00e0nic. Per tant, el segellament d&#8217;aquesta zona compta amb el blindatge del Decret del Consell de la Generalitat Valenciana, d&#8217;acord amb la llei 22\/2011, del 28 de juliol sobre residus i sous contaminats.&nbsp;<\/p>\n\n\n\n<p class=\"wp-block-paragraph\">L&#8217;actual equip de govern de Riba-roja de T\u00faria va negociar amb la fam\u00edlia propiet\u00e0ria dels terrenys en els quals hi ha enterrades les citades 800.000 tones de residus la cessi\u00f3 dels mateixos a la Generalitat Valenciana ja que s\u00f3n de propietat privada. Per aix\u00f2, els documents acreditatius de cessi\u00f3 del s\u00f2l van ser remesos a la Generalitat al setembre del passat any 2021 per a iniciar les tasques de segellament i restauraci\u00f3 dels terrenys. El manteniment posterior a la cessi\u00f3 es prolongar\u00e0 per un per\u00edode de 25 anys, despr\u00e9s del qual tornaran als seus antics propietaris.&nbsp;<\/p>\n\n\n\n<p class=\"wp-block-paragraph\">L&#8217;alcalde de Riba-roja de T\u00faria, Robert Raga, ha subratllat la necessitat d&#8217;executar el projecte de segellament i restauraci\u00f3 \u201cen un breu per\u00edode de temps com es va comprometre la Generalitat ja que es tracta d&#8217;una q\u00fcesti\u00f3 d&#8217;evitar una deterioraci\u00f3 ambiental sobre aquesta zona de gran valor per a tots els ve\u00efns i que no pot esperar m\u00e9s temps; \u00e9s una assignatura pendent que ha d&#8217;executar-se durant els pr\u00f2xims mesos sense m\u00e9s dilacions\u201d.&nbsp;<\/p>\n\n\n\n<p class=\"wp-block-paragraph\">Raga ha agra\u00eft la labor que ha realitzat l&#8217;actual govern municipal del PSPV, l&#8217;anterior govern tripartit format pel PSPV, Comprom\u00eds i Esquerra Unida, la labor del grup municipal de Ciutadans i, especialment, el director general de Qualitat i Educaci\u00f3 Ambiental, Joan Piquer, a m\u00e9s del govern del Bot\u00e0nic de la Generalitat.<\/p>\n\n\n\n<p class=\"wp-block-paragraph\"><\/p>\n","protected":false},"excerpt":{"rendered":"<div class=\"mh-excerpt\">L&#8217;abocador va ser clausurat l&#8217;any 1993 i una sent\u00e8ncia judicial de 2003 obligava a l\u2019Entitat Metropolitana per al Tractament de Residus (Emtre) al segellament i restauraci\u00f3 d&#8217;aquesta zona&nbsp; El ple de l&#8217;Ajuntament de Riba-roja de <a class=\"mh-excerpt-more\" href=\"https:\/\/tucomarca.whitekongsoftware.com\/ca\/riba-roja-sollicita-a-la-generalitat-el-segellament-urgent-de-lantic-abocador-de-basseta-blanca-que-acumula-mes-de-800-000-tones-de-residus-solids\/\" title=\"Riba-roja sol\u00b7licita a la Generalitat el segellament \u201curgent\u201d de l&#8217;antic abocador de Basseta Blanca que acumula m\u00e9s de 800.000 tones de residus s\u00f2lids\">[+] <\/a><\/div>\n","protected":false},"author":12,"featured_media":154168,"comment_status":"open","ping_status":"open","sticky":false,"template":"","format":"standard","meta":{"footnotes":""},"categories":[10892,10948,10894,10903,10947,10906,10896],"tags":[10899,15024,16813],"class_list":["post-154169","post","type-post","status-publish","format-standard","has-post-thumbnail","category-camp-de-turia-ca","category-infraestructuras-ca","category-la-comarca-ca","category-medio-ambiente-la-comarca-ca","category-politica","category-riba-roja-ca","category-seccion-ca","tag-camp-de-turia-ca","tag-riba-roja-de-turia-ca","tag-vertedero-basseta-blanca-ca"],"_links":{"self":[{"href":"https:\/\/tucomarca.whitekongsoftware.com\/ca\/wp-json\/wp\/v2\/posts\/154169","targetHints":{"allow":["GET"]}}],"collection":[{"href":"https:\/\/tucomarca.whitekongsoftware.com\/ca\/wp-json\/wp\/v2\/posts"}],"about":[{"href":"https:\/\/tucomarca.whitekongsoftware.com\/ca\/wp-json\/wp\/v2\/types\/post"}],"author":[{"embeddable":true,"href":"https:\/\/tucomarca.whitekongsoftware.com\/ca\/wp-json\/wp\/v2\/users\/12"}],"replies":[{"embeddable":true,"href":"https:\/\/tucomarca.whitekongsoftware.com\/ca\/wp-json\/wp\/v2\/comments?post=154169"}],"version-history":[{"count":0,"href":"https:\/\/tucomarca.whitekongsoftware.com\/ca\/wp-json\/wp\/v2\/posts\/154169\/revisions"}],"wp:featuredmedia":[{"embeddable":true,"href":"https:\/\/tucomarca.whitekongsoftware.com\/ca\/wp-json\/wp\/v2\/media\/154168"}],"wp:attachment":[{"href":"https:\/\/tucomarca.whitekongsoftware.com\/ca\/wp-json\/wp\/v2\/media?parent=154169"}],"wp:term":[{"taxonomy":"category","embeddable":true,"href":"https:\/\/tucomarca.whitekongsoftware.com\/ca\/wp-json\/wp\/v2\/categories?post=154169"},{"taxonomy":"post_tag","embeddable":true,"href":"https:\/\/tucomarca.whitekongsoftware.com\/ca\/wp-json\/wp\/v2\/tags?post=154169"}],"curies":[{"name":"wp","href":"https:\/\/api.w.org\/{rel}","templated":true}]}}