{"id":154075,"date":"2022-04-06T08:00:00","date_gmt":"2022-04-06T06:00:00","guid":{"rendered":"http:\/\/www.tucomarca.com\/wordpress\/segunda\/?p=154075"},"modified":"2022-04-06T11:20:04","modified_gmt":"2022-04-06T09:20:04","slug":"ava-asaja-demana-millores-en-lasseguranca-agraria-i-mesures-fiscals-per-a-alleujar-les-perdues-i-els-sobrecostos-a-causa-de-les-pluges-persistents-i-les-gelades","status":"publish","type":"post","link":"https:\/\/tucomarca.whitekongsoftware.com\/ca\/ava-asaja-demana-millores-en-lasseguranca-agraria-i-mesures-fiscals-per-a-alleujar-les-perdues-i-els-sobrecostos-a-causa-de-les-pluges-persistents-i-les-gelades\/","title":{"rendered":"AVA-Asaja demana millores en l&#8217;asseguran\u00e7a agr\u00e0ria i mesures fiscals per a alleujar les p\u00e8rdues i els sobrecostos a causa de les pluges persistents i les gelades"},"content":{"rendered":"\n<h4 class=\"wp-block-heading\">Les pluges i el fred causen m\u00e9s de 25 milions de p\u00e8rdues en l&#8217;agricultura valenciana<\/h4>\n\n\n\n<p class=\"wp-block-paragraph\">Les adversitats clim\u00e0tiques no donen treva al camp valenci\u00e0. Si en la segona quinzena de mar\u00e7 les pluges persistents van ocasionar importants minvaments de producci\u00f3, l&#8217;onada de fred \u00e0rtic que ha assotat la Comunitat Valenciana des del cap de setmana ha sumat nous danys de gravetat en nombrosos cultius.<br>Segons les primeres estimacions de l&#8217;Associaci\u00f3 Valenciana d&#8217;Agricultors (AVA-Asaja), i tenint present que encara \u00e9s prompte per a concretar amb major precisi\u00f3 l&#8217;abast dels danys, l&#8217;acumulaci\u00f3 de les precipitacions i de les gelades en un moment tan avan\u00e7at de la temporada causar\u00e0 amb tota seguretat m\u00e9s de 25 milions d&#8217;euros de p\u00e8rdues als agricultors i ramaders de la Comunitat. Les produccions m\u00e9s afectades per aquest episodi de fred s\u00f3n les ametles, les fruites d&#8217;os i el caqui, aix\u00ed com c\u00edtrics, hortalisses i sectors ramaders com l&#8217;apicultura.<br>L&#8217;associaci\u00f3 apunta al fet que el fred pot haver fet malb\u00e9 entorn del 90% de la producci\u00f3 d&#8217;ametles a la comarca d&#8217;Utiel-Requena. Hi ha camps amb totes les flors i els brots \u2018cremats\u2019 i agricultors consultats temen que els arbres solten en els pr\u00f2xims dies m\u00e9s fruits al s\u00f2l a causa del feble estat vegetatiu. Altres zones interiors com la Vall d&#8217;Aiora, Els Serrans o la Foia de Bunyol acullen igualment ametles gelades.<br>Les fruites d&#8217;os tamb\u00e9 han patit graus d&#8217;afecci\u00f3 de fins al 100% en zones profundes i fredes de comarques productores com La Ribera Alta, La Vall d&#8217;Albaida i la Vall d&#8217;Aiora. Entre les fruites m\u00e9s castigades pel fred destaquen bresquilles, nectarines, paraguaians, albercocs, cireres i prunes. Aix\u00ed mateix, parcel\u00b7les de caquis que ja havien arrancat la brotada poden haver perdut gran part de la futura collita a causa de l&#8217;excessiva baixada de les temperatures a la Ribera o Camp de T\u00faria.<br>Flores de c\u00edtrics i hortalisses com a cre\u00eflles, cebes, encisams o col\u00b7les han vist agreujar els danys que ja s&#8217;havien comen\u00e7at a deixar sentir amb les pluges de mar\u00e7 i que, ara, amb aquesta massa d&#8217;aire \u00e0rtic amenacen encara m\u00e9s amb reduir les collites. L&#8217;acumulaci\u00f3 de dies plujosos, ennuvolats i freds tamb\u00e9 ha causat mortaldat d&#8217;abelles per falta de menjar, a m\u00e9s de quantiosos sobrecostos en alimentaci\u00f3 animal i calefacci\u00f3 a diversos sectors ramaders.<br>AVA-Asaja sol\u00b7licita a Agroseguro que agilite els peritatges en les zones afectades per les pluges i les gelades primaverals a fi de pagar les oportunes indemnitzacions com m\u00e9s prompte millor. Adverteix, no obstant aix\u00f2, que \u201cmolts productors perdran tot el fruit d&#8217;un any al no haver contractat l&#8217;asseguran\u00e7a agr\u00e0ria, perqu\u00e8 les condicions oferides en la p\u00f2lissa no s\u00f3n prou atractives i no sempre estan connectades amb la realitat a peu de camp\u201d. Per aix\u00f2, l&#8217;organitzaci\u00f3 insta el Ministeri d&#8217;Agricultura a asseure&#8217;s amb el sector amb motiu d&#8217;aquesta nova inclem\u00e8ncia clim\u00e0tica i consensuar millores en les assegurances agr\u00e0ries.<br>AVA-Asaja reitera a les administracions que \u00f2briguen una l\u00ednia d&#8217;ajudes per a facilitar l&#8217;adquisici\u00f3 de productes fungicides amb els quals poder minimitzar els danys provocats per l&#8217;exc\u00e9s d&#8217;humitat i de fred. Aix\u00ed mateix, l&#8217;organitzaci\u00f3 agr\u00e0ria reclama al Govern que amplie les mesures fiscals per a pal\u00b7liar les p\u00e8rdues i els sobrecostos en el sector agrari. Informa, <strong>Luis Ib\u00e1\u00f1ez<\/strong>.<\/p>\n\n\n\n<p class=\"wp-block-paragraph\"><\/p>\n","protected":false},"excerpt":{"rendered":"<div class=\"mh-excerpt\">Les pluges i el fred causen m\u00e9s de 25 milions de p\u00e8rdues en l&#8217;agricultura valenciana Les adversitats clim\u00e0tiques no donen treva al camp valenci\u00e0. Si en la segona quinzena de mar\u00e7 les pluges persistents van <a class=\"mh-excerpt-more\" href=\"https:\/\/tucomarca.whitekongsoftware.com\/ca\/ava-asaja-demana-millores-en-lasseguranca-agraria-i-mesures-fiscals-per-a-alleujar-les-perdues-i-els-sobrecostos-a-causa-de-les-pluges-persistents-i-les-gelades\/\" title=\"AVA-Asaja demana millores en l&#8217;asseguran\u00e7a agr\u00e0ria i mesures fiscals per a alleujar les p\u00e8rdues i els sobrecostos a causa de les pluges persistents i les gelades\">[+] <\/a><\/div>\n","protected":false},"author":12,"featured_media":154074,"comment_status":"open","ping_status":"open","sticky":false,"template":"","format":"standard","meta":{"footnotes":""},"categories":[10951,10892,11046,10898,10948,10894,10904,10912,10902,10903,10947,10909,10896,10897],"tags":[12340,11924,13399,12835],"class_list":["post-154075","post","type-post","status-publish","format-standard","has-post-thumbnail","category-ayora-cofrentes-ca","category-camp-de-turia-ca","category-los-serranos-ca","category-ventana-ca","category-infraestructuras-ca","category-la-comarca-ca","category-sin-categorizar-ca","category-la-hoya-ca","category-la-ribera-ca","category-medio-ambiente-la-comarca-ca","category-politica","category-requena-utiel-ca","category-seccion-ca","category-sucesos-la-comarca-ca","tag-asociacion-valenciana-de-agricultores-ca","tag-ava-asaja-ca","tag-heladas-ca","tag-lluvias-intensas-ca"],"_links":{"self":[{"href":"https:\/\/tucomarca.whitekongsoftware.com\/ca\/wp-json\/wp\/v2\/posts\/154075","targetHints":{"allow":["GET"]}}],"collection":[{"href":"https:\/\/tucomarca.whitekongsoftware.com\/ca\/wp-json\/wp\/v2\/posts"}],"about":[{"href":"https:\/\/tucomarca.whitekongsoftware.com\/ca\/wp-json\/wp\/v2\/types\/post"}],"author":[{"embeddable":true,"href":"https:\/\/tucomarca.whitekongsoftware.com\/ca\/wp-json\/wp\/v2\/users\/12"}],"replies":[{"embeddable":true,"href":"https:\/\/tucomarca.whitekongsoftware.com\/ca\/wp-json\/wp\/v2\/comments?post=154075"}],"version-history":[{"count":0,"href":"https:\/\/tucomarca.whitekongsoftware.com\/ca\/wp-json\/wp\/v2\/posts\/154075\/revisions"}],"wp:featuredmedia":[{"embeddable":true,"href":"https:\/\/tucomarca.whitekongsoftware.com\/ca\/wp-json\/wp\/v2\/media\/154074"}],"wp:attachment":[{"href":"https:\/\/tucomarca.whitekongsoftware.com\/ca\/wp-json\/wp\/v2\/media?parent=154075"}],"wp:term":[{"taxonomy":"category","embeddable":true,"href":"https:\/\/tucomarca.whitekongsoftware.com\/ca\/wp-json\/wp\/v2\/categories?post=154075"},{"taxonomy":"post_tag","embeddable":true,"href":"https:\/\/tucomarca.whitekongsoftware.com\/ca\/wp-json\/wp\/v2\/tags?post=154075"}],"curies":[{"name":"wp","href":"https:\/\/api.w.org\/{rel}","templated":true}]}}