{"id":154020,"date":"2022-04-05T14:00:00","date_gmt":"2022-04-05T12:00:00","guid":{"rendered":"http:\/\/www.tucomarca.com\/wordpress\/segunda\/?p=154020"},"modified":"2022-04-05T19:20:56","modified_gmt":"2022-04-05T17:20:56","slug":"el-psoe-de-la-pobla-de-vallbona-elegeix-a-juan-pedro-serrano-com-a-secretari-general-amb-el-suport-del-90-dels-militants","status":"publish","type":"post","link":"https:\/\/tucomarca.whitekongsoftware.com\/ca\/el-psoe-de-la-pobla-de-vallbona-elegeix-a-juan-pedro-serrano-com-a-secretari-general-amb-el-suport-del-90-dels-militants\/","title":{"rendered":"El PSOE de la Pobla de Vallbona elegeix a Juan Pedro Serrano com a secretari general amb el suport del 90% dels militants"},"content":{"rendered":"\n<h4 class=\"wp-block-heading\">Serrano revalida el c\u00e0rrec que ocupa des d&#8217;agost de l&#8217;any 2020<\/h4>\n\n\n\n<p class=\"wp-block-paragraph\">El PSPV-PSOE de la Pobla de Vallbona ha elegit a Juan Pedro Serrano com a secretari general de l&#8217;agrupaci\u00f3 local amb el 90% del suport dels militants que van assistir a l&#8217;assemblea extraordin\u00e0ria convocada per a designar a la comissi\u00f3 executiva local, el m\u00e0xim \u00f2rgan de direcci\u00f3 de l&#8217;agrupaci\u00f3. L&#8217;elecci\u00f3 de l&#8217;executiva local s&#8217;enquadra en el sistema de celebraci\u00f3 dels diferents congressos per a conformar els respectius \u00f2rgans d&#8217;adre\u00e7a: federal, auton\u00f2mic, provincial, comarcal i local.&nbsp;<\/p>\n\n\n\n<p class=\"wp-block-paragraph\">Els militants assistents a l&#8217;assemblea extraordin\u00e0ria han revalidat en el c\u00e0rrec a Juan Pedro Serrano amb el citat 90% dels vots en un c\u00e0rrec que ocupa des d&#8217;agost de l&#8217;any 2020, amb el suport tamb\u00e9 de l&#8217;assemblea local. L&#8217;elecci\u00f3 de Serrano permetr\u00e0 a la nova executiva continuar amb el treball que s&#8217;est\u00e0 desenvolupant al llarg dels \u00faltims mesos.&nbsp;<\/p>\n\n\n\n<p class=\"wp-block-paragraph\">En la mateixa assemblea s&#8217;ha designat, a m\u00e9s, a Miquel Gramuntell com a president de l&#8217;agrupaci\u00f3; Noem\u00ed Morales com a sotssecret\u00e0ria general de pol\u00edtica municipal i comunicaci\u00f3; Luc\u00eda Sanchis com a secret\u00e0ria d&#8217;organitzaci\u00f3 i acci\u00f3 electoral; Pedro Garc\u00eda com a secretari d&#8217;Empresa, comer\u00e7 i mercat; i Aitor Serrano com a secretari de Relacions Institucionals.&nbsp;<\/p>\n\n\n\n<p class=\"wp-block-paragraph\">Altres c\u00e0rrecs s\u00f3n V\u00edctor Manuel Serra en la secretaria d&#8217;Igualtat, drets civils i lgtbi+; Malika Khender en la secretaria d&#8217;Educaci\u00f3; Vicent Pitarch en Urbanisme i barris; Yolanda Ja\u00e9n en Sanitat; Emilio Grueso en Festes, M\u00fasica i Falles; Mary Timmons en Majors, Depend\u00e8ncia i Discapacitat; Carlos Ferm\u00edn en Agricultura, Transici\u00f3 Energ\u00e8tica i Benestar Animal; Soledad Benegas en Joventut i Esport i, finalment, Ram\u00f3n Balaguer com a secretari d&#8217;Administraci\u00f3.&nbsp;<\/p>\n\n\n\n<p class=\"wp-block-paragraph\">El secretari general del PSOE de la Pobla de Vallbona, Juan Pedro Serrano, ha agra\u00eft el suport \u201cdels militants assistents a l&#8217;assemblea que serveix com a esper\u00f3 per a aprofundir i refor\u00e7ar el treball que realitzem en la societat civil, per a encarar amb determinaci\u00f3 i confian\u00e7a els processos electorals que tindran lloc al llarg del pr\u00f2xim any, el nacional, l&#8217;auton\u00f2mic i el local\u201d.&nbsp;<\/p>\n\n\n\n<p class=\"wp-block-paragraph\">Per aix\u00f2, la nova direcci\u00f3 local del PSOE de la Pobla de Vallbona encara el futur \u201camb l&#8217;optimisme necessari per a explicar i divulgar les propostes socialistes entre els habitants de la localitat, tant en el nucli urb\u00e0 com en les \u00e0rees residencials, amb un projecte solvent per a visibilitzar i difondre un model de ciutat moderna, progressista, sostenible, integradora i diversa\u201d.<\/p>\n\n\n\n<p class=\"wp-block-paragraph\"><\/p>\n","protected":false},"excerpt":{"rendered":"<div class=\"mh-excerpt\">Serrano revalida el c\u00e0rrec que ocupa des d&#8217;agost de l&#8217;any 2020 El PSPV-PSOE de la Pobla de Vallbona ha elegit a Juan Pedro Serrano com a secretari general de l&#8217;agrupaci\u00f3 local amb el 90% del <a class=\"mh-excerpt-more\" href=\"https:\/\/tucomarca.whitekongsoftware.com\/ca\/el-psoe-de-la-pobla-de-vallbona-elegeix-a-juan-pedro-serrano-com-a-secretari-general-amb-el-suport-del-90-dels-militants\/\" title=\"El PSOE de la Pobla de Vallbona elegeix a Juan Pedro Serrano com a secretari general amb el suport del 90% dels militants\">[+] <\/a><\/div>\n","protected":false},"author":12,"featured_media":154019,"comment_status":"open","ping_status":"open","sticky":false,"template":"","format":"standard","meta":{"footnotes":""},"categories":[10892,10894,10915,10947,10896],"tags":[10899,16805,10916,16806],"class_list":["post-154020","post","type-post","status-publish","format-standard","has-post-thumbnail","category-camp-de-turia-ca","category-la-comarca-ca","category-la-pobla-ca","category-politica","category-seccion-ca","tag-camp-de-turia-ca","tag-juan-pedro-serrano-ca","tag-la-pobla-de-vallbona-ca","tag-pspv-psoe-pobla-de-vallbona-ca"],"_links":{"self":[{"href":"https:\/\/tucomarca.whitekongsoftware.com\/ca\/wp-json\/wp\/v2\/posts\/154020","targetHints":{"allow":["GET"]}}],"collection":[{"href":"https:\/\/tucomarca.whitekongsoftware.com\/ca\/wp-json\/wp\/v2\/posts"}],"about":[{"href":"https:\/\/tucomarca.whitekongsoftware.com\/ca\/wp-json\/wp\/v2\/types\/post"}],"author":[{"embeddable":true,"href":"https:\/\/tucomarca.whitekongsoftware.com\/ca\/wp-json\/wp\/v2\/users\/12"}],"replies":[{"embeddable":true,"href":"https:\/\/tucomarca.whitekongsoftware.com\/ca\/wp-json\/wp\/v2\/comments?post=154020"}],"version-history":[{"count":0,"href":"https:\/\/tucomarca.whitekongsoftware.com\/ca\/wp-json\/wp\/v2\/posts\/154020\/revisions"}],"wp:featuredmedia":[{"embeddable":true,"href":"https:\/\/tucomarca.whitekongsoftware.com\/ca\/wp-json\/wp\/v2\/media\/154019"}],"wp:attachment":[{"href":"https:\/\/tucomarca.whitekongsoftware.com\/ca\/wp-json\/wp\/v2\/media?parent=154020"}],"wp:term":[{"taxonomy":"category","embeddable":true,"href":"https:\/\/tucomarca.whitekongsoftware.com\/ca\/wp-json\/wp\/v2\/categories?post=154020"},{"taxonomy":"post_tag","embeddable":true,"href":"https:\/\/tucomarca.whitekongsoftware.com\/ca\/wp-json\/wp\/v2\/tags?post=154020"}],"curies":[{"name":"wp","href":"https:\/\/api.w.org\/{rel}","templated":true}]}}