{"id":153947,"date":"2022-04-04T20:00:00","date_gmt":"2022-04-04T18:00:00","guid":{"rendered":"http:\/\/www.tucomarca.com\/wordpress\/segunda\/?p=153947"},"modified":"2022-04-05T10:23:43","modified_gmt":"2022-04-05T08:23:43","slug":"el-partit-popular-de-la-comarca-requena-utiel-va-estar-representat-en-el-20-congres-nacional-de-la-formacio-politica","status":"publish","type":"post","link":"https:\/\/tucomarca.whitekongsoftware.com\/ca\/el-partit-popular-de-la-comarca-requena-utiel-va-estar-representat-en-el-20-congres-nacional-de-la-formacio-politica\/","title":{"rendered":"El Partit Popular de la comarca Requena-Utiel va estar representat en el 20 Congr\u00e9s Nacional de la formaci\u00f3 pol\u00edtica"},"content":{"rendered":"\n<p class=\"wp-block-paragraph\">El Partit Popular Requena-Utiel va ser present en el 20 Congr\u00e9s Nacional que va proclamar President del PP a Alberto N\u00fa\u00f1ez Feij\u00f3o, a Sevilla l&#8217;1 i 2 d&#8217;abril.<br>Els compromissaris de la comarca que van ser triats en la primera ronda del congr\u00e9s on el 100% dels vots van ser al candidat N\u00fa\u00f1ez Feij\u00f3o van ser presents en la seua proclamaci\u00f3 com a president del partit. L&#8217;assignat al municipi de Requena i l&#8217;assignat a la resta de la comarca, van poder participar en la segona votaci\u00f3 a la qual es va sotmetre.<br>El congr\u00e9s que es va realitzar l&#8217;1 i 2 d&#8217;abril a Sevilla va acollir en FIBES una programaci\u00f3 que va comen\u00e7ar el divendres al mat\u00ed i va finalitzar el dissabte al migdia. Informa, <strong>Luis Ib\u00e1\u00f1ez.<\/strong><\/p>\n\n\n\n<p class=\"wp-block-paragraph\"><\/p>\n","protected":false},"excerpt":{"rendered":"<div class=\"mh-excerpt\">El Partit Popular Requena-Utiel va ser present en el 20 Congr\u00e9s Nacional que va proclamar President del PP a Alberto N\u00fa\u00f1ez Feij\u00f3o, a Sevilla l&#8217;1 i 2 d&#8217;abril.Els compromissaris de la comarca que van ser <a class=\"mh-excerpt-more\" href=\"https:\/\/tucomarca.whitekongsoftware.com\/ca\/el-partit-popular-de-la-comarca-requena-utiel-va-estar-representat-en-el-20-congres-nacional-de-la-formacio-politica\/\" title=\"El Partit Popular de la comarca Requena-Utiel va estar representat en el 20 Congr\u00e9s Nacional de la formaci\u00f3 pol\u00edtica\">[+] <\/a><\/div>\n","protected":false},"author":12,"featured_media":153943,"comment_status":"open","ping_status":"open","sticky":false,"template":"","format":"standard","meta":{"footnotes":""},"categories":[11031,10894,10947,10909,10896,11058,11060],"tags":[16793,16794,10910],"class_list":["post-153947","post","type-post","status-publish","format-standard","has-post-thumbnail","category-camporrobles-ca","category-la-comarca-ca","category-politica","category-requena-utiel-ca","category-seccion-ca","category-sinarcas-ca","category-venta-del-moro-ca","tag-20-congreso-nacional-pp-ca","tag-pp-de-requena-utiel-ca","tag-requena-utiel-ca"],"_links":{"self":[{"href":"https:\/\/tucomarca.whitekongsoftware.com\/ca\/wp-json\/wp\/v2\/posts\/153947","targetHints":{"allow":["GET"]}}],"collection":[{"href":"https:\/\/tucomarca.whitekongsoftware.com\/ca\/wp-json\/wp\/v2\/posts"}],"about":[{"href":"https:\/\/tucomarca.whitekongsoftware.com\/ca\/wp-json\/wp\/v2\/types\/post"}],"author":[{"embeddable":true,"href":"https:\/\/tucomarca.whitekongsoftware.com\/ca\/wp-json\/wp\/v2\/users\/12"}],"replies":[{"embeddable":true,"href":"https:\/\/tucomarca.whitekongsoftware.com\/ca\/wp-json\/wp\/v2\/comments?post=153947"}],"version-history":[{"count":0,"href":"https:\/\/tucomarca.whitekongsoftware.com\/ca\/wp-json\/wp\/v2\/posts\/153947\/revisions"}],"wp:featuredmedia":[{"embeddable":true,"href":"https:\/\/tucomarca.whitekongsoftware.com\/ca\/wp-json\/wp\/v2\/media\/153943"}],"wp:attachment":[{"href":"https:\/\/tucomarca.whitekongsoftware.com\/ca\/wp-json\/wp\/v2\/media?parent=153947"}],"wp:term":[{"taxonomy":"category","embeddable":true,"href":"https:\/\/tucomarca.whitekongsoftware.com\/ca\/wp-json\/wp\/v2\/categories?post=153947"},{"taxonomy":"post_tag","embeddable":true,"href":"https:\/\/tucomarca.whitekongsoftware.com\/ca\/wp-json\/wp\/v2\/tags?post=153947"}],"curies":[{"name":"wp","href":"https:\/\/api.w.org\/{rel}","templated":true}]}}