{"id":153936,"date":"2022-04-05T09:00:00","date_gmt":"2022-04-05T07:00:00","guid":{"rendered":"http:\/\/www.tucomarca.com\/wordpress\/segunda\/?p=153936"},"modified":"2022-04-05T10:20:24","modified_gmt":"2022-04-05T08:20:24","slug":"xest-obri-un-cicle-de-recuperacio-de-la-memoria-democratica-amb-un-homenatge-al-chestano-exiliat-angel-tomas","status":"publish","type":"post","link":"https:\/\/tucomarca.whitekongsoftware.com\/ca\/xest-obri-un-cicle-de-recuperacio-de-la-memoria-democratica-amb-un-homenatge-al-chestano-exiliat-angel-tomas\/","title":{"rendered":"Xest obri un cicle de recuperaci\u00f3 de la Mem\u00f2ria Democr\u00e0tica amb un homenatge al chestano exiliat \u00c1ngel Tom\u00e1s"},"content":{"rendered":"\n<p class=\"wp-block-paragraph\">Dissabte passat, 2 d&#8217;abril, el sal\u00f3 de plens de l&#8217;Ajuntament va acollir el primer acte del cicle de recuperaci\u00f3 de la Mem\u00f2ria Democr\u00e0tica amb un homenatge al chestano \u00c1ngel Tom\u00e1s (1921-2020), titulat Un chestano en l&#8217;exili: humanista llibertari.<\/p>\n\n\n\n<p class=\"wp-block-paragraph\">\u201c\u00c1ngel Tom\u00e1s representa la viv\u00e8ncia de tants homes i dones que van deixar els seus llocs de naixement a conseq\u00fc\u00e8ncia de la guerra del 36 a Espanya, provocada per l&#8217;al\u00e7ament militar en contra del govern de la II Rep\u00fablica, triat democr\u00e0ticament pel poble espanyol. \u00c9s un exemple de coher\u00e8ncia i de llibertat; un exemple del capital hum\u00e0 que es va perdre amb el colp d&#8217;estat dirigit per Franco, que va sumir a Espanya en la mis\u00e8ria i que la va fer retrocedir 40 anys en la hist\u00f2ria. Per totes les persones que van patir exili, persecuci\u00f3, pres\u00f3 o mort continuem demanant mem\u00f2ria, just\u00edcia i veritat\u201d, manifestava la regidora de Cultura, M\u00aa \u00c1ngeles Llorente, en la presentaci\u00f3 de l&#8217;acte.<\/p>\n\n\n\n<p class=\"wp-block-paragraph\">L&#8217;homenatge va estar presidit pel fill d&#8217;\u00c1ngel Tom\u00e1s, Jos\u00e9 Tom\u00e1s, qui va narrar la vida del seu pare des de la seua joventut, detenint-se en la seua activitat pol\u00edtica i en els detalls del seu exili. Tamb\u00e9 va destacar l&#8217;amor del chestano per la seua terra natal i com, 34 anys despr\u00e9s del seu exili, va poder tornar a Xest i recuperar la nacionalitat espanyola. \u201cEl meu pare va ser sempre fidel als seus ideals i va recordar el seu poble amb afecte, ja que conservava velles amistats; una vegada va poder tornar a Xest va visitar el poble dues vegades a l&#8217;any, coincidint amb les festes. Solia dir: vaig viure quasi 40 anys sense nacionalitat i ara em morir\u00e9 amb dues\u2019\u201d, comentava Jos\u00e9 Tom\u00e1s.&nbsp;<\/p>\n\n\n\n<p class=\"wp-block-paragraph\">Durant la xarrada, el fill de l&#8217;homenatjat va explicar que el seu pare va formar part del moviment llibertari i anarquista de Xest, i com els seus primers anys de vida van estar replets d&#8217;experi\u00e8ncies que constituirien a Espanya les idees llibert\u00e0ries i anarquistes que ell continuaria promulgant la resta de la seua vida. Tal com va narrar, \u00c1ngel Tom\u00e1s era fill de llauradors acomodats, va ser membre fundador de les joventuts llibert\u00e0ries de Xest, va participar en la creaci\u00f3 de les col\u00b7lectivitats agr\u00e0ries i va tindre un paper molt actiu en L&#8217;Ateneu, on es reunien els soldats de la 118 Divisi\u00f3. Al mar\u00e7 de 1939 \u00c1ngel Tom\u00e1s va marxar amb ells cap al port d&#8217;Alacant, on va ser detingut i va passar pels camps de concentraci\u00f3 dels Ametlers i d&#8217;Albatera. Va aconseguir escapar i tornar a Xest, on va romandre durant un any. M\u00e9s tard, va aconseguir exiliar-se a Fran\u00e7a i va romandre al servei de companys i companyes, formant part de la Xarxa Ponz\u00e1n, ajudant als qui escapaven i volien travessar la frontera.&nbsp;<\/p>\n\n\n\n<p class=\"wp-block-paragraph\">Previ a la xarrada de Jos\u00e9 Tom\u00e1s, Jos\u00e9 Vicente Castillo, Doctor en Hist\u00f2ria Contempor\u00e0nia, va realitzar una pon\u00e8ncia titulada La col\u00b7lectivitat de Xest, en la qual va desgranar la hist\u00f2ria d&#8217;aquesta instituci\u00f3 econ\u00f2mic-social en el municipi, de la qual tamb\u00e9 va formar part l&#8217;homenatjat, i va reivindicar el reconeixement dels assoliments d&#8217;aquest moviment. \u201cUn dels triomfs de la dictadura va ser aconseguir un silenci total sobre aquests temes. A causa del meu treball, coneixia personalment a \u00c1ngel Tom\u00e1s, sabia del seu exili per\u00f2 mai vaig imaginar la seua experi\u00e8ncia vital; la nostra societat necessita recuperar aqueixa mem\u00f2ria, aix\u00ed com la llista interminable de dones i homes que van lluitar per la llibertat\u201d, conclo\u00efa l&#8217;historiador.<\/p>\n\n\n\n<p class=\"wp-block-paragraph\">L&#8217;esdeveniment tamb\u00e9 va comptar amb la pres\u00e8ncia de representants de la corporaci\u00f3 municipal i amb la participaci\u00f3 de l&#8217;alcalde de Xest, Jos\u00e9 Morell, i va estar amenitzat per la m\u00fasica d&#8217;un duo de viol\u00ed i violoncel integrat per les bu\u00f1olenses Alicia G\u00f3mez Ald\u00e1s i Mar\u00eda Gal\u00e1n Parra. \u201cEl de hui \u00e9s un modest acte de Mem\u00f2ria Democr\u00e0tica i de reparaci\u00f3 de la vida d&#8217;\u00c1ngel Tom\u00e1s, un chestano que va haver d&#8217;exiliar-se pel colp d&#8217;estat de Franco. Vides com la seua van quedar oblidades del relat oficial i esborrades de la mem\u00f2ria col\u00b7lectiva. Felicite la regidoria de Cultura, i concretament a la regidora, M\u00aa \u00c1ngeles, per aquesta iniciativa i altres que es desenvoluparan en el marc d&#8217;aquest projecte de recuperaci\u00f3 de la Mem\u00f2ria Democr\u00e0tica\u201d, declarava l&#8217;alcalde, Jos\u00e9 Morell, a l&#8217;inici de l&#8217;acte. \u201c\u00c9s inevitable fer paral\u00b7lelismes entre la vida d&#8217;\u00c1ngel Tom\u00e1s amb la situaci\u00f3 actual de les persones ucra\u00efneses que estan arribant a Xest fugint de la guerra, perqu\u00e8 \u00e9s exactament el mateix que van viure molts dels nostres avis\u201d.<\/p>\n\n\n\n<p class=\"wp-block-paragraph\">Durant l&#8217;acte es van interpretar en directe diversos temes populars, com El cant del ocells, Tornar i Per un cap, de Carlos Gardel; Solament una vegada, de A. Lara; Amapola, de J. M. Lacalle; i Bella Ciao, pe\u00e7a tradicional italiana que va emocionar tant al p\u00fablic com a Jos\u00e9 Tom\u00e1s. \u201cAquesta can\u00e7\u00f3 defineix completament als meus pares: d&#8217;una banda \u00e9s una m\u00fasica de llibertat, que em recorda al meu pare, i d&#8217;altra banda \u00e9s una pe\u00e7a italiana, que \u00e9s la nacionalitat de la meua mare\u201d, subratllava amb emoci\u00f3 Jos\u00e9 Tom\u00e1s.&nbsp;<\/p>\n\n\n\n<p class=\"wp-block-paragraph\">En finalitzar l&#8217;homenatge, totes les persones assistents van poder veure els objectes vinculats amb la vida d&#8217;\u00c1ngel Tom\u00e1s exposats en el sal\u00f3 de plens i es va oferir una \u00e0gape.<\/p>\n\n\n\n<figure class=\"wp-block-gallery columns-2 is-cropped wp-block-gallery-1 is-layout-flex wp-block-gallery-is-layout-flex\"><ul class=\"blocks-gallery-grid\"><li class=\"blocks-gallery-item\"><figure><img loading=\"lazy\" decoding=\"async\" width=\"1024\" height=\"682\" src=\"http:\/\/www.tucomarca.com\/wordpress\/segunda\/wp-content\/uploads\/2022\/04\/Cheste_HomenajeAngelTomas_1-1024x682.jpg\" alt=\"\" data-id=\"153927\" data-full-url=\"http:\/\/www.tucomarca.com\/wordpress\/segunda\/wp-content\/uploads\/2022\/04\/Cheste_HomenajeAngelTomas_1.jpg\" data-link=\"http:\/\/www.tucomarca.com\/wordpress\/segunda\/?attachment_id=153927\" class=\"wp-image-153927\" srcset=\"https:\/\/tucomarca.whitekongsoftware.com\/wp-content\/uploads\/2022\/04\/Cheste_HomenajeAngelTomas_1-1024x682.jpg 1024w, https:\/\/tucomarca.whitekongsoftware.com\/wp-content\/uploads\/2022\/04\/Cheste_HomenajeAngelTomas_1-300x200.jpg 300w, https:\/\/tucomarca.whitekongsoftware.com\/wp-content\/uploads\/2022\/04\/Cheste_HomenajeAngelTomas_1-768x512.jpg 768w, https:\/\/tucomarca.whitekongsoftware.com\/wp-content\/uploads\/2022\/04\/Cheste_HomenajeAngelTomas_1.jpg 1181w\" sizes=\"auto, (max-width: 1024px) 100vw, 1024px\" \/><\/figure><\/li><li class=\"blocks-gallery-item\"><figure><img loading=\"lazy\" decoding=\"async\" width=\"1024\" height=\"682\" src=\"http:\/\/www.tucomarca.com\/wordpress\/segunda\/wp-content\/uploads\/2022\/04\/Cheste_HomenajeAngelTomas_2-1024x682.jpg\" alt=\"\" data-id=\"153925\" data-full-url=\"http:\/\/www.tucomarca.com\/wordpress\/segunda\/wp-content\/uploads\/2022\/04\/Cheste_HomenajeAngelTomas_2.jpg\" data-link=\"http:\/\/www.tucomarca.com\/wordpress\/segunda\/?attachment_id=153925\" class=\"wp-image-153925\" srcset=\"https:\/\/tucomarca.whitekongsoftware.com\/wp-content\/uploads\/2022\/04\/Cheste_HomenajeAngelTomas_2-1024x682.jpg 1024w, https:\/\/tucomarca.whitekongsoftware.com\/wp-content\/uploads\/2022\/04\/Cheste_HomenajeAngelTomas_2-300x200.jpg 300w, https:\/\/tucomarca.whitekongsoftware.com\/wp-content\/uploads\/2022\/04\/Cheste_HomenajeAngelTomas_2-768x512.jpg 768w, https:\/\/tucomarca.whitekongsoftware.com\/wp-content\/uploads\/2022\/04\/Cheste_HomenajeAngelTomas_2.jpg 1181w\" sizes=\"auto, (max-width: 1024px) 100vw, 1024px\" \/><\/figure><\/li><li class=\"blocks-gallery-item\"><figure><img loading=\"lazy\" decoding=\"async\" width=\"1024\" height=\"682\" src=\"http:\/\/www.tucomarca.com\/wordpress\/segunda\/wp-content\/uploads\/2022\/04\/Cheste_HomenajeAngelTomas_5-1024x682.jpg\" alt=\"\" data-id=\"153923\" data-full-url=\"http:\/\/www.tucomarca.com\/wordpress\/segunda\/wp-content\/uploads\/2022\/04\/Cheste_HomenajeAngelTomas_5.jpg\" data-link=\"http:\/\/www.tucomarca.com\/wordpress\/segunda\/?attachment_id=153923\" class=\"wp-image-153923\" srcset=\"https:\/\/tucomarca.whitekongsoftware.com\/wp-content\/uploads\/2022\/04\/Cheste_HomenajeAngelTomas_5-1024x682.jpg 1024w, https:\/\/tucomarca.whitekongsoftware.com\/wp-content\/uploads\/2022\/04\/Cheste_HomenajeAngelTomas_5-300x200.jpg 300w, https:\/\/tucomarca.whitekongsoftware.com\/wp-content\/uploads\/2022\/04\/Cheste_HomenajeAngelTomas_5-768x512.jpg 768w, https:\/\/tucomarca.whitekongsoftware.com\/wp-content\/uploads\/2022\/04\/Cheste_HomenajeAngelTomas_5.jpg 1181w\" sizes=\"auto, (max-width: 1024px) 100vw, 1024px\" \/><\/figure><\/li><li class=\"blocks-gallery-item\"><figure><img loading=\"lazy\" decoding=\"async\" width=\"1024\" height=\"682\" src=\"http:\/\/www.tucomarca.com\/wordpress\/segunda\/wp-content\/uploads\/2022\/04\/Cheste_HomenajeAngelTomas_7-1024x682.jpg\" alt=\"\" data-id=\"153921\" data-full-url=\"http:\/\/www.tucomarca.com\/wordpress\/segunda\/wp-content\/uploads\/2022\/04\/Cheste_HomenajeAngelTomas_7.jpg\" data-link=\"http:\/\/www.tucomarca.com\/wordpress\/segunda\/?attachment_id=153921\" class=\"wp-image-153921\" srcset=\"https:\/\/tucomarca.whitekongsoftware.com\/wp-content\/uploads\/2022\/04\/Cheste_HomenajeAngelTomas_7-1024x682.jpg 1024w, https:\/\/tucomarca.whitekongsoftware.com\/wp-content\/uploads\/2022\/04\/Cheste_HomenajeAngelTomas_7-300x200.jpg 300w, https:\/\/tucomarca.whitekongsoftware.com\/wp-content\/uploads\/2022\/04\/Cheste_HomenajeAngelTomas_7-768x512.jpg 768w, https:\/\/tucomarca.whitekongsoftware.com\/wp-content\/uploads\/2022\/04\/Cheste_HomenajeAngelTomas_7.jpg 1181w\" sizes=\"auto, (max-width: 1024px) 100vw, 1024px\" \/><\/figure><\/li><li class=\"blocks-gallery-item\"><figure><img loading=\"lazy\" decoding=\"async\" width=\"1024\" height=\"682\" src=\"http:\/\/www.tucomarca.com\/wordpress\/segunda\/wp-content\/uploads\/2022\/04\/Cheste_HomenajeAngelTomas_4-1024x682.jpg\" alt=\"\" data-id=\"153919\" data-full-url=\"http:\/\/www.tucomarca.com\/wordpress\/segunda\/wp-content\/uploads\/2022\/04\/Cheste_HomenajeAngelTomas_4.jpg\" data-link=\"http:\/\/www.tucomarca.com\/wordpress\/segunda\/?attachment_id=153919\" class=\"wp-image-153919\" srcset=\"https:\/\/tucomarca.whitekongsoftware.com\/wp-content\/uploads\/2022\/04\/Cheste_HomenajeAngelTomas_4-1024x682.jpg 1024w, https:\/\/tucomarca.whitekongsoftware.com\/wp-content\/uploads\/2022\/04\/Cheste_HomenajeAngelTomas_4-300x200.jpg 300w, https:\/\/tucomarca.whitekongsoftware.com\/wp-content\/uploads\/2022\/04\/Cheste_HomenajeAngelTomas_4-768x512.jpg 768w, https:\/\/tucomarca.whitekongsoftware.com\/wp-content\/uploads\/2022\/04\/Cheste_HomenajeAngelTomas_4.jpg 1181w\" sizes=\"auto, (max-width: 1024px) 100vw, 1024px\" \/><\/figure><\/li><li class=\"blocks-gallery-item\"><figure><img loading=\"lazy\" decoding=\"async\" width=\"1024\" height=\"682\" src=\"http:\/\/www.tucomarca.com\/wordpress\/segunda\/wp-content\/uploads\/2022\/04\/Cheste_HomenajeAngelTomas_10-1024x682.jpg\" alt=\"\" data-id=\"153915\" data-full-url=\"http:\/\/www.tucomarca.com\/wordpress\/segunda\/wp-content\/uploads\/2022\/04\/Cheste_HomenajeAngelTomas_10.jpg\" data-link=\"http:\/\/www.tucomarca.com\/wordpress\/segunda\/?attachment_id=153915\" class=\"wp-image-153915\" srcset=\"https:\/\/tucomarca.whitekongsoftware.com\/wp-content\/uploads\/2022\/04\/Cheste_HomenajeAngelTomas_10-1024x682.jpg 1024w, https:\/\/tucomarca.whitekongsoftware.com\/wp-content\/uploads\/2022\/04\/Cheste_HomenajeAngelTomas_10-300x200.jpg 300w, https:\/\/tucomarca.whitekongsoftware.com\/wp-content\/uploads\/2022\/04\/Cheste_HomenajeAngelTomas_10-768x512.jpg 768w, https:\/\/tucomarca.whitekongsoftware.com\/wp-content\/uploads\/2022\/04\/Cheste_HomenajeAngelTomas_10.jpg 1181w\" sizes=\"auto, (max-width: 1024px) 100vw, 1024px\" \/><\/figure><\/li><li class=\"blocks-gallery-item\"><figure><img loading=\"lazy\" decoding=\"async\" width=\"1024\" height=\"682\" src=\"http:\/\/www.tucomarca.com\/wordpress\/segunda\/wp-content\/uploads\/2022\/04\/Cheste_HomenajeAngelTomas_9-1024x682.jpg\" alt=\"\" data-id=\"153913\" data-full-url=\"http:\/\/www.tucomarca.com\/wordpress\/segunda\/wp-content\/uploads\/2022\/04\/Cheste_HomenajeAngelTomas_9.jpg\" data-link=\"http:\/\/www.tucomarca.com\/wordpress\/segunda\/?attachment_id=153913\" class=\"wp-image-153913\" srcset=\"https:\/\/tucomarca.whitekongsoftware.com\/wp-content\/uploads\/2022\/04\/Cheste_HomenajeAngelTomas_9-1024x682.jpg 1024w, https:\/\/tucomarca.whitekongsoftware.com\/wp-content\/uploads\/2022\/04\/Cheste_HomenajeAngelTomas_9-300x200.jpg 300w, https:\/\/tucomarca.whitekongsoftware.com\/wp-content\/uploads\/2022\/04\/Cheste_HomenajeAngelTomas_9-768x512.jpg 768w, https:\/\/tucomarca.whitekongsoftware.com\/wp-content\/uploads\/2022\/04\/Cheste_HomenajeAngelTomas_9.jpg 1181w\" sizes=\"auto, (max-width: 1024px) 100vw, 1024px\" \/><\/figure><\/li><li class=\"blocks-gallery-item\"><figure><img loading=\"lazy\" decoding=\"async\" width=\"1024\" height=\"682\" src=\"http:\/\/www.tucomarca.com\/wordpress\/segunda\/wp-content\/uploads\/2022\/04\/Cheste_HomenajeAngelTomas_8-1024x682.jpg\" alt=\"\" data-id=\"153911\" data-full-url=\"http:\/\/www.tucomarca.com\/wordpress\/segunda\/wp-content\/uploads\/2022\/04\/Cheste_HomenajeAngelTomas_8.jpg\" data-link=\"http:\/\/www.tucomarca.com\/wordpress\/segunda\/?attachment_id=153911\" class=\"wp-image-153911\" srcset=\"https:\/\/tucomarca.whitekongsoftware.com\/wp-content\/uploads\/2022\/04\/Cheste_HomenajeAngelTomas_8-1024x682.jpg 1024w, https:\/\/tucomarca.whitekongsoftware.com\/wp-content\/uploads\/2022\/04\/Cheste_HomenajeAngelTomas_8-300x200.jpg 300w, https:\/\/tucomarca.whitekongsoftware.com\/wp-content\/uploads\/2022\/04\/Cheste_HomenajeAngelTomas_8-768x512.jpg 768w, https:\/\/tucomarca.whitekongsoftware.com\/wp-content\/uploads\/2022\/04\/Cheste_HomenajeAngelTomas_8.jpg 1181w\" sizes=\"auto, (max-width: 1024px) 100vw, 1024px\" \/><\/figure><\/li><li class=\"blocks-gallery-item\"><figure><img loading=\"lazy\" decoding=\"async\" width=\"1024\" height=\"682\" src=\"http:\/\/www.tucomarca.com\/wordpress\/segunda\/wp-content\/uploads\/2022\/04\/Cheste_HomenajeAngelTomas_3-1024x682.jpg\" alt=\"\" data-id=\"153909\" data-full-url=\"http:\/\/www.tucomarca.com\/wordpress\/segunda\/wp-content\/uploads\/2022\/04\/Cheste_HomenajeAngelTomas_3.jpg\" data-link=\"http:\/\/www.tucomarca.com\/wordpress\/segunda\/?attachment_id=153909\" class=\"wp-image-153909\" srcset=\"https:\/\/tucomarca.whitekongsoftware.com\/wp-content\/uploads\/2022\/04\/Cheste_HomenajeAngelTomas_3-1024x682.jpg 1024w, https:\/\/tucomarca.whitekongsoftware.com\/wp-content\/uploads\/2022\/04\/Cheste_HomenajeAngelTomas_3-300x200.jpg 300w, https:\/\/tucomarca.whitekongsoftware.com\/wp-content\/uploads\/2022\/04\/Cheste_HomenajeAngelTomas_3-768x512.jpg 768w, https:\/\/tucomarca.whitekongsoftware.com\/wp-content\/uploads\/2022\/04\/Cheste_HomenajeAngelTomas_3.jpg 1181w\" sizes=\"auto, (max-width: 1024px) 100vw, 1024px\" \/><\/figure><\/li><li class=\"blocks-gallery-item\"><figure><img loading=\"lazy\" decoding=\"async\" width=\"1024\" height=\"682\" src=\"http:\/\/www.tucomarca.com\/wordpress\/segunda\/wp-content\/uploads\/2022\/04\/Cheste_HomenajeAngelTomas_18-1024x682.jpg\" alt=\"\" data-id=\"153907\" data-full-url=\"http:\/\/www.tucomarca.com\/wordpress\/segunda\/wp-content\/uploads\/2022\/04\/Cheste_HomenajeAngelTomas_18.jpg\" data-link=\"http:\/\/www.tucomarca.com\/wordpress\/segunda\/?attachment_id=153907\" class=\"wp-image-153907\" srcset=\"https:\/\/tucomarca.whitekongsoftware.com\/wp-content\/uploads\/2022\/04\/Cheste_HomenajeAngelTomas_18-1024x682.jpg 1024w, https:\/\/tucomarca.whitekongsoftware.com\/wp-content\/uploads\/2022\/04\/Cheste_HomenajeAngelTomas_18-300x200.jpg 300w, https:\/\/tucomarca.whitekongsoftware.com\/wp-content\/uploads\/2022\/04\/Cheste_HomenajeAngelTomas_18-768x512.jpg 768w, https:\/\/tucomarca.whitekongsoftware.com\/wp-content\/uploads\/2022\/04\/Cheste_HomenajeAngelTomas_18.jpg 1181w\" sizes=\"auto, (max-width: 1024px) 100vw, 1024px\" \/><\/figure><\/li><li class=\"blocks-gallery-item\"><figure><img loading=\"lazy\" decoding=\"async\" width=\"1024\" height=\"682\" src=\"http:\/\/www.tucomarca.com\/wordpress\/segunda\/wp-content\/uploads\/2022\/04\/Cheste_HomenajeAngelTomas_17-1024x682.jpg\" alt=\"\" data-id=\"153905\" data-full-url=\"http:\/\/www.tucomarca.com\/wordpress\/segunda\/wp-content\/uploads\/2022\/04\/Cheste_HomenajeAngelTomas_17.jpg\" data-link=\"http:\/\/www.tucomarca.com\/wordpress\/segunda\/?attachment_id=153905\" class=\"wp-image-153905\" srcset=\"https:\/\/tucomarca.whitekongsoftware.com\/wp-content\/uploads\/2022\/04\/Cheste_HomenajeAngelTomas_17-1024x682.jpg 1024w, https:\/\/tucomarca.whitekongsoftware.com\/wp-content\/uploads\/2022\/04\/Cheste_HomenajeAngelTomas_17-300x200.jpg 300w, https:\/\/tucomarca.whitekongsoftware.com\/wp-content\/uploads\/2022\/04\/Cheste_HomenajeAngelTomas_17-768x512.jpg 768w, https:\/\/tucomarca.whitekongsoftware.com\/wp-content\/uploads\/2022\/04\/Cheste_HomenajeAngelTomas_17.jpg 1181w\" sizes=\"auto, (max-width: 1024px) 100vw, 1024px\" \/><\/figure><\/li><li class=\"blocks-gallery-item\"><figure><img loading=\"lazy\" decoding=\"async\" width=\"1024\" height=\"682\" src=\"http:\/\/www.tucomarca.com\/wordpress\/segunda\/wp-content\/uploads\/2022\/04\/Cheste_HomenajeAngelTomas_13-1024x682.jpg\" alt=\"\" data-id=\"153903\" data-full-url=\"http:\/\/www.tucomarca.com\/wordpress\/segunda\/wp-content\/uploads\/2022\/04\/Cheste_HomenajeAngelTomas_13.jpg\" data-link=\"http:\/\/www.tucomarca.com\/wordpress\/segunda\/?attachment_id=153903\" class=\"wp-image-153903\" srcset=\"https:\/\/tucomarca.whitekongsoftware.com\/wp-content\/uploads\/2022\/04\/Cheste_HomenajeAngelTomas_13-1024x682.jpg 1024w, https:\/\/tucomarca.whitekongsoftware.com\/wp-content\/uploads\/2022\/04\/Cheste_HomenajeAngelTomas_13-300x200.jpg 300w, https:\/\/tucomarca.whitekongsoftware.com\/wp-content\/uploads\/2022\/04\/Cheste_HomenajeAngelTomas_13-768x512.jpg 768w, https:\/\/tucomarca.whitekongsoftware.com\/wp-content\/uploads\/2022\/04\/Cheste_HomenajeAngelTomas_13.jpg 1181w\" sizes=\"auto, (max-width: 1024px) 100vw, 1024px\" \/><\/figure><\/li><\/ul><\/figure>\n","protected":false},"excerpt":{"rendered":"<div class=\"mh-excerpt\">Dissabte passat, 2 d&#8217;abril, el sal\u00f3 de plens de l&#8217;Ajuntament va acollir el primer acte del cicle de recuperaci\u00f3 de la Mem\u00f2ria Democr\u00e0tica amb un homenatge al chestano \u00c1ngel Tom\u00e1s (1921-2020), titulat Un chestano en <a class=\"mh-excerpt-more\" href=\"https:\/\/tucomarca.whitekongsoftware.com\/ca\/xest-obri-un-cicle-de-recuperacio-de-la-memoria-democratica-amb-un-homenatge-al-chestano-exiliat-angel-tomas\/\" title=\"Xest obri un cicle de recuperaci\u00f3 de la Mem\u00f2ria Democr\u00e0tica amb un homenatge al chestano exiliat \u00c1ngel Tom\u00e1s\">[+] <\/a><\/div>\n","protected":false},"author":12,"featured_media":153910,"comment_status":"open","ping_status":"open","sticky":false,"template":"","format":"gallery","meta":{"footnotes":""},"categories":[10894,10912,11007,10947,10896,10974],"tags":[16790,11071,14046,10914,16620],"class_list":["post-153936","post","type-post","status-publish","format-gallery","has-post-thumbnail","category-la-comarca-ca","category-la-hoya-ca","category-ocio-y-cultura-ca","category-politica","category-seccion-ca","category-cheste-ca","tag-angel-tomas-ca","tag-cheste","tag-homenaje-ca","tag-la-hoya-de-bunol-chiva-ca","tag-memoria-democratica-ca","post_format-post-format-gallery"],"_links":{"self":[{"href":"https:\/\/tucomarca.whitekongsoftware.com\/ca\/wp-json\/wp\/v2\/posts\/153936","targetHints":{"allow":["GET"]}}],"collection":[{"href":"https:\/\/tucomarca.whitekongsoftware.com\/ca\/wp-json\/wp\/v2\/posts"}],"about":[{"href":"https:\/\/tucomarca.whitekongsoftware.com\/ca\/wp-json\/wp\/v2\/types\/post"}],"author":[{"embeddable":true,"href":"https:\/\/tucomarca.whitekongsoftware.com\/ca\/wp-json\/wp\/v2\/users\/12"}],"replies":[{"embeddable":true,"href":"https:\/\/tucomarca.whitekongsoftware.com\/ca\/wp-json\/wp\/v2\/comments?post=153936"}],"version-history":[{"count":0,"href":"https:\/\/tucomarca.whitekongsoftware.com\/ca\/wp-json\/wp\/v2\/posts\/153936\/revisions"}],"wp:featuredmedia":[{"embeddable":true,"href":"https:\/\/tucomarca.whitekongsoftware.com\/ca\/wp-json\/wp\/v2\/media\/153910"}],"wp:attachment":[{"href":"https:\/\/tucomarca.whitekongsoftware.com\/ca\/wp-json\/wp\/v2\/media?parent=153936"}],"wp:term":[{"taxonomy":"category","embeddable":true,"href":"https:\/\/tucomarca.whitekongsoftware.com\/ca\/wp-json\/wp\/v2\/categories?post=153936"},{"taxonomy":"post_tag","embeddable":true,"href":"https:\/\/tucomarca.whitekongsoftware.com\/ca\/wp-json\/wp\/v2\/tags?post=153936"}],"curies":[{"name":"wp","href":"https:\/\/api.w.org\/{rel}","templated":true}]}}