{"id":153775,"date":"2022-04-04T12:00:00","date_gmt":"2022-04-04T10:00:00","guid":{"rendered":"http:\/\/www.tucomarca.com\/wordpress\/segunda\/?p=153775"},"modified":"2022-04-04T16:54:31","modified_gmt":"2022-04-04T14:54:31","slug":"riba-roja-de-turia-augmenta-un-42-la-creacio-dempreses-des-de-2017-fins-a-aconseguir-les-2-122-mercantils-i-recupera-les-xifres-pre-pandemia","status":"publish","type":"post","link":"https:\/\/tucomarca.whitekongsoftware.com\/ca\/riba-roja-de-turia-augmenta-un-42-la-creacio-dempreses-des-de-2017-fins-a-aconseguir-les-2-122-mercantils-i-recupera-les-xifres-pre-pandemia\/","title":{"rendered":"Riba-roja de T\u00faria augmenta un 4\u20192% la creaci\u00f3 d&#8217;empreses des de 2017 fins a aconseguir les 2.122 mercantils i recupera les xifres pre-pand\u00e8mia"},"content":{"rendered":"\n<h4 class=\"wp-block-heading\">El sector log\u00edstic de la localitat concentra el 79\u20194% sobre el total de les empreses existents en els diferents pol\u00edgons industrials, un dels m\u00e9s importants de la Comunitat Valenciana&nbsp;<\/h4>\n\n\n\n<p class=\"wp-block-paragraph\">Riba-roja, 3 d\u2019abril de 2022 \u2013 Riba-roja de T\u00faria ha augmentat un 4\u20192% la creaci\u00f3 de noves empreses en la localitat durant l&#8217;\u00faltim lustre en passar de les 2.036 de l&#8217;any 2017 a les 2.122 mercantils de l&#8217;actualitat, \u00e9s a dir, un increment de 86 noves mercantils en aquest per\u00edode de temps, segons el Directori Central d&#8217;Empreses publicat per la Generalitat Valenciana en el seu banc oficial de dades. El sector log\u00edstic concentra el major volum empresarial amb un 79\u20194%, en comptar amb 1.685 de les 2.122 mercantils existents.&nbsp;<\/p>\n\n\n\n<p class=\"wp-block-paragraph\">Amb aquestes xifres, Riba-roja de T\u00faria encap\u00e7ala la creaci\u00f3 d&#8217;empreses a la comarca de Camp de T\u00faria per davant d&#8217;altres municipis com el cas de B\u00e9tera amb 1.978 empreses, Ll\u00edria amb altres 1.343 o la Pobla de Vallbona amb 1.907 empreses en total existents l&#8217;any 2021. Les estad\u00edstiques publicades per la Generalitat es basen en les dades de l&#8217;Institut Nacional d&#8217;Estad\u00edstica (INE).&nbsp;<\/p>\n\n\n\n<p class=\"wp-block-paragraph\">Les dades de la Generalitat constaten un augment progressiu de noves empreses durant l&#8217;\u00faltim lustre a Riba-roja de T\u00faria amb les 2.036 empreses l&#8217;any 2017, les 2.092 del seg\u00fcent any 2018 fins a passar a les 2.126 mercantils en l&#8217;exercici de 2019 o les 2.125 empreses existents en ple any de la pand\u00e8mia. Les xifres augmenten si es retrotrau a principis de la d\u00e8cada passada quan l&#8217;any 2012 hi havia 1.914 empreses, \u00e9s a dir, 208 mercantils menys.&nbsp;<\/p>\n\n\n\n<p class=\"wp-block-paragraph\">La majoria de les empreses existents, actualment, a Riba-roja de T\u00faria pertanyen al sector dels serveis amb 1.685 sobre les 2.122 del total \u2013un 79\u20194%-, mentre que les restants s\u00f3n 185 del sector de la ind\u00fastria o les 252 de la construcci\u00f3. Precisament, els serveis s\u00f3n els que m\u00e9s han crescut en l&#8217;\u00faltima d\u00e8cada, de les 1.443 de l&#8217;any 2012 a les 1.685 de l&#8217;actualitat. Mentrestant, el sector de la construcci\u00f3 tamb\u00e9 ha crescut, de les 210 de l&#8217;any 210 a les 252 de l&#8217;actualitat i la ind\u00fastria ha mantingut les 185 existents entre tots dos per\u00edodes de temps.&nbsp;<\/p>\n\n\n\n<p class=\"wp-block-paragraph\">Cal recordar que Riba-roja de T\u00faria posseeix m\u00e9s de 8\u20197 milions de metres quadrats de superf\u00edcie dedicats als pol\u00edgons industrials, segons el planejament de l&#8217;actual pla general d&#8217;ordenaci\u00f3 urbana (PGOU) vigent en la localitat. Amb aquestes dades, el sector 13 \u00e9s un dels quals experimenta una major concentraci\u00f3 amb 1\u20192 milions de metres quadrats&nbsp;<\/p>\n\n\n\n<p class=\"wp-block-paragraph\">Altres \u00e0rees amb una concentraci\u00f3 industrial notable a Riba-roja de T\u00faria s\u00f3n els sectors del parc log\u00edstic de la localitat amb prop de 700.000 metres quadrats, els 655.000 metres del sector 12 o els 800.000 metres reunits en la zona del pol\u00edgon Masia de Bal\u00f3. Per nombre d&#8217;empreses, el sector 13 concentra al voltant de 300 empreses, les 260 del sector del by pass.&nbsp;<\/p>\n\n\n\n<p class=\"wp-block-paragraph\">Millora en creaci\u00f3 d&#8217;ocupaci\u00f3<\/p>\n\n\n\n<p class=\"wp-block-paragraph\">La creaci\u00f3 de noves empreses en la localitat ha anat compassada d&#8217;una millora en les dades de la creaci\u00f3 de llocs de treball durant els \u00faltims mesos, amb una reducci\u00f3 de fins al 5\u20193% de la taxa d&#8217;atur experimentada durant el mes de desembre passat. A m\u00e9s, cal destacar la formalitzaci\u00f3 de contractes laborals en la localitat durant l&#8217;any passat 2021, en el qual es van registrar 25.511 en total, enfront dels 19.503 de l&#8217;exercici anterior de 2020 o els 22.625 de l&#8217;any 2019.&nbsp;<\/p>\n\n\n\n<p class=\"wp-block-paragraph\">L&#8217;alcalde de Riba-roja de T\u00faria, Robert Raga, ha destacat \u201cl&#8217;impuls industrial experimentador en el nostre municipi durant els \u00faltims anys, amb inversions notables des de l&#8217;ajuntament en els pol\u00edgons per a endre\u00e7ar-los i crear les condicions \u00f2ptimes per a facilitar l&#8217;arribada de noves signatures i, per tant, canalitzar la formalitzaci\u00f3 de nous llocs de treball per a reduir la taxa d&#8217;atur\u201d.<\/p>\n\n\n\n<p class=\"wp-block-paragraph\"><\/p>\n","protected":false},"excerpt":{"rendered":"<div class=\"mh-excerpt\">El sector log\u00edstic de la localitat concentra el 79\u20194% sobre el total de les empreses existents en els diferents pol\u00edgons industrials, un dels m\u00e9s importants de la Comunitat Valenciana&nbsp; Riba-roja, 3 d\u2019abril de 2022 \u2013 <a class=\"mh-excerpt-more\" href=\"https:\/\/tucomarca.whitekongsoftware.com\/ca\/riba-roja-de-turia-augmenta-un-42-la-creacio-dempreses-des-de-2017-fins-a-aconseguir-les-2-122-mercantils-i-recupera-les-xifres-pre-pandemia\/\" title=\"Riba-roja de T\u00faria augmenta un 4\u20192% la creaci\u00f3 d&#8217;empreses des de 2017 fins a aconseguir les 2.122 mercantils i recupera les xifres pre-pand\u00e8mia\">[+] <\/a><\/div>\n","protected":false},"author":12,"featured_media":106132,"comment_status":"open","ping_status":"open","sticky":false,"template":"","format":"standard","meta":{"footnotes":""},"categories":[10892,10948,10894,10947,10896],"tags":[10899,16775,16776,15024],"class_list":["post-153775","post","type-post","status-publish","format-standard","has-post-thumbnail","category-camp-de-turia-ca","category-infraestructuras-ca","category-la-comarca-ca","category-politica","category-seccion-ca","tag-camp-de-turia-ca","tag-creacion-de-empresas-ca","tag-logistica-ca","tag-riba-roja-de-turia-ca"],"_links":{"self":[{"href":"https:\/\/tucomarca.whitekongsoftware.com\/ca\/wp-json\/wp\/v2\/posts\/153775","targetHints":{"allow":["GET"]}}],"collection":[{"href":"https:\/\/tucomarca.whitekongsoftware.com\/ca\/wp-json\/wp\/v2\/posts"}],"about":[{"href":"https:\/\/tucomarca.whitekongsoftware.com\/ca\/wp-json\/wp\/v2\/types\/post"}],"author":[{"embeddable":true,"href":"https:\/\/tucomarca.whitekongsoftware.com\/ca\/wp-json\/wp\/v2\/users\/12"}],"replies":[{"embeddable":true,"href":"https:\/\/tucomarca.whitekongsoftware.com\/ca\/wp-json\/wp\/v2\/comments?post=153775"}],"version-history":[{"count":0,"href":"https:\/\/tucomarca.whitekongsoftware.com\/ca\/wp-json\/wp\/v2\/posts\/153775\/revisions"}],"wp:featuredmedia":[{"embeddable":true,"href":"https:\/\/tucomarca.whitekongsoftware.com\/ca\/wp-json\/wp\/v2\/media\/106132"}],"wp:attachment":[{"href":"https:\/\/tucomarca.whitekongsoftware.com\/ca\/wp-json\/wp\/v2\/media?parent=153775"}],"wp:term":[{"taxonomy":"category","embeddable":true,"href":"https:\/\/tucomarca.whitekongsoftware.com\/ca\/wp-json\/wp\/v2\/categories?post=153775"},{"taxonomy":"post_tag","embeddable":true,"href":"https:\/\/tucomarca.whitekongsoftware.com\/ca\/wp-json\/wp\/v2\/tags?post=153775"}],"curies":[{"name":"wp","href":"https:\/\/api.w.org\/{rel}","templated":true}]}}