{"id":153691,"date":"2022-04-02T10:00:00","date_gmt":"2022-04-02T08:00:00","guid":{"rendered":"http:\/\/www.tucomarca.com\/wordpress\/segunda\/?p=153691"},"modified":"2022-04-02T20:53:31","modified_gmt":"2022-04-02T18:53:31","slug":"valencia-turisme-promociona-loferta-turistica-de-la-provincia-en-la-b-travel-de-barcelona","status":"publish","type":"post","link":"https:\/\/tucomarca.whitekongsoftware.com\/ca\/valencia-turisme-promociona-loferta-turistica-de-la-provincia-en-la-b-travel-de-barcelona\/","title":{"rendered":"Val\u00e8ncia Turisme promociona l&#8217;oferta tur\u00edstica de la prov\u00edncia en la B-Travel de Barcelona"},"content":{"rendered":"\n<h4 class=\"wp-block-heading\">La marca tur\u00edstica de la Diputaci\u00f3 de Val\u00e8ncia participa en el certamen nacional durant el cap de setmana, amb Requena, Tavernes, Sagunt, Cullera, Gandia, Alboraia i Tierra Bobal com a coexpositors<\/h4>\n\n\n\n<p class=\"wp-block-paragraph\">Val\u00e8ncia Turisme promociona l&#8217;oferta tur\u00edstica de la prov\u00edncia des d&#8217;este divendres i fins diumenge que ve en la nova edici\u00f3 de la Fira B-Travel de Barcelona, juntament amb Requena, Tavernes de la Valldigna, Sagunt, Cullera, Gandia, Alboraia i Tierra Bobal, que acudixen com a coexpositors de la marca de la Diputaci\u00f3 de Val\u00e8ncia en l&#8217;estand de la Comunitat Valenciana.<\/p>\n\n\n\n<p class=\"wp-block-paragraph\">El secretari auton\u00f2mic de Turisme, Francesc Colomer, ha visitat este divendres l&#8217;espai expositiu de Val\u00e8ncia Turisme, acompanyat pel director de la marca tur\u00edstica, Xavi Pascual, i els representants dels municipis coexpositors. B-Travel 2022 se celebra anualment en el Recinte de Montju\u00efc i est\u00e0 dirigida tant a professionals del sector com a p\u00fablic en general.<\/p>\n\n\n\n<p class=\"wp-block-paragraph\">El certamen nacional congrega a m\u00e9s de 200 expositors en 6.000 metres quadrats, entre organismes oficials, empreses d&#8217;allotjament, ag\u00e8ncies de viatge i majoristes; companyies de transport; ofertes de turisme cultural, gastron\u00f2mic, enoturisme, turisme actiu, esportiu, industrial i turisme sostenible; formaci\u00f3 i serveis tur\u00edstics; n\u00e0utica; c\u00e0mping i caravaning; turisme LGTB; companyies de creuers; i la tecnologia actual al servei del turisme, entre altres sectors.<\/p>\n\n\n\n<p class=\"wp-block-paragraph\"><strong>Aflu\u00e8ncia de turistes catalans<\/strong><\/p>\n\n\n\n<p class=\"wp-block-paragraph\">El mercat catal\u00e0 \u00e9s el quart emissor nacional per a la Comunitat Valenciana i representa el 5% del total de viatges d&#8217;espanyols realitzats a la regi\u00f3, segons dades de l&#8217;Institut Nacional d&#8217;Estad\u00edstica (INE).<\/p>\n\n\n\n<p class=\"wp-block-paragraph\">Cada any, la Comunitat Valenciana registra prop d&#8217;un mili\u00f3 de viatges de turistes catalans, dels quals un 31,3% es realitzen en cap de setmana, mentre que el 93,4% es duen a terme sense paquet tur\u00edstic.<\/p>\n\n\n\n<p class=\"wp-block-paragraph\"><\/p>\n","protected":false},"excerpt":{"rendered":"<div class=\"mh-excerpt\">La marca tur\u00edstica de la Diputaci\u00f3 de Val\u00e8ncia participa en el certamen nacional durant el cap de setmana, amb Requena, Tavernes, Sagunt, Cullera, Gandia, Alboraia i Tierra Bobal com a coexpositors Val\u00e8ncia Turisme promociona l&#8217;oferta <a class=\"mh-excerpt-more\" href=\"https:\/\/tucomarca.whitekongsoftware.com\/ca\/valencia-turisme-promociona-loferta-turistica-de-la-provincia-en-la-b-travel-de-barcelona\/\" title=\"Val\u00e8ncia Turisme promociona l&#8217;oferta tur\u00edstica de la prov\u00edncia en la B-Travel de Barcelona\">[+] <\/a><\/div>\n","protected":false},"author":12,"featured_media":153690,"comment_status":"open","ping_status":"open","sticky":false,"template":"","format":"standard","meta":{"footnotes":""},"categories":[11019,10948,10894,10947,10908,10909,10896],"tags":[16765,11246,16766,11099,12388,11404],"class_list":["post-153691","post","type-post","status-publish","format-standard","has-post-thumbnail","category-agenda-ca","category-infraestructuras-ca","category-la-comarca-ca","category-politica","category-requena-ca","category-requena-utiel-ca","category-seccion-ca","tag-b-travel-de-barcelona-ca","tag-diputacio-de-valencia-ca","tag-oferta-turistica-ca","tag-requena-ca","tag-tierra-bobal-ca","tag-valencia-turisme-ca"],"_links":{"self":[{"href":"https:\/\/tucomarca.whitekongsoftware.com\/ca\/wp-json\/wp\/v2\/posts\/153691","targetHints":{"allow":["GET"]}}],"collection":[{"href":"https:\/\/tucomarca.whitekongsoftware.com\/ca\/wp-json\/wp\/v2\/posts"}],"about":[{"href":"https:\/\/tucomarca.whitekongsoftware.com\/ca\/wp-json\/wp\/v2\/types\/post"}],"author":[{"embeddable":true,"href":"https:\/\/tucomarca.whitekongsoftware.com\/ca\/wp-json\/wp\/v2\/users\/12"}],"replies":[{"embeddable":true,"href":"https:\/\/tucomarca.whitekongsoftware.com\/ca\/wp-json\/wp\/v2\/comments?post=153691"}],"version-history":[{"count":0,"href":"https:\/\/tucomarca.whitekongsoftware.com\/ca\/wp-json\/wp\/v2\/posts\/153691\/revisions"}],"wp:featuredmedia":[{"embeddable":true,"href":"https:\/\/tucomarca.whitekongsoftware.com\/ca\/wp-json\/wp\/v2\/media\/153690"}],"wp:attachment":[{"href":"https:\/\/tucomarca.whitekongsoftware.com\/ca\/wp-json\/wp\/v2\/media?parent=153691"}],"wp:term":[{"taxonomy":"category","embeddable":true,"href":"https:\/\/tucomarca.whitekongsoftware.com\/ca\/wp-json\/wp\/v2\/categories?post=153691"},{"taxonomy":"post_tag","embeddable":true,"href":"https:\/\/tucomarca.whitekongsoftware.com\/ca\/wp-json\/wp\/v2\/tags?post=153691"}],"curies":[{"name":"wp","href":"https:\/\/api.w.org\/{rel}","templated":true}]}}