{"id":153681,"date":"2022-04-03T09:46:00","date_gmt":"2022-04-03T07:46:00","guid":{"rendered":"http:\/\/www.tucomarca.com\/wordpress\/segunda\/?p=153681"},"modified":"2022-04-03T11:58:03","modified_gmt":"2022-04-03T09:58:03","slug":"lesportista-utielano-kevin-koffi-illueca-sera-distingit-amb-el-titol-de-ciutada-honorari-dutiel","status":"publish","type":"post","link":"https:\/\/tucomarca.whitekongsoftware.com\/ca\/lesportista-utielano-kevin-koffi-illueca-sera-distingit-amb-el-titol-de-ciutada-honorari-dutiel\/","title":{"rendered":"L&#8217;esportista utielano Kevin Koffi Illueca ser\u00e0 distingit amb el t\u00edtol de \u201cCiutad\u00e0 honorari d&#8217;Utiel\u201d"},"content":{"rendered":"\n<h4 class=\"wp-block-heading\">En l&#8217;\u00faltima sessi\u00f3 plen\u00e0ria es va aprovar per unanimitat el seu nomenament. En pr\u00f2ximes dates, se celebrar\u00e0 l&#8217;acte de lliurament d&#8217;aquesta distinci\u00f3.&nbsp;<\/h4>\n\n\n\n<p class=\"wp-block-paragraph\">El jove esportista utielano, Kevin Koffi Illueca, ser\u00e0 distingit amb el t\u00edtol de \u201cCiutad\u00e0 honorari d&#8217;Utiel\u201d per la seua mete\u00f2rica traject\u00f2ria esportiva en kick-boxing coronada amb la medalla d&#8217;Or en el Campionat Mundial en 2021.<\/p>\n\n\n\n<p class=\"wp-block-paragraph\">Ahir en sessi\u00f3 plen\u00e0ria es va aprovar per unanimitat el reconeixement d&#8217;aquesta condecoraci\u00f3 de \u201cCiutad\u00e0 Honorari\u201d a Kevin Koffi Illueca que rebr\u00e0 la distinci\u00f3 en un acte oficial a celebrar en pr\u00f2ximes dates, depenent dels compromisos i competicions esportives de l&#8217;homenatjat.<\/p>\n\n\n\n<p class=\"wp-block-paragraph\">El mes de novembre passat, el Ple de l&#8217;Ajuntament d&#8217;Utiel va aprovar incoar l&#8217;expedient administratiu per a concedir a Kevin Claude Koffi Illueca la distinci\u00f3 de Ciutad\u00e0 Honorari d&#8217;aquest Municipi, inclosa en el reglament d&#8217;honors, distincions i protocol.<\/p>\n\n\n\n<p class=\"wp-block-paragraph\">Una condecoraci\u00f3 que ha comptat amb l&#8217;aval de nombroses entitats de car\u00e0cter esportiu i cultural d&#8217;Utiel que s&#8217;han adherit a aquest merescut nomenament.<\/p>\n\n\n\n<p class=\"wp-block-paragraph\">M\u00e8rits esportius&nbsp;<\/p>\n\n\n\n<p class=\"wp-block-paragraph\">L&#8217;esportista utielano inicie la seua carrera esportiva en 2012 en competicions de kick-boxing a nivell auton\u00f2mic i nacional. Des de llavors i fins a l&#8217;actualitat, ha sumat al seu palmar\u00e9s 49 medalles, sent 20 vegades campi\u00f3 d&#8217;Espanya i 19 vegades campi\u00f3 de la Comunitat Valenciana.<\/p>\n\n\n\n<p class=\"wp-block-paragraph\">Els seus assoliments m\u00e9s destacats han sigut a nivell internacional, arribant a aconseguir el primer lloc del r\u00e0nquing mundial en el Campionat del M\u00f3n d&#8217;It\u00e0lia en 2021. El utielano Kevin Koffi amb tan sols 23 anys, aconseguia una gran fita en convertir-se en el primer campi\u00f3 del m\u00f3n espanyol de kick-boxing.<\/p>\n\n\n\n<p class=\"wp-block-paragraph\">L&#8217;\u00faltim reconeixement esportiu, es feia p\u00fablic fa tan sols uns dies, en ser triat Millor esportista de l&#8217;any 2021 (Competidor Tatami Sport 2021 i Millor atleta de l&#8217;any 2021) per la Federaci\u00f3 Espanyola de Kick-boxing i Muaythai (FEKM).<\/p>\n\n\n\n<p class=\"wp-block-paragraph\"><\/p>\n","protected":false},"excerpt":{"rendered":"<div class=\"mh-excerpt\">En l&#8217;\u00faltima sessi\u00f3 plen\u00e0ria es va aprovar per unanimitat el seu nomenament. En pr\u00f2ximes dates, se celebrar\u00e0 l&#8217;acte de lliurament d&#8217;aquesta distinci\u00f3.&nbsp; El jove esportista utielano, Kevin Koffi Illueca, ser\u00e0 distingit amb el t\u00edtol de <a class=\"mh-excerpt-more\" href=\"https:\/\/tucomarca.whitekongsoftware.com\/ca\/lesportista-utielano-kevin-koffi-illueca-sera-distingit-amb-el-titol-de-ciutada-honorari-dutiel\/\" title=\"L&#8217;esportista utielano Kevin Koffi Illueca ser\u00e0 distingit amb el t\u00edtol de \u201cCiutad\u00e0 honorari d&#8217;Utiel\u201d\">[+] <\/a><\/div>\n","protected":false},"author":12,"featured_media":153679,"comment_status":"open","ping_status":"open","sticky":false,"template":"","format":"standard","meta":{"footnotes":""},"categories":[11003,10894,11009,10909,10896,11059],"tags":[16763,15705,10910,11174],"class_list":["post-153681","post","type-post","status-publish","format-standard","has-post-thumbnail","category-sports","category-la-comarca-ca","category-polideportivo-ca","category-requena-utiel-ca","category-seccion-ca","category-utiel-ca","tag-ciudadano-honorario-de-utiel-ca","tag-kevin-koffi-illueca-ca","tag-requena-utiel-ca","tag-utiel-ca"],"_links":{"self":[{"href":"https:\/\/tucomarca.whitekongsoftware.com\/ca\/wp-json\/wp\/v2\/posts\/153681","targetHints":{"allow":["GET"]}}],"collection":[{"href":"https:\/\/tucomarca.whitekongsoftware.com\/ca\/wp-json\/wp\/v2\/posts"}],"about":[{"href":"https:\/\/tucomarca.whitekongsoftware.com\/ca\/wp-json\/wp\/v2\/types\/post"}],"author":[{"embeddable":true,"href":"https:\/\/tucomarca.whitekongsoftware.com\/ca\/wp-json\/wp\/v2\/users\/12"}],"replies":[{"embeddable":true,"href":"https:\/\/tucomarca.whitekongsoftware.com\/ca\/wp-json\/wp\/v2\/comments?post=153681"}],"version-history":[{"count":0,"href":"https:\/\/tucomarca.whitekongsoftware.com\/ca\/wp-json\/wp\/v2\/posts\/153681\/revisions"}],"wp:featuredmedia":[{"embeddable":true,"href":"https:\/\/tucomarca.whitekongsoftware.com\/ca\/wp-json\/wp\/v2\/media\/153679"}],"wp:attachment":[{"href":"https:\/\/tucomarca.whitekongsoftware.com\/ca\/wp-json\/wp\/v2\/media?parent=153681"}],"wp:term":[{"taxonomy":"category","embeddable":true,"href":"https:\/\/tucomarca.whitekongsoftware.com\/ca\/wp-json\/wp\/v2\/categories?post=153681"},{"taxonomy":"post_tag","embeddable":true,"href":"https:\/\/tucomarca.whitekongsoftware.com\/ca\/wp-json\/wp\/v2\/tags?post=153681"}],"curies":[{"name":"wp","href":"https:\/\/api.w.org\/{rel}","templated":true}]}}