{"id":153628,"date":"2022-04-02T09:00:00","date_gmt":"2022-04-02T07:00:00","guid":{"rendered":"http:\/\/www.tucomarca.com\/wordpress\/segunda\/?p=153628"},"modified":"2022-04-02T12:26:37","modified_gmt":"2022-04-02T10:26:37","slug":"la-regidoria-de-turisme-de-bunyol-prepara-el-seu-pla-estrategic-turistic-al-costat-de-les-empreses-i-ciutadans-per-a-marcar-les-seues-metes-en-els-proxims-anys","status":"publish","type":"post","link":"https:\/\/tucomarca.whitekongsoftware.com\/ca\/la-regidoria-de-turisme-de-bunyol-prepara-el-seu-pla-estrategic-turistic-al-costat-de-les-empreses-i-ciutadans-per-a-marcar-les-seues-metes-en-els-proxims-anys\/","title":{"rendered":"La regidoria de Turisme de Bunyol prepara el seu pla estrat\u00e8gic tur\u00edstic al costat de les empreses i ciutadans per a marcar les seues metes en els pr\u00f2xims anys"},"content":{"rendered":"\n<p class=\"wp-block-paragraph\">&#8220;\u00c9s important tindre un pla a llarg termini per a fomentar el Turisme a Bunyol, plantejar-nos com volem que siga Bunyol com a dest\u00ed i quals s\u00f3n els punts forts i febleses a millorar per a aconseguir el nostre objectiu&#8221; ha afirmat la regidor de Turisme Mar\u00eda Valles.<\/p>\n\n\n\n<p class=\"wp-block-paragraph\">Amb aquest objectiu la Regidoria de Turisme ha posat en marxa dos processos important\u00edssims per al municipi:<\/p>\n\n\n\n<ul class=\"wp-block-list\"><li>D&#8217;una banda, l&#8217;adscripci\u00f3 de Bunyol com a Destinaci\u00f3 Tur\u00edstica Intel\u00b7ligent.<\/li><li>D&#8217;altra banda, el proc\u00e9s d&#8217;elaboraci\u00f3 del Pla Estrat\u00e8gic Tur\u00edstic amb el qual la regidor ha cridat a participar a totes les empreses dedicades al sector, tant d&#8217;activitats tur\u00edstiques com allotjaments, perqu\u00e8 aquestes realitzen els suggeriments i propostes necess\u00e0ries per a aquest proc\u00e9s.<\/li><\/ul>\n\n\n\n<p class=\"wp-block-paragraph\">La primera reuni\u00f3 es va realitzar el 10 de mar\u00e7 i es van marcar les primeres l\u00ednies, encara aix\u00ed la regidoria convida a realitzar aquesta enquesta a totes aquelles empreses que no van poder acudir a la reuni\u00f3.<br>Acc\u00e9s enquesta empreses tur\u00edstiques: https:\/\/bit.ly\/3x1aras Acc\u00e9s enquesta restauraci\u00f3 i allotjament: https:\/\/bit.ly\/3itun5x<br>D&#8217;altra banda, tamb\u00e9 fa una crida a tots els ciutadans perqu\u00e8 participen en el pla estrat\u00e8gic tur\u00edstic i ha posat a la disposici\u00f3 de la ciutadania est\u00e0 f\u00e0cil enquesta.<br>Acc\u00e9s enquesta<br><a href=\"https:\/\/bit.ly\/3ngv2th\">https:\/\/bit.ly\/3ngv2th<\/a><br>Entre tots podem marcar les l\u00ednies perqu\u00e8 Bunyol es convertisca en la destinaci\u00f3 tur\u00edstica que es mereix, hem de decidir cap a on anem perqu\u00e8 nom\u00e9s aix\u00ed avan\u00e7arem.<\/p>\n\n\n\n<p class=\"wp-block-paragraph\"><\/p>\n","protected":false},"excerpt":{"rendered":"<div class=\"mh-excerpt\">&#8220;\u00c9s important tindre un pla a llarg termini per a fomentar el Turisme a Bunyol, plantejar-nos com volem que siga Bunyol com a dest\u00ed i quals s\u00f3n els punts forts i febleses a millorar per <a class=\"mh-excerpt-more\" href=\"https:\/\/tucomarca.whitekongsoftware.com\/ca\/la-regidoria-de-turisme-de-bunyol-prepara-el-seu-pla-estrategic-turistic-al-costat-de-les-empreses-i-ciutadans-per-a-marcar-les-seues-metes-en-els-proxims-anys\/\" title=\"La regidoria de Turisme de Bunyol prepara el seu pla estrat\u00e8gic tur\u00edstic al costat de les empreses i ciutadans per a marcar les seues metes en els pr\u00f2xims anys\">[+] <\/a><\/div>\n","protected":false},"author":12,"featured_media":153627,"comment_status":"open","ping_status":"open","sticky":false,"template":"","format":"standard","meta":{"footnotes":""},"categories":[10911,10948,10894,10912,10947,10896],"tags":[16756,10914,16218,16522],"class_list":["post-153628","post","type-post","status-publish","format-standard","has-post-thumbnail","category-bunol-ca","category-infraestructuras-ca","category-la-comarca-ca","category-la-hoya-ca","category-politica","category-seccion-ca","tag-destino-turistico-inteligente-ca","tag-la-hoya-de-bunol-chiva-ca","tag-plan-estrategico-ca","tag-turismo-bunol-ca"],"_links":{"self":[{"href":"https:\/\/tucomarca.whitekongsoftware.com\/ca\/wp-json\/wp\/v2\/posts\/153628","targetHints":{"allow":["GET"]}}],"collection":[{"href":"https:\/\/tucomarca.whitekongsoftware.com\/ca\/wp-json\/wp\/v2\/posts"}],"about":[{"href":"https:\/\/tucomarca.whitekongsoftware.com\/ca\/wp-json\/wp\/v2\/types\/post"}],"author":[{"embeddable":true,"href":"https:\/\/tucomarca.whitekongsoftware.com\/ca\/wp-json\/wp\/v2\/users\/12"}],"replies":[{"embeddable":true,"href":"https:\/\/tucomarca.whitekongsoftware.com\/ca\/wp-json\/wp\/v2\/comments?post=153628"}],"version-history":[{"count":0,"href":"https:\/\/tucomarca.whitekongsoftware.com\/ca\/wp-json\/wp\/v2\/posts\/153628\/revisions"}],"wp:featuredmedia":[{"embeddable":true,"href":"https:\/\/tucomarca.whitekongsoftware.com\/ca\/wp-json\/wp\/v2\/media\/153627"}],"wp:attachment":[{"href":"https:\/\/tucomarca.whitekongsoftware.com\/ca\/wp-json\/wp\/v2\/media?parent=153628"}],"wp:term":[{"taxonomy":"category","embeddable":true,"href":"https:\/\/tucomarca.whitekongsoftware.com\/ca\/wp-json\/wp\/v2\/categories?post=153628"},{"taxonomy":"post_tag","embeddable":true,"href":"https:\/\/tucomarca.whitekongsoftware.com\/ca\/wp-json\/wp\/v2\/tags?post=153628"}],"curies":[{"name":"wp","href":"https:\/\/api.w.org\/{rel}","templated":true}]}}