{"id":153466,"date":"2022-04-01T14:15:00","date_gmt":"2022-04-01T12:15:00","guid":{"rendered":"http:\/\/www.tucomarca.com\/wordpress\/segunda\/?p=153466"},"modified":"2022-04-01T18:51:13","modified_gmt":"2022-04-01T16:51:13","slug":"xest-participara-en-lii-congres-internacional-sobre-envelliment-reeixit-i-entrenament-fisic-i-i-jornades-nacionals-de-programes-de-prescripcio-dexercici-fisic","status":"publish","type":"post","link":"https:\/\/tucomarca.whitekongsoftware.com\/ca\/xest-participara-en-lii-congres-internacional-sobre-envelliment-reeixit-i-entrenament-fisic-i-i-jornades-nacionals-de-programes-de-prescripcio-dexercici-fisic\/","title":{"rendered":"Xest participar\u00e0 en l&#8217;II Congr\u00e9s Internacional sobre envelliment reeixit i entrenament f\u00edsic i I Jornades Nacionals de programes de prescripci\u00f3 d&#8217;exercici f\u00edsic"},"content":{"rendered":"\n<p class=\"wp-block-paragraph\">En el marc del Pla Municipal de Salut, Xest participar\u00e0 en l&#8217;II Congr\u00e9s Internacional sobre envelliment reeixit i entrenament f\u00edsic i I Jornades Nacionals de programes de prescripci\u00f3 d&#8217;exercici f\u00edsic, que organitza l&#8217;Il\u00b7lustre Col\u00b7legi Oficial de Llicenciats en Educaci\u00f3 F\u00edsica i en Ci\u00e8ncies de l&#8217;Activitat F\u00edsica i Esport de la Comunitat Valenciana (Colef CV) i la Unitat d&#8217;Investigaci\u00f3 en Rendiment F\u00edsic i Esportiu de la Universitat de Val\u00e8ncia (UIRFIDE) els pr\u00f2xims 6, 7 i 8 d&#8217;abril a Val\u00e8ncia.<\/p>\n\n\n\n<p class=\"wp-block-paragraph\">L&#8217;esdeveniment, sota el lema \u201cLa recepta esportiva a Espanya\u201d, tindr\u00e0 lloc en la sala d&#8217;actes de la facultat de Filologia de la Universitat de Val\u00e8ncia i comptar\u00e0 amb experts i professionals procedents de tota Espanya, que aprofundiran sobre diferents iniciatives implementades fins hui en les quals l&#8217;exercici f\u00edsic i els professionals de l&#8217;\u00e0mbit esportiu s&#8217;han posat al servei de la salut i la sanitat p\u00fablica mitjan\u00e7ant programes interdisciplinaris. Alhora, aquestes jornades pretenen ser lloc de reflexi\u00f3 sobre continguts, models i reptes sobre exercici f\u00edsic i salut.<\/p>\n\n\n\n<p class=\"wp-block-paragraph\">El programa reserva per al 6 d&#8217;abril la presentaci\u00f3 d&#8217;experi\u00e8ncies i projectes que vinculen esport i salut, entre els quals es donar\u00e0 a con\u00e9ixer el programa Viu Actiu, del qual forma part la localitat chestana. El 7 d&#8217;abril continuaran els actes amb diverses taules redones, un taller sobre entrenament respiratori en persones adultes i un altre sobre la preparaci\u00f3 f\u00edsica dels atletes m\u00e0ster.&nbsp;<\/p>\n\n\n\n<p class=\"wp-block-paragraph\">La trobada finalitzar\u00e0 el 8 d&#8217;abril amb la celebraci\u00f3 del Iaios Training Festival, cita a la qual es despla\u00e7aran les responsables dels tallers d&#8217;envelliment actiu del Centre de Formaci\u00f3 de Persones Adultes (CFPA) de Xest, la regidora de Sanitat, M\u00aa \u00c1ngeles Llorente, personal t\u00e8cnic municipal i alumnat del CFPA. \u201cAquesta participaci\u00f3 \u00e9s molt important, tant per als nostres t\u00e8cnics com per a l&#8217;alumnat, que podr\u00e0 con\u00e9ixer de primera rage experi\u00e8ncies per a encaminar-se cap a un envelliment actiu i una millora de la mem\u00f2ria cognitiva\u201d, ha declarat la regidora. \u201cLa resposta per part de l&#8217;alumnat del CFPA de Xest ha sigut molt bona, sumant un total de 75 persones que noliejaran dos autobusos el 8 d&#8217;abril\u201d.<\/p>\n\n\n\n<p class=\"wp-block-paragraph\">Col\u00b7laboradors<br>El congr\u00e9s compta amb la col\u00b7laboraci\u00f3 de la Generalitat Valenciana, el Consell Superior d&#8217;Esports, la Federaci\u00f3 Valenciana de Municipis i Prov\u00edncies, l&#8217;Associaci\u00f3 de Gestors Esportius de la Comunitat Valenciana (GEPACV), la Societat de Geriatria i Gerontologia, la Fundaci\u00f3 GESMED, l&#8217;Associaci\u00f3 d&#8217;Entrenament amb Majors (EcM) i la Xarxa del CSD Inmosalus.<\/p>\n\n\n\n<p class=\"wp-block-paragraph\"><\/p>\n","protected":false},"excerpt":{"rendered":"<div class=\"mh-excerpt\">En el marc del Pla Municipal de Salut, Xest participar\u00e0 en l&#8217;II Congr\u00e9s Internacional sobre envelliment reeixit i entrenament f\u00edsic i I Jornades Nacionals de programes de prescripci\u00f3 d&#8217;exercici f\u00edsic, que organitza l&#8217;Il\u00b7lustre Col\u00b7legi Oficial <a class=\"mh-excerpt-more\" href=\"https:\/\/tucomarca.whitekongsoftware.com\/ca\/xest-participara-en-lii-congres-internacional-sobre-envelliment-reeixit-i-entrenament-fisic-i-i-jornades-nacionals-de-programes-de-prescripcio-dexercici-fisic\/\" title=\"Xest participar\u00e0 en l&#8217;II Congr\u00e9s Internacional sobre envelliment reeixit i entrenament f\u00edsic i I Jornades Nacionals de programes de prescripci\u00f3 d&#8217;exercici f\u00edsic\">[+] <\/a><\/div>\n","protected":false},"author":12,"featured_media":153464,"comment_status":"open","ping_status":"open","sticky":false,"template":"","format":"standard","meta":{"footnotes":""},"categories":[11010,10894,10912,10896,10974],"tags":[11071,16739,16740,10914,16741],"class_list":["post-153466","post","type-post","status-publish","format-standard","has-post-thumbnail","category-canal-salud","category-la-comarca-ca","category-la-hoya-ca","category-seccion-ca","category-cheste-ca","tag-cheste","tag-i-jornadas-nacionales-de-programas-de-prescripcion-de-ejercicio-fisico-ca","tag-ii-congreso-internacional-sobre-envejecimiento-exitoso-ca","tag-la-hoya-de-bunol-chiva-ca","tag-plan-municipal-de-salud-ca"],"_links":{"self":[{"href":"https:\/\/tucomarca.whitekongsoftware.com\/ca\/wp-json\/wp\/v2\/posts\/153466","targetHints":{"allow":["GET"]}}],"collection":[{"href":"https:\/\/tucomarca.whitekongsoftware.com\/ca\/wp-json\/wp\/v2\/posts"}],"about":[{"href":"https:\/\/tucomarca.whitekongsoftware.com\/ca\/wp-json\/wp\/v2\/types\/post"}],"author":[{"embeddable":true,"href":"https:\/\/tucomarca.whitekongsoftware.com\/ca\/wp-json\/wp\/v2\/users\/12"}],"replies":[{"embeddable":true,"href":"https:\/\/tucomarca.whitekongsoftware.com\/ca\/wp-json\/wp\/v2\/comments?post=153466"}],"version-history":[{"count":0,"href":"https:\/\/tucomarca.whitekongsoftware.com\/ca\/wp-json\/wp\/v2\/posts\/153466\/revisions"}],"wp:featuredmedia":[{"embeddable":true,"href":"https:\/\/tucomarca.whitekongsoftware.com\/ca\/wp-json\/wp\/v2\/media\/153464"}],"wp:attachment":[{"href":"https:\/\/tucomarca.whitekongsoftware.com\/ca\/wp-json\/wp\/v2\/media?parent=153466"}],"wp:term":[{"taxonomy":"category","embeddable":true,"href":"https:\/\/tucomarca.whitekongsoftware.com\/ca\/wp-json\/wp\/v2\/categories?post=153466"},{"taxonomy":"post_tag","embeddable":true,"href":"https:\/\/tucomarca.whitekongsoftware.com\/ca\/wp-json\/wp\/v2\/tags?post=153466"}],"curies":[{"name":"wp","href":"https:\/\/api.w.org\/{rel}","templated":true}]}}