{"id":153438,"date":"2022-03-31T13:00:00","date_gmt":"2022-03-31T11:00:00","guid":{"rendered":"http:\/\/www.tucomarca.com\/wordpress\/segunda\/?p=153438"},"modified":"2022-03-31T13:07:01","modified_gmt":"2022-03-31T11:07:01","slug":"el-pspv-psoe-de-la-foia-de-bunyol-xiva-inicia-una-nova-etapa-amb-elena-perez-al-capdavant-de-la-secretaria-comarcal","status":"publish","type":"post","link":"https:\/\/tucomarca.whitekongsoftware.com\/ca\/el-pspv-psoe-de-la-foia-de-bunyol-xiva-inicia-una-nova-etapa-amb-elena-perez-al-capdavant-de-la-secretaria-comarcal\/","title":{"rendered":"El PSPV-PSOE de la Foia de Bunyol-Xiva inicia una nova etapa amb Elena P\u00e9rez al capdavant de la Secretaria Comarcal"},"content":{"rendered":"\n<p class=\"wp-block-paragraph\">El PSPV-PSOE de la Foia de Bunyol-Xiva ha tancat amb &#8220;molta satisfacci\u00f3 i il\u00b7lusi\u00f3&#8221; i &#8220;una elevad\u00edssima participaci\u00f3&#8221;, segons fonts del partit, el seu per\u00edode congressual comarcal, en el qual s&#8217;ha triat no sols a les persones representants en el Comit\u00e9 Provincial, en el Comit\u00e9 Nacional i en el Comit\u00e9 Comarcal; sin\u00f3 tamb\u00e9 a les persones integrants de la nova Comissi\u00f3 Executiva Comarcal que dirigir\u00e0 el partit a la comarca i en la qual a m\u00e9s s&#8217;ha proclamat oficialment a Elena P\u00e9rez Sanz com a Secret\u00e0ria General dels i les socialistes de la Foia, despr\u00e9s del resultat de les prim\u00e0ries que es van celebrar setmanes arrere en les quals va eixir vencedora l&#8217;ex-regidora d&#8217;I\u00e0tova i actualment directora de Salut P\u00fablica a Val\u00e8ncia de la Conselleria de Sanitat.<\/p>\n\n\n\n<p class=\"wp-block-paragraph\">La nueva Comisi\u00f3n Ejecutiva Comarcal (CEC) propuesta por Elena P\u00e9rez ha sido aprobada por 13 de los 19 votos emitidos de los compromisarios (el 68% de los delegados y delegadas participantes); mientras que la propuesta a Comit\u00e9 Nacional fue votada por 13 de los 19 compromisarios; la propuesta de Comit\u00e9 Provincial por 18 de los 19; y el Comit\u00e9 Comarcal por unanimidad de los 19 delegados y delegadas. Adem\u00e1s, tambi\u00e9n se han elegido a los 22 miembros del Comit\u00e9 Comarcal, a falta de elegir 11 miembros m\u00e1s desde cada agrupaci\u00f3n local.<\/p>\n\n\n\n<p class=\"wp-block-paragraph\">&#8220;El congreso comarcal del PSPV-PSOE de La Hoya ha sido el m\u00e1s largo y completo de todos los que se han celebrado en las comarcas&#8221;, tal como ha subrayado la nueva m\u00e1xima responsable del partido en la comarca, Elena P\u00e9rez, que ha sustituido as\u00ed oficialmente a Lucas Ferrando Zapater, el anterior Secretario Comarcal que ha visto c\u00f3mo sus compa\u00f1eros y compa\u00f1eras de partido han respaldado un\u00e1nimemente su gesti\u00f3n al frente de la formaci\u00f3n durante su mandato, al aprobar con la totalidad de los votos los delegados y delegadas el informe de su gesti\u00f3n.&nbsp;<\/p>\n\n\n\n<figure class=\"wp-block-image size-large\"><img decoding=\"async\" src=\"http:\/\/www.tucomarca.com\/wordpress\/segunda\/wp-content\/uploads\/2022\/03\/PSOEHoya05.jpg\" alt=\"\" class=\"wp-image-153422\"\/><\/figure>\n\n\n\n<p class=\"wp-block-paragraph\"><strong>&#8220;Elevad\u00edsima participaci\u00f3n&#8221;<\/strong><\/p>\n\n\n\n<p class=\"wp-block-paragraph\">&#8220;El congreso del PSPV-PSOE se ha celebrado el viernes 25 de marzo por la tarde y el s\u00e1bado 26 durante la ma\u00f1ana y tarde. Las tres conferencias que se compartieron con la ciudadan\u00eda han sido un \u00e9xito de p\u00fablico en participaci\u00f3n y debates: <em>La agricultura y el cooperativismo<\/em>, a cargo de Roger Llanes, Secretario Auton\u00f3mico de Agricultura, tema de candente actualidad para gran parte de nuestra comarca. <em>La inversi\u00f3n en educaci\u00f3n en la comarca<\/em>, a cargo de Carmina Valiente, Directora Territorial de Educaci\u00f3n, Cultura y Deporte, de gran impacto en todos los pueblos de la comarca con el programa Edificant. Y <em>La Reforma Laboral, la primera de consenso<\/em>, a cargo de Julio Lacuerda, Secretario General de UGT-Federaci\u00f3n de Servicios P\u00fablicos&#8221;, ha a\u00f1adido Elena P\u00e9rez.<\/p>\n\n\n\n<figure class=\"wp-block-image size-large\"><img loading=\"lazy\" decoding=\"async\" width=\"1024\" height=\"768\" src=\"http:\/\/www.tucomarca.com\/wordpress\/segunda\/wp-content\/uploads\/2022\/03\/PSOEHoya06-1024x768.jpg\" alt=\"\" class=\"wp-image-153424\" srcset=\"https:\/\/tucomarca.whitekongsoftware.com\/wp-content\/uploads\/2022\/03\/PSOEHoya06-1024x768.jpg 1024w, https:\/\/tucomarca.whitekongsoftware.com\/wp-content\/uploads\/2022\/03\/PSOEHoya06-300x225.jpg 300w, https:\/\/tucomarca.whitekongsoftware.com\/wp-content\/uploads\/2022\/03\/PSOEHoya06-768x576.jpg 768w, https:\/\/tucomarca.whitekongsoftware.com\/wp-content\/uploads\/2022\/03\/PSOEHoya06-1536x1152.jpg 1536w, https:\/\/tucomarca.whitekongsoftware.com\/wp-content\/uploads\/2022\/03\/PSOEHoya06-678x509.jpg 678w, https:\/\/tucomarca.whitekongsoftware.com\/wp-content\/uploads\/2022\/03\/PSOEHoya06-326x245.jpg 326w, https:\/\/tucomarca.whitekongsoftware.com\/wp-content\/uploads\/2022\/03\/PSOEHoya06-80x60.jpg 80w, https:\/\/tucomarca.whitekongsoftware.com\/wp-content\/uploads\/2022\/03\/PSOEHoya06.jpg 2048w\" sizes=\"auto, (max-width: 1024px) 100vw, 1024px\" \/><\/figure>\n\n\n\n<p class=\"wp-block-paragraph\">&#8220;En lo que respecta a las comisiones de congresos, las 22 personas delegadas participaron en cuatro comisiones, donde fueron ponentes nuestros alcaldes y alcaldesas: en Pol\u00edticas sociales, Educaci\u00f3n y Juventud; en Econ\u00f3mica y Sectores&nbsp;Productivos; en el \u00c1rea Institucional, Mancomunidad y Agenda 2030 y Transformaci\u00f3n&nbsp;Digital; y por \u00faltimo en Sostenibilidad, Movilidad, Pol\u00edticas Verdes. Estatutos Comarcales&#8221;, tal como ha explicado Elena P\u00e9rez.<\/p>\n\n\n\n<p class=\"wp-block-paragraph\">La nueva m\u00e1xima responsable de las y los socialistas de La Hoya ha destacado adem\u00e1s que en el nuevo CEC &#8220;se han integrado todas las sensibilidades, pero lo m\u00e1s importante es la participaci\u00f3n de la militancia de todas las agrupaciones, adem\u00e1s est\u00e1n integrados&nbsp; las&nbsp;alcaldesas&nbsp;y alcaldes en el Consejo Institucional: Alborache (una secretar\u00eda), Bu\u00f1ol (tres secretar\u00edas), Cheste (5 secretar\u00edas), Chiva (una secretar\u00eda), Dos Aguas (una secretar\u00eda), Godelleta (2 secretar\u00edas), Macastre (una secretar\u00eda), SieteAguas (3 secretar\u00edas) y Y\u00e1tova (2 secretar\u00edas)&#8221;.<\/p>\n\n\n\n<figure class=\"wp-block-image size-large\"><img loading=\"lazy\" decoding=\"async\" width=\"1024\" height=\"768\" src=\"http:\/\/www.tucomarca.com\/wordpress\/segunda\/wp-content\/uploads\/2022\/03\/PSOEHoya01-1024x768.jpg\" alt=\"\" class=\"wp-image-153414\" srcset=\"https:\/\/tucomarca.whitekongsoftware.com\/wp-content\/uploads\/2022\/03\/PSOEHoya01-1024x768.jpg 1024w, https:\/\/tucomarca.whitekongsoftware.com\/wp-content\/uploads\/2022\/03\/PSOEHoya01-300x225.jpg 300w, https:\/\/tucomarca.whitekongsoftware.com\/wp-content\/uploads\/2022\/03\/PSOEHoya01-768x576.jpg 768w, https:\/\/tucomarca.whitekongsoftware.com\/wp-content\/uploads\/2022\/03\/PSOEHoya01-1536x1152.jpg 1536w, https:\/\/tucomarca.whitekongsoftware.com\/wp-content\/uploads\/2022\/03\/PSOEHoya01-678x509.jpg 678w, https:\/\/tucomarca.whitekongsoftware.com\/wp-content\/uploads\/2022\/03\/PSOEHoya01-326x245.jpg 326w, https:\/\/tucomarca.whitekongsoftware.com\/wp-content\/uploads\/2022\/03\/PSOEHoya01-80x60.jpg 80w, https:\/\/tucomarca.whitekongsoftware.com\/wp-content\/uploads\/2022\/03\/PSOEHoya01.jpg 1600w\" sizes=\"auto, (max-width: 1024px) 100vw, 1024px\" \/><\/figure>\n\n\n\n<p class=\"wp-block-paragraph\"><strong>Integrantes de la nueva Comisi\u00f3n Ejecutiva Comarcal<\/strong><\/p>\n\n\n\n<p class=\"wp-block-paragraph\">Elena P\u00e9rez ha avanzado que para este nuevo periodo &#8220;tambi\u00e9n contamos con nuevas secretar\u00edas, tales como la Secretar\u00eda de Fondos Europeos y Comunicaci\u00f3n, al frente de la cual est\u00e1 \u00c1lvaro Mor\u00e1n Miralles, de Y\u00e1tova; la Secretar\u00eda de Atenci\u00f3n y Fomento de la Militancia, a cargo de Jos\u00e9 Mar\u00eda Martinez Ferrer, de Siete Aguas, fundamental para cuidar a nuestra militancia; y la Secretar\u00eda de Reto Demogr\u00e1fico y Envejecimiento Activo, coordinada por Raimundo Tar\u00edn Garc\u00eda, de Cheste&#8221;.<\/p>\n\n\n\n<p class=\"wp-block-paragraph\">La Comisi\u00f3n Ejecutiva Comarcal est\u00e1 presidida por<strong> Lucas Ferrando Zapater<\/strong>; adem\u00e1s de la ya mencionada <strong>Elena P\u00e9rez Sanz<\/strong> como Secretaria General. La Vicesecretar\u00eda General de Lucha Contra La Despoblaci\u00f3n est\u00e1 ocupada por<strong> Antonio Del Valle Del Valle<\/strong>; la Vicesecretar\u00eda de Organizaci\u00f3n por <strong>Aurelio Palmer Escorihuela<\/strong>; la Secretar\u00eda de Acci\u00f3n Territorial y Coordinaci\u00f3n Municipal por<strong> Mar\u00eda Vall\u00e9s Lamb\u00edes<\/strong>; la Secretar\u00eda de Atenci\u00f3n y Fomento de la Militancia por <strong>Jos\u00e9 Mar\u00eda Mart\u00ednez Ferrer<\/strong>; la Secretar\u00eda de Igualdad por <strong>Isabel Arnau Carbona<\/strong>; la Secretar\u00eda de Educaci\u00f3n y Formaci\u00f3n Profesional por<strong> M\u00aa Teresa Casani Torres<\/strong>; la Secretar\u00eda de Medio Ambiente, Energ\u00edas Verdes y Cambio Clim\u00e1tico por <strong>Daniel Zahonero Abril<\/strong>; la Secretar\u00eda de Agricultura y Cooperativismo por<strong> Leire Gaset Vidrier<\/strong>; la Secretar\u00eda de Transportes y Movilidad Sostenible por <strong>Vicente Sanz Alarc\u00f3n<\/strong>; la Secretar\u00eda de Sanidad y Salud P\u00fablica por<strong> Lola Llorens<\/strong>; la Secretar\u00eda de Fondos Europeos y Comunicaci\u00f3n por<strong> \u00c1lvaro Mor\u00e1n Miralles<\/strong>; la Secretar\u00eda de Pol\u00edticas Sociales y Lucha contra la Pobreza por <strong>M\u00aa Teresa Gri\u00f1\u00e1n Catal\u00e1<\/strong>; la Secretar\u00eda De Memoria Democr\u00e1tica, LGTBIQ e Inclusi\u00f3n por<strong> Vicent Darder Hig\u00f3n<\/strong>; la Secretar\u00eda de Juventud, Deportes y Vida Saludable por<strong> Maite De La Concepci\u00f3n Casani<\/strong>; la Secretar\u00eda de Cultura y Sociedades Musicales por<strong> Santiago M\u00e1s S\u00e1nchez<\/strong>; la Secretar\u00eda de Turismo Sostenible, Fiestas y Tradiciones por<strong> Mireia Parla Mart\u00ednez<\/strong>; y la ya mencionada Secretar\u00eda de Reto Demogr\u00e1fico y Envejecimiento Activo por<strong> Raimundo Tar\u00edn Garc\u00eda<\/strong>.<\/p>\n\n\n\n<p class=\"wp-block-paragraph\">El <strong>Consejo Institucional<\/strong> adem\u00e1s se ha formado con la alcaldesa de Alborache, <strong>Paqui Collado Torres<\/strong>; la alcaldesa de Bu\u00f1ol,<strong> Juncal Carrascosa Alonso<\/strong>; el alcalde de Cheste,<strong> Jos\u00e9 Morell Roser<\/strong>; el alcalde de Godelleta,<strong> Rafael Fora Iba\u00f1ez<\/strong>; la alcaldesa de Siete Aguas,<strong> Teresa Hern\u00e1ndez Requena<\/strong>; y el alcalde de Y\u00e1tova,<strong> Miguel T\u00f3rtola Herrero<\/strong>.<\/p>\n\n\n\n<p class=\"wp-block-paragraph\">El alcalde de Godelleta, <strong>Rafael Fora<\/strong>, ha sido elegido adem\u00e1s como delegado para integrarse en el Comit\u00e9 Nacional del PSPV-PSOE; y<strong> Avelino Del Valle del Valle<\/strong> y <strong>Virginia Bald\u00f3v\u00ed Gonz\u00e1lez<\/strong> en el Comit\u00e9 Provincial del PSPV-PSOE; <\/p>\n\n\n\n<p class=\"wp-block-paragraph\">El Secretario General del PSPV-PSOE de la provincia de Valencia, Carlos Fern\u00e1ndez Bielsa; y el Portavoz del Grupo Socialista en las Cortes Valencianas, Manolo Mata, fueron adem\u00e1s los encargados de cerrar con sus intervenciones el congreso desarrollado en Cheste.<\/p>\n\n\n\n<p class=\"wp-block-paragraph\">Elena P\u00e9rez tambi\u00e9n ha adelantado que la pr\u00f3xima semana el partido tiene previsto &#8220;formalizar la primera reuni\u00f3n de la Comisi\u00f3n Ejecutiva Comarcal para iniciar el trabajo de este nuevo proyecto&#8221;.<\/p>\n\n\n\n<figure class=\"wp-block-image size-large\"><img loading=\"lazy\" decoding=\"async\" width=\"768\" height=\"1024\" src=\"http:\/\/www.tucomarca.com\/wordpress\/segunda\/wp-content\/uploads\/2022\/03\/PSOEHoya03-768x1024.jpg\" alt=\"\" class=\"wp-image-153420\" srcset=\"https:\/\/tucomarca.whitekongsoftware.com\/wp-content\/uploads\/2022\/03\/PSOEHoya03-768x1024.jpg 768w, https:\/\/tucomarca.whitekongsoftware.com\/wp-content\/uploads\/2022\/03\/PSOEHoya03-225x300.jpg 225w, https:\/\/tucomarca.whitekongsoftware.com\/wp-content\/uploads\/2022\/03\/PSOEHoya03-1152x1536.jpg 1152w, https:\/\/tucomarca.whitekongsoftware.com\/wp-content\/uploads\/2022\/03\/PSOEHoya03.jpg 1536w\" sizes=\"auto, (max-width: 768px) 100vw, 768px\" \/><\/figure>\n","protected":false},"excerpt":{"rendered":"<div class=\"mh-excerpt\">El PSPV-PSOE de la Foia de Bunyol-Xiva ha tancat amb &#8220;molta satisfacci\u00f3 i il\u00b7lusi\u00f3&#8221; i &#8220;una elevad\u00edssima participaci\u00f3&#8221;, segons fonts del partit, el seu per\u00edode congressual comarcal, en el qual s&#8217;ha triat no sols a <a class=\"mh-excerpt-more\" href=\"https:\/\/tucomarca.whitekongsoftware.com\/ca\/el-pspv-psoe-de-la-foia-de-bunyol-xiva-inicia-una-nova-etapa-amb-elena-perez-al-capdavant-de-la-secretaria-comarcal\/\" title=\"El PSPV-PSOE de la Foia de Bunyol-Xiva inicia una nova etapa amb Elena P\u00e9rez al capdavant de la Secretaria Comarcal\">[+] <\/a><\/div>\n","protected":false},"author":12,"featured_media":153417,"comment_status":"open","ping_status":"open","sticky":false,"template":"","format":"standard","meta":{"footnotes":""},"categories":[10973,10911,10976,10898,10977,10980,10948,10894,10904,10912,10978,10947,10896,10979,10974,10975],"tags":[13791,10914,16732,11319,16367],"class_list":["post-153438","post","type-post","status-publish","format-standard","has-post-thumbnail","category-alborache-ca","category-bunol-ca","category-dos-aguas-ca","category-ventana-ca","category-godelleta-ca","category-yatova-ca","category-infraestructuras-ca","category-la-comarca-ca","category-sin-categorizar-ca","category-la-hoya-ca","category-macastre-ca","category-politica","category-seccion-ca","category-siete-aguas-ca","category-cheste-ca","category-chiva-ca","tag-elena-perez-ca","tag-la-hoya-de-bunol-chiva-ca","tag-perez-ca","tag-pspv-psoe-ca","tag-socialistas-de-la-hoya-de-bunol-chiva-ca"],"_links":{"self":[{"href":"https:\/\/tucomarca.whitekongsoftware.com\/ca\/wp-json\/wp\/v2\/posts\/153438","targetHints":{"allow":["GET"]}}],"collection":[{"href":"https:\/\/tucomarca.whitekongsoftware.com\/ca\/wp-json\/wp\/v2\/posts"}],"about":[{"href":"https:\/\/tucomarca.whitekongsoftware.com\/ca\/wp-json\/wp\/v2\/types\/post"}],"author":[{"embeddable":true,"href":"https:\/\/tucomarca.whitekongsoftware.com\/ca\/wp-json\/wp\/v2\/users\/12"}],"replies":[{"embeddable":true,"href":"https:\/\/tucomarca.whitekongsoftware.com\/ca\/wp-json\/wp\/v2\/comments?post=153438"}],"version-history":[{"count":0,"href":"https:\/\/tucomarca.whitekongsoftware.com\/ca\/wp-json\/wp\/v2\/posts\/153438\/revisions"}],"wp:featuredmedia":[{"embeddable":true,"href":"https:\/\/tucomarca.whitekongsoftware.com\/ca\/wp-json\/wp\/v2\/media\/153417"}],"wp:attachment":[{"href":"https:\/\/tucomarca.whitekongsoftware.com\/ca\/wp-json\/wp\/v2\/media?parent=153438"}],"wp:term":[{"taxonomy":"category","embeddable":true,"href":"https:\/\/tucomarca.whitekongsoftware.com\/ca\/wp-json\/wp\/v2\/categories?post=153438"},{"taxonomy":"post_tag","embeddable":true,"href":"https:\/\/tucomarca.whitekongsoftware.com\/ca\/wp-json\/wp\/v2\/tags?post=153438"}],"curies":[{"name":"wp","href":"https:\/\/api.w.org\/{rel}","templated":true}]}}