{"id":153319,"date":"2022-03-30T17:00:00","date_gmt":"2022-03-30T15:00:00","guid":{"rendered":"http:\/\/www.tucomarca.com\/wordpress\/segunda\/?p=153319"},"modified":"2022-03-30T20:45:29","modified_gmt":"2022-03-30T18:45:29","slug":"la-generalitat-establira-una-linia-dautobus-diari-per-a-fuenterrobles-i-villargordo-del-cabriel","status":"publish","type":"post","link":"https:\/\/tucomarca.whitekongsoftware.com\/ca\/la-generalitat-establira-una-linia-dautobus-diari-per-a-fuenterrobles-i-villargordo-del-cabriel\/","title":{"rendered":"La Generalitat establir\u00e0 una l\u00ednia d&#8217;autob\u00fas diari per a Fuenterrobles i Villargordo del Cabriel"},"content":{"rendered":"\n<p class=\"wp-block-paragraph\"><strong>Aquesta l\u00ednia s&#8217;inclou en el servei de transport CV-105 Utiel-Requena, que contempla una expedici\u00f3 d&#8217;anada i una altra de tornada els dies laborables<\/strong><\/p>\n\n\n\n<p class=\"wp-block-paragraph\"><strong>La Conselleria ha prioritzat aquesta nova concessi\u00f3 de transport que es preveu que es puga licitar aquest estiu<\/strong><\/p>\n\n\n\n<p class=\"wp-block-paragraph\">La Conselleria de Pol\u00edtica Territorial, Obres P\u00fabliques i Mobilitat establir\u00e0 una l\u00ednia d&#8217;autob\u00fas diari que donar\u00e0 servei de transport p\u00fabic als municipis de Fuenterrobles i Villargordo del Cabriel.<\/p>\n\n\n\n<p class=\"wp-block-paragraph\">Aix\u00ed ho ha anunciat la directora general d&#8217;Obres P\u00fabliques, Transport i Mobilitat Sostenible, Roser *Obrer, en la reuni\u00f3 que ha mantingut amb el president de la Mancomunitat de l&#8217;Interior Terra del Vi, Gabriel Mata; l&#8217;alcaldessa de Villargordo del Cabriel, Carmen Su\u00e1rez i l&#8217;alcalde de Fuenterrobles, Adri\u00e1n \u00c1lvarez D\u00edaz.<\/p>\n\n\n\n<p class=\"wp-block-paragraph\">En aquesta reuni\u00f3, la directora general ha informat que el servei definitiu que atendr\u00e0 a Fuenterrobles i Villargordo del Cabriel, eixir\u00e0 de la licitaci\u00f3 del projecte de servei p\u00fablic de transport CV-105 Utiel &#8211; Requena, i no ser\u00e0 a la demanda. Aquest projecte contempla una expedici\u00f3 d&#8217;anada i una altra de tornada de dilluns a divendres laborables durant tot l&#8217;any.<\/p>\n\n\n\n<p class=\"wp-block-paragraph\">Aix\u00ed mateix, la directora general ha destacat que des del departament que dirigeix el conseller Arcadi Espa\u00f1a, s&#8217;ha prioritzat aquesta nova concessi\u00f3 de transport p\u00fablic i es preveu que es puga licitar aquest estiu.<\/p>\n\n\n\n<p class=\"wp-block-paragraph\">En l&#8217;actualitat, la Conselleria presta aquest servei mitjan\u00e7ant un contracte d&#8217;emerg\u00e8ncia, amb una inversi\u00f3 de 396.000 euros per a dos anys, que compr\u00e9n quatre l\u00ednies d&#8217;autob\u00fas que enllacen els municipis d&#8217;Aiora, Cofrents, Xalans, Xarafull, Requena, Setaig\u00fces, Teresa de Cofrents, Utiel, Zarra, Camporrobles, Caudete de las Fuentes, Fuenterrobles, Villargordo del Cabriel i Val\u00e8ncia.<\/p>\n\n\n\n<p class=\"wp-block-paragraph\">La Conselleria ha establit aquest servei per a donar una resposta immediata a la necessitat de transport d&#8217;aquests municipis que s&#8217;havien quedat fora del contracte del Ministeri, tamb\u00e9 d&#8217;emerg\u00e8ncia, &#8220;Puertollano, Tomelloso (Ciudad Real), Conca, Albacete i Val\u00e8ncia&#8221;, i que no inclo\u00efa els tr\u00e0nsits interns.<\/p>\n\n\n\n<p class=\"wp-block-paragraph\"><strong>CV-105 Utiel-Requena<\/strong><\/p>\n\n\n\n<p class=\"wp-block-paragraph\">El projecte de servei p\u00fablic de transport CV-105 Utiel-Requena, que oferir\u00e0 servei amb autob\u00fas a Fuenterrobles i Villargordo del Cabriel, s&#8217;emmarca en el nou mapa de transport p\u00fablic de viatgers per carreteres dissenyat per la Generalitat davant la caducitat i obsolesc\u00e8ncia de la majoria de les concessions existents.<\/p>\n\n\n\n<p class=\"wp-block-paragraph\">En aquest sentit, el conseller Arcadi Espa\u00f1a ha assenyalat que &#8220;per a garantir la igualtat entre tots els valencians i valencianes, independentment del lloc on visquen, des del Consell treballem per a facilitar-los una mobilitat de qualitat i garantir la connexi\u00f3 amb els altres serveis p\u00fablics, com a sanitat, educaci\u00f3 o l&#8217;administraci\u00f3&#8221;.<\/p>\n\n\n\n<p class=\"wp-block-paragraph\">Aix\u00ed mateix, ha reiterat que per a materialitzar aquest objectiu, \u00e9s essencial &#8220;el transport p\u00fablic per carretera per a aconseguir una mobilitat digna, f\u00e0cil i assequible a l&#8217;abast de tota la ciutadania i que evita tamb\u00e9 el despoblament de les comarques de l&#8217;interior de la Comunitat Valenciana&#8221;.<\/p>\n","protected":false},"excerpt":{"rendered":"<div class=\"mh-excerpt\">Aquesta l\u00ednia s&#8217;inclou en el servei de transport CV-105 Utiel-Requena, que contempla una expedici\u00f3 d&#8217;anada i una altra de tornada els dies laborables La Conselleria ha prioritzat aquesta nova concessi\u00f3 de transport que es preveu <a class=\"mh-excerpt-more\" href=\"https:\/\/tucomarca.whitekongsoftware.com\/ca\/la-generalitat-establira-una-linia-dautobus-diari-per-a-fuenterrobles-i-villargordo-del-cabriel\/\" title=\"La Generalitat establir\u00e0 una l\u00ednia d&#8217;autob\u00fas diari per a Fuenterrobles i Villargordo del Cabriel\">[+] <\/a><\/div>\n","protected":false},"author":1,"featured_media":153317,"comment_status":"open","ping_status":"open","sticky":false,"template":"","format":"standard","meta":{"footnotes":""},"categories":[10954,10951,11031,10955,10898,11055,10948,10956,10957,10894,10904,10947,10908,10909,10896,10958,11059,11061,10959],"tags":[16720,12836,10910,13837],"class_list":["post-153319","post","type-post","status-publish","format-standard","has-post-thumbnail","category-ayora-ca","category-ayora-cofrentes-ca","category-camporrobles-ca","category-cofrentes-ca","category-ventana-ca","category-fuenterrobles-ca","category-infraestructuras-ca","category-jalance-ca","category-jarafuel-ca","category-la-comarca-ca","category-sin-categorizar-ca","category-politica","category-requena-ca","category-requena-utiel-ca","category-seccion-ca","category-teresa-de-cofrentes-ca","category-utiel-ca","category-villargordo-del-cabriel-ca","category-zarra-ca","tag-autobus-ca","tag-fuenterrobles-ca","tag-requena-utiel-ca","tag-villargordo-del-cabriel-ca"],"_links":{"self":[{"href":"https:\/\/tucomarca.whitekongsoftware.com\/ca\/wp-json\/wp\/v2\/posts\/153319","targetHints":{"allow":["GET"]}}],"collection":[{"href":"https:\/\/tucomarca.whitekongsoftware.com\/ca\/wp-json\/wp\/v2\/posts"}],"about":[{"href":"https:\/\/tucomarca.whitekongsoftware.com\/ca\/wp-json\/wp\/v2\/types\/post"}],"author":[{"embeddable":true,"href":"https:\/\/tucomarca.whitekongsoftware.com\/ca\/wp-json\/wp\/v2\/users\/1"}],"replies":[{"embeddable":true,"href":"https:\/\/tucomarca.whitekongsoftware.com\/ca\/wp-json\/wp\/v2\/comments?post=153319"}],"version-history":[{"count":0,"href":"https:\/\/tucomarca.whitekongsoftware.com\/ca\/wp-json\/wp\/v2\/posts\/153319\/revisions"}],"wp:featuredmedia":[{"embeddable":true,"href":"https:\/\/tucomarca.whitekongsoftware.com\/ca\/wp-json\/wp\/v2\/media\/153317"}],"wp:attachment":[{"href":"https:\/\/tucomarca.whitekongsoftware.com\/ca\/wp-json\/wp\/v2\/media?parent=153319"}],"wp:term":[{"taxonomy":"category","embeddable":true,"href":"https:\/\/tucomarca.whitekongsoftware.com\/ca\/wp-json\/wp\/v2\/categories?post=153319"},{"taxonomy":"post_tag","embeddable":true,"href":"https:\/\/tucomarca.whitekongsoftware.com\/ca\/wp-json\/wp\/v2\/tags?post=153319"}],"curies":[{"name":"wp","href":"https:\/\/api.w.org\/{rel}","templated":true}]}}