{"id":153061,"date":"2022-03-25T19:55:00","date_gmt":"2022-03-25T18:55:00","guid":{"rendered":"http:\/\/www.tucomarca.com\/wordpress\/segunda\/?p=153061"},"modified":"2022-03-25T21:35:43","modified_gmt":"2022-03-25T20:35:43","slug":"video-resumen-asi-se-desarrollo-la-ofrenda-de-las-fallas-2022-en-la-iglesia-de-las-ventas-de-bunol","status":"publish","type":"post","link":"https:\/\/tucomarca.whitekongsoftware.com\/ca\/video-resumen-asi-se-desarrollo-la-ofrenda-de-las-fallas-2022-en-la-iglesia-de-las-ventas-de-bunol\/","title":{"rendered":"V\u00eddeo resumen: aix\u00ed es va desenvolupar l&#8217;ofrena de les Falles 2022 a l&#8217;esgl\u00e9sia de las Ventas de Bunyol"},"content":{"rendered":"\n<figure class=\"wp-block-embed is-type-video is-provider-youtube wp-block-embed-youtube wp-embed-aspect-16-9 wp-has-aspect-ratio\"><div class=\"wp-block-embed__wrapper\">\n<iframe loading=\"lazy\" title=\"V\u00eddeo resumen: as\u00ed se desarroll\u00f3 la ofrenda de las Fallas 2022 en la iglesia de Las Ventas de Bu\u00f1ol\" width=\"500\" height=\"281\" src=\"https:\/\/www.youtube.com\/embed\/dLatVnxaEgM?feature=oembed\" frameborder=\"0\" allow=\"accelerometer; autoplay; clipboard-write; encrypted-media; gyroscope; picture-in-picture; web-share\" referrerpolicy=\"strict-origin-when-cross-origin\" allowfullscreen><\/iframe>\n<\/div><\/figure>\n\n\n\n<p class=\"wp-block-paragraph\">Una setmana despr\u00e9s de la seua realitzaci\u00f3, recordem amb aquest v\u00eddeo resum elaborat per <strong>tucomarca televisi\u00f3<\/strong> com va transc\u00f3rrer l&#8217;ofrena a la patrona duta a terme per les comissions de las Ventas i El Prado en la parr\u00f2quia de la Verge dels Dolors durant el divendres, 18 de mar\u00e7 de 2022.<\/p>\n","protected":false},"excerpt":{"rendered":"<div class=\"mh-excerpt\">Una setmana despr\u00e9s de la seua realitzaci\u00f3, recordem amb aquest v\u00eddeo resum elaborat per tucomarca televisi\u00f3 com va transc\u00f3rrer l&#8217;ofrena a la patrona duta a terme per les comissions de las Ventas i El Prado <a class=\"mh-excerpt-more\" href=\"https:\/\/tucomarca.whitekongsoftware.com\/ca\/video-resumen-asi-se-desarrollo-la-ofrenda-de-las-fallas-2022-en-la-iglesia-de-las-ventas-de-bunol\/\" title=\"V\u00eddeo resumen: aix\u00ed es va desenvolupar l&#8217;ofrena de les Falles 2022 a l&#8217;esgl\u00e9sia de las Ventas de Bunyol\">[+] <\/a><\/div>\n","protected":false},"author":1,"featured_media":153057,"comment_status":"open","ping_status":"open","sticky":false,"template":"","format":"video","meta":{"footnotes":""},"categories":[10911,10898,10894,10912,11004,11007,11008,10896,11062],"tags":[10913,11499,16351,10914,16689],"class_list":["post-153061","post","type-post","status-publish","format-video","has-post-thumbnail","category-bunol-ca","category-ventana-ca","category-la-comarca-ca","category-la-hoya-ca","category-la-semana-en-imagenes-ca","category-ocio-y-cultura-ca","category-pueblos-en-fiestas-ca","category-seccion-ca","category-videos","tag-bunol-ca","tag-fallas-ca","tag-fallas-2022-ca","tag-la-hoya-de-bunol-chiva-ca","tag-ofrenda-ca","post_format-post-format-video"],"_links":{"self":[{"href":"https:\/\/tucomarca.whitekongsoftware.com\/ca\/wp-json\/wp\/v2\/posts\/153061","targetHints":{"allow":["GET"]}}],"collection":[{"href":"https:\/\/tucomarca.whitekongsoftware.com\/ca\/wp-json\/wp\/v2\/posts"}],"about":[{"href":"https:\/\/tucomarca.whitekongsoftware.com\/ca\/wp-json\/wp\/v2\/types\/post"}],"author":[{"embeddable":true,"href":"https:\/\/tucomarca.whitekongsoftware.com\/ca\/wp-json\/wp\/v2\/users\/1"}],"replies":[{"embeddable":true,"href":"https:\/\/tucomarca.whitekongsoftware.com\/ca\/wp-json\/wp\/v2\/comments?post=153061"}],"version-history":[{"count":0,"href":"https:\/\/tucomarca.whitekongsoftware.com\/ca\/wp-json\/wp\/v2\/posts\/153061\/revisions"}],"wp:featuredmedia":[{"embeddable":true,"href":"https:\/\/tucomarca.whitekongsoftware.com\/ca\/wp-json\/wp\/v2\/media\/153057"}],"wp:attachment":[{"href":"https:\/\/tucomarca.whitekongsoftware.com\/ca\/wp-json\/wp\/v2\/media?parent=153061"}],"wp:term":[{"taxonomy":"category","embeddable":true,"href":"https:\/\/tucomarca.whitekongsoftware.com\/ca\/wp-json\/wp\/v2\/categories?post=153061"},{"taxonomy":"post_tag","embeddable":true,"href":"https:\/\/tucomarca.whitekongsoftware.com\/ca\/wp-json\/wp\/v2\/tags?post=153061"}],"curies":[{"name":"wp","href":"https:\/\/api.w.org\/{rel}","templated":true}]}}