{"id":152970,"date":"2022-03-25T09:30:00","date_gmt":"2022-03-25T08:30:00","guid":{"rendered":"http:\/\/www.tucomarca.com\/wordpress\/segunda\/?p=152970"},"modified":"2022-03-25T20:04:43","modified_gmt":"2022-03-25T19:04:43","slug":"valencia-turisme-ofereix-la-seua-oferta-de-sol-i-platja-al-public-de-la-fira-internacional-de-turisme-de-brusselles","status":"publish","type":"post","link":"https:\/\/tucomarca.whitekongsoftware.com\/ca\/valencia-turisme-ofereix-la-seua-oferta-de-sol-i-platja-al-public-de-la-fira-internacional-de-turisme-de-brusselles\/","title":{"rendered":"Val\u00e8ncia Turisme ofereix la seua oferta de sol i platja al p\u00fablic de la Fira Internacional de Turisme de Brussel\u00b7les"},"content":{"rendered":"\n<p class=\"wp-block-paragraph\">La Diputaci\u00f3 de Val\u00e8ncia, a trav\u00e9s de Val\u00e8ncia Turisme, participa per primera vegada en la 63 edici\u00f3 de la Fira Internacional de Turisme\u00a0<em>Sal\u00f3n des Vacances de Bruxelle<\/em>s, fins diumenge que ve 27 de mar\u00e7, sota el paraigua de Turisme Comunitat Valenciana i dins de l&#8217;estand de Turespa\u00f1a.<br>\u00a0<br>En el certamen, la marca tur\u00edstica de la Diputaci\u00f3 promociona la destinaci\u00f3 de prov\u00edncia de Val\u00e8ncia i el fa especialment com a destinaci\u00f3 de sol i platja, en ser un dels productes m\u00e9s demandats pel mercat belga.<\/p>\n\n\n\n<p class=\"wp-block-paragraph\">Aix\u00ed, el p\u00fablic visitant de la fira podr\u00e0 obtenir informaci\u00f3 espec\u00edfica i detallada d&#8217;Oliva, Cullera i Gandia, com a llocs destacats de la prov\u00edncia en aquest certamen, per\u00f2 tamb\u00e9 de la resta del territori valenci\u00e0.<\/p>\n\n\n\n<p class=\"wp-block-paragraph\">Espanya \u00e9s la tercera destinaci\u00f3 per a viatjar preferit pels belgues, despr\u00e9s del seu propi i Fran\u00e7a, mentre que la Comunitat Valenciana \u00e9s la seua destinaci\u00f3 l\u00edder en el territori nacional.<\/p>\n\n\n\n<p class=\"wp-block-paragraph\">El mercat belga, de nivell adquisitiu alt i que comen\u00e7a a prioritzar les seues prefer\u00e8ncies segons criteris de sostenibilitat, fa les seues reserves habitualment el mes de gener per a viatjar principalment al juliol.<\/p>\n\n\n\n<p class=\"wp-block-paragraph\">D&#8217;altra banda, Val\u00e8ncia Turisme va assistir ahir a la presentaci\u00f3 del mercat belga per a la destinaci\u00f3 Espanya celebrada en l&#8217;Ambaixada Espanyola a Brussel\u00b7les, realitzada pel Director Delegat Cultural de l&#8217;OET de B\u00e8lgica, Rafael Chamorro.<\/p>\n","protected":false},"excerpt":{"rendered":"<div class=\"mh-excerpt\">La Diputaci\u00f3 de Val\u00e8ncia, a trav\u00e9s de Val\u00e8ncia Turisme, participa per primera vegada en la 63 edici\u00f3 de la Fira Internacional de Turisme\u00a0Sal\u00f3n des Vacances de Bruxelles, fins diumenge que ve 27 de mar\u00e7, sota <a class=\"mh-excerpt-more\" href=\"https:\/\/tucomarca.whitekongsoftware.com\/ca\/valencia-turisme-ofereix-la-seua-oferta-de-sol-i-platja-al-public-de-la-fira-internacional-de-turisme-de-brusselles\/\" title=\"Val\u00e8ncia Turisme ofereix la seua oferta de sol i platja al p\u00fablic de la Fira Internacional de Turisme de Brussel\u00b7les\">[+] <\/a><\/div>\n","protected":false},"author":12,"featured_media":152969,"comment_status":"open","ping_status":"open","sticky":false,"template":"","format":"standard","meta":{"footnotes":""},"categories":[10948,10894,10904,11007,10947,10896],"tags":[12035,11246,16678,16679,11404],"class_list":["post-152970","post","type-post","status-publish","format-standard","has-post-thumbnail","category-infraestructuras-ca","category-la-comarca-ca","category-sin-categorizar-ca","category-ocio-y-cultura-ca","category-politica","category-seccion-ca","tag-comunidad-valenciana-2-ca","tag-diputacio-de-valencia-ca","tag-salon-des-vacances-de-bruxelles-ca","tag-turismo-de-sol-y-playa-ca","tag-valencia-turisme-ca"],"_links":{"self":[{"href":"https:\/\/tucomarca.whitekongsoftware.com\/ca\/wp-json\/wp\/v2\/posts\/152970","targetHints":{"allow":["GET"]}}],"collection":[{"href":"https:\/\/tucomarca.whitekongsoftware.com\/ca\/wp-json\/wp\/v2\/posts"}],"about":[{"href":"https:\/\/tucomarca.whitekongsoftware.com\/ca\/wp-json\/wp\/v2\/types\/post"}],"author":[{"embeddable":true,"href":"https:\/\/tucomarca.whitekongsoftware.com\/ca\/wp-json\/wp\/v2\/users\/12"}],"replies":[{"embeddable":true,"href":"https:\/\/tucomarca.whitekongsoftware.com\/ca\/wp-json\/wp\/v2\/comments?post=152970"}],"version-history":[{"count":0,"href":"https:\/\/tucomarca.whitekongsoftware.com\/ca\/wp-json\/wp\/v2\/posts\/152970\/revisions"}],"wp:featuredmedia":[{"embeddable":true,"href":"https:\/\/tucomarca.whitekongsoftware.com\/ca\/wp-json\/wp\/v2\/media\/152969"}],"wp:attachment":[{"href":"https:\/\/tucomarca.whitekongsoftware.com\/ca\/wp-json\/wp\/v2\/media?parent=152970"}],"wp:term":[{"taxonomy":"category","embeddable":true,"href":"https:\/\/tucomarca.whitekongsoftware.com\/ca\/wp-json\/wp\/v2\/categories?post=152970"},{"taxonomy":"post_tag","embeddable":true,"href":"https:\/\/tucomarca.whitekongsoftware.com\/ca\/wp-json\/wp\/v2\/tags?post=152970"}],"curies":[{"name":"wp","href":"https:\/\/api.w.org\/{rel}","templated":true}]}}