{"id":152963,"date":"2022-03-25T11:00:00","date_gmt":"2022-03-25T10:00:00","guid":{"rendered":"http:\/\/www.tucomarca.com\/wordpress\/segunda\/?p=152963"},"modified":"2022-03-25T19:54:00","modified_gmt":"2022-03-25T18:54:00","slug":"el-consell-sotmet-a-consulta-previa-un-projecte-dinversio-estrategica-sostenible-que-suposara-mes-de-300-llocs-de-treball-a-la-canal-de-navarres","status":"publish","type":"post","link":"https:\/\/tucomarca.whitekongsoftware.com\/ca\/el-consell-sotmet-a-consulta-previa-un-projecte-dinversio-estrategica-sostenible-que-suposara-mes-de-300-llocs-de-treball-a-la-canal-de-navarres\/","title":{"rendered":"El Consell sotmet a consulta pr\u00e8via un Projecte d&#8217;Inversi\u00f3 Estrat\u00e8gica Sostenible que suposar\u00e0 m\u00e9s de 300 llocs de treball a la Canal de Navarr\u00e9s"},"content":{"rendered":"\n<h4 class=\"wp-block-heading\">El projecte implica una inversi\u00f3 de 38 milions d&#8217;euros que millorar\u00e0 l&#8217;activaci\u00f3 econ\u00f2mica del teixit social i empresarial de la comarca<\/h4>\n\n\n\n<h4 class=\"wp-block-heading\">L&#8217;\u00e0mbit proposat per al desenvolupament del PEUS es localitza a l&#8217;entorn de les poblacions d&#8217;\u00c9nguera i Anna<\/h4>\n\n\n\n<p class=\"wp-block-paragraph\">La Conselleria de Pol\u00edtica Territorial, Obres P\u00fabliques i Mobilitat ha tret a consulta pr\u00e8via el Projecte d&#8217;Inversi\u00f3 Estrat\u00e8gica Sostenible (PEUS) a l&#8217;entorn del municipi d&#8217;\u00c9nguera, proposat per la mercantil Frimar Forners SL, una activitat industrial lligada al sector agroalimentari.<\/p>\n\n\n\n<p class=\"wp-block-paragraph\">Aquest PEUS, segons les dades de l&#8217;aspirant a promotor, suposar\u00e0 una inversi\u00f3 aproximada de 38 milions d&#8217;euros que ocasionar\u00e0 una creaci\u00f3 de 310 llocs de treball entre contractacions directes i indirectes estables, a mitj\u00e0 i llarg termini. D&#8217;aquesta manera, es millorar\u00e0 l&#8217;activaci\u00f3 econ\u00f2mica del teixit social i empresarial de la comarca de la Canal de Navarr\u00e9s.<\/p>\n\n\n\n<p class=\"wp-block-paragraph\">S&#8217;ha de tindre en quanta que \u00c9nguera \u00e9s un municipi considerat com a centre de polaritat comarcal per l&#8217;Estrat\u00e8gia Territorial de la Comunitat Valenciana, i exerceix una important influ\u00e8ncia en un \u00e0mbit comarcal on existeixen nuclis urbans del sistema rural valenci\u00e0. Per aix\u00f2, aquest projecte presenta un gran inter\u00e9s per a la millora de l&#8217;equilibri territorial de la Comunitat Valenciana i la lluita contra la despoblaci\u00f3.<\/p>\n\n\n\n<p class=\"wp-block-paragraph\">L&#8217;\u00e0mbit proposat per al desenvolupament del PEUS es localitza a l&#8217;entorn de les poblacions d&#8217;\u00c9nguera i Anna, per les seues ubicacions pr\u00f2ximes a la zona de les instal\u00b7lacions actuals de producci\u00f3 i log\u00edstica de l&#8217;empresa ja que es tracta de l&#8217;ampliaci\u00f3 de l&#8217;activitat existent que permetr\u00e0 la fixaci\u00f3 d&#8217;aquesta de manera permanent en la zona. No obstant aix\u00f2, en el proc\u00e9s de participaci\u00f3 p\u00fablica es valoraran altres possibles alternatives.<\/p>\n\n\n\n<p class=\"wp-block-paragraph\">Aix\u00ed mateix, aquest projecte destaca per avan\u00e7ar cap a models m\u00e9s sostenibles i competitius, i potenciar la internacionalitzaci\u00f3 de l&#8217;empresa, aix\u00ed com per racionalitzar els serveis log\u00edstics amb la proximitat i la concentraci\u00f3 de c\u00e0rregues i evitar la dispersi\u00f3 del territori. Igualment minimitza l&#8217;impacte de les emissions de CO2 provocades pel transport de les mercaderies, des de la planta productiva existent fins a les futures instal\u00b7lacions.<\/p>\n\n\n\n<p class=\"wp-block-paragraph\">D&#8217;igual forma, preserva els processos naturals i culturals i t\u00e9 en consideraci\u00f3 els riscos territorials, l&#8217;accessibilitat amb mitjans de transport no motoritzat o a peu i la qualitat de vida de les persones del medi rural.<\/p>\n\n\n\n<p class=\"wp-block-paragraph\">Aix\u00ed, es pret\u00e9n crear una zona d&#8217;esplai al voltant de les instal\u00b7lacions, un punt d&#8217;observaci\u00f3 del pont hist\u00f2ric situat en els voltants, vies cicle-per als vianants internes i externes i una zona verda d&#8217;\u00fas p\u00fablic. Qualsevol projecte desenvolupat per un PEUS ha de presentar un valor demostratiu important respecte de la seua integraci\u00f3 en la infraestructura verda del territori, i de la qualitat edificat\u00f2ria de les seues instal\u00b7lacions.<\/p>\n\n\n\n<p class=\"wp-block-paragraph\">Tamb\u00e9 es preveuen les connexions necess\u00e0ries perqu\u00e8 l&#8217;acc\u00e9s des dels municipis m\u00e9s pr\u00f2xims siga possible per mitjans no motoritzats i la instal\u00b7laci\u00f3 de punts de c\u00e0rrega per a vehicles el\u00e8ctrics, aix\u00ed com el foment de la utilitzaci\u00f3 d&#8217;energies renovables d&#8217;autoconsum en les instal\u00b7lacions.<\/p>\n\n\n\n<p class=\"wp-block-paragraph\">La documentaci\u00f3 exposada al p\u00fablic, fins al pr\u00f2xim 8 d&#8217;abril, es pot consultar en la web de la Conselleria: consultar ac\u00ed<\/p>\n\n\n\n<p class=\"wp-block-paragraph\">En aquest document, elaborat per la Direcci\u00f3 General de Pol\u00edtica Territorial i Paisatge, s&#8217;indiquen els problemes que es pretenen solucionar amb el pla que atorga cobertura al PEUS, la necessitat i oportunitat de la seua aprovaci\u00f3, els objectius i les possibles solucions alternatives. Tot aix\u00f2 at\u00e9s l&#8217;article 51 del text ref\u00f3s de la Llei d&#8217;ordenaci\u00f3 del territori, urbanisme i paisatge.<\/p>\n\n\n\n<p class=\"wp-block-paragraph\">Les aportacions s&#8217;enviaran per correu electr\u00f2nic a planificacion_territorial@gva.es. Aquestes aportacions seran incorporades en les seg\u00fcents fases de la documentaci\u00f3 del PEUS.<\/p>\n\n\n\n<p class=\"wp-block-paragraph\">Els PEUS tenen per objecte l&#8217;ordenaci\u00f3, gesti\u00f3 i desenvolupament d&#8217;intervencions territorials d&#8217;inter\u00e9s general i estrat\u00e8gic, de rellev\u00e0ncia supramunicipal, que aix\u00ed siguen declarades pel Consell. Poden ser d&#8217;iniciativa p\u00fablica, privada o mixta i localitzar-se en terrenys situats en un o diversos termes municipals, qualsevol que siga la seua zonificaci\u00f3, classificaci\u00f3, estat d&#8217;urbanitzaci\u00f3 o \u00fas previst pel planejament urban\u00edstic i territorial anterior a la seua aprovaci\u00f3.<\/p>\n\n\n\n<p class=\"wp-block-paragraph\"><\/p>\n","protected":false},"excerpt":{"rendered":"<div class=\"mh-excerpt\">El projecte implica una inversi\u00f3 de 38 milions d&#8217;euros que millorar\u00e0 l&#8217;activaci\u00f3 econ\u00f2mica del teixit social i empresarial de la comarca L&#8217;\u00e0mbit proposat per al desenvolupament del PEUS es localitza a l&#8217;entorn de les poblacions <a class=\"mh-excerpt-more\" href=\"https:\/\/tucomarca.whitekongsoftware.com\/ca\/el-consell-sotmet-a-consulta-previa-un-projecte-dinversio-estrategica-sostenible-que-suposara-mes-de-300-llocs-de-treball-a-la-canal-de-navarres\/\" title=\"El Consell sotmet a consulta pr\u00e8via un Projecte d&#8217;Inversi\u00f3 Estrat\u00e8gica Sostenible que suposar\u00e0 m\u00e9s de 300 llocs de treball a la Canal de Navarr\u00e9s\">[+] <\/a><\/div>\n","protected":false},"author":12,"featured_media":152962,"comment_status":"open","ping_status":"open","sticky":false,"template":"","format":"standard","meta":{"footnotes":""},"categories":[10964,10969,10898,10948,10963,10894,10947,10896],"tags":[12361,11094],"class_list":["post-152963","post","type-post","status-publish","format-standard","has-post-thumbnail","category-anna-ca","category-enguera-ca","category-ventana-ca","category-infraestructuras-ca","category-la-canal-de-navarres-ca","category-la-comarca-ca","category-politica","category-seccion-ca","tag-conselleria-de-politica-territorial-ca","tag-la-canal-de-navarres"],"_links":{"self":[{"href":"https:\/\/tucomarca.whitekongsoftware.com\/ca\/wp-json\/wp\/v2\/posts\/152963","targetHints":{"allow":["GET"]}}],"collection":[{"href":"https:\/\/tucomarca.whitekongsoftware.com\/ca\/wp-json\/wp\/v2\/posts"}],"about":[{"href":"https:\/\/tucomarca.whitekongsoftware.com\/ca\/wp-json\/wp\/v2\/types\/post"}],"author":[{"embeddable":true,"href":"https:\/\/tucomarca.whitekongsoftware.com\/ca\/wp-json\/wp\/v2\/users\/12"}],"replies":[{"embeddable":true,"href":"https:\/\/tucomarca.whitekongsoftware.com\/ca\/wp-json\/wp\/v2\/comments?post=152963"}],"version-history":[{"count":0,"href":"https:\/\/tucomarca.whitekongsoftware.com\/ca\/wp-json\/wp\/v2\/posts\/152963\/revisions"}],"wp:featuredmedia":[{"embeddable":true,"href":"https:\/\/tucomarca.whitekongsoftware.com\/ca\/wp-json\/wp\/v2\/media\/152962"}],"wp:attachment":[{"href":"https:\/\/tucomarca.whitekongsoftware.com\/ca\/wp-json\/wp\/v2\/media?parent=152963"}],"wp:term":[{"taxonomy":"category","embeddable":true,"href":"https:\/\/tucomarca.whitekongsoftware.com\/ca\/wp-json\/wp\/v2\/categories?post=152963"},{"taxonomy":"post_tag","embeddable":true,"href":"https:\/\/tucomarca.whitekongsoftware.com\/ca\/wp-json\/wp\/v2\/tags?post=152963"}],"curies":[{"name":"wp","href":"https:\/\/api.w.org\/{rel}","templated":true}]}}