{"id":152957,"date":"2022-03-25T09:00:00","date_gmt":"2022-03-25T08:00:00","guid":{"rendered":"http:\/\/www.tucomarca.com\/wordpress\/segunda\/?p=152957"},"modified":"2022-03-25T20:23:00","modified_gmt":"2022-03-25T19:23:00","slug":"les-pluges-deixen-espectaculars-registres-a-la-provincia-de-valencia","status":"publish","type":"post","link":"https:\/\/tucomarca.whitekongsoftware.com\/ca\/les-pluges-deixen-espectaculars-registres-a-la-provincia-de-valencia\/","title":{"rendered":"Les pluges deixen espectaculars registres a la prov\u00edncia de Val\u00e8ncia"},"content":{"rendered":"\n<p class=\"wp-block-paragraph\">El grup d&#8217;informaci\u00f3 meteorol\u00f2gica i agr\u00edcola Meteo Requena Agricultura ens facilita la informaci\u00f3 sobre els registres pluviom\u00e8trics del 21 de mar\u00e7 de la prov\u00edncia de Val\u00e8ncia.<\/p>\n\n\n\n<p class=\"wp-block-paragraph\">La Confederaci\u00f3 Hidrogr\u00e0fica del X\u00faquer fa un informe detallat de tots els seus dep\u00f2sits, aforaments, pluvi\u00f2metres i embassaments de la precipitaci\u00f3 acumulada en totes les seues conques del passat dilluns 21 de mar\u00e7 del 2022. Ac\u00ed nosaltres nom\u00e9s detallarem les que es troben a la prov\u00edncia de Val\u00e8ncia.<\/p>\n\n\n\n<p class=\"wp-block-paragraph\"><strong>Pluja acumulada dilluns 21 mar\u00e7 (CHJ)<\/strong><\/p>\n\n\n\n<p class=\"wp-block-paragraph\">CONCA DEL PAL\u00c0NCIA: &nbsp; &nbsp; &nbsp; &nbsp;<\/p>\n\n\n\n<ul class=\"wp-block-list\"><li>Dep\u00f2sit de Sagunt&nbsp; 55.8 mm<\/li><\/ul>\n\n\n\n<p class=\"wp-block-paragraph\">CONCA DE L&#8217;ALT T\u00daRIA:<\/p>\n\n\n\n<ul class=\"wp-block-list\"><li>Aforament en Torrealta 10.2 mm<\/li><li>Aforament en Zagra 70.6 mm<\/li><li>Embassament de Benaixeve 171 mm<\/li><li>Pluvi\u00f2metre de Cuevarruz 51.8 mm &nbsp;<\/li><li>Remei de Xelva&nbsp; 86.6 mm<\/li><li>Aforament a Calles 87.8 mm<\/li><li>Camara de c\u00e0rrega de Domenyo 104.6 mm<\/li><li>Pluvi\u00f2metre d&#8217;Andilla 73 mm<\/li><li>Embassament de Loriguilla 153.8 mm<\/li><\/ul>\n\n\n\n<p class=\"wp-block-paragraph\">CONCA DEL BAIX T\u00daRIA:<\/p>\n\n\n\n<ul class=\"wp-block-list\"><li>Embassament de Buseo 292.4 mm<\/li><li>Aforament a Bugarra 98.8 mm<\/li><li>Pluvi\u00f2metre d&#8217;Andilla 73 mm<\/li><li>Pluvi\u00f2metre de Casinos 111 mm<\/li><li>Marc en Rambla Castellana 58.6 mm<\/li><li>Marc en riu T\u00faria 86.2 mm<\/li><li>Pluvi\u00f2metre de Portaceli 97 mm<\/li><li>Pluvi\u00f2metre d&#8217;Alt del Pi 100.6 mm<\/li><li>Marc en Barranc Carraixet B\u00e9tera 69 mm<\/li><li>E.A. 221 Marines 90 mm<\/li><li>Pluvi\u00f2metre de Xiva 140.6 mm<\/li><li>Marc en rambla del Pedr\u00eds 60.2 mm<\/li><li>S\u00e9quia Montcada 39.2 mm<\/li><li>Assut del Repartiment 55.4 mm<\/li><li>Pluvi\u00f2metre de Val\u00e8ncia 36.6 mm<\/li><\/ul>\n\n\n\n<p class=\"wp-block-paragraph\">CONCA DEL JUCAR MITJ\u00c0: &nbsp; &nbsp; &nbsp; &nbsp;<\/p>\n\n\n\n<ul class=\"wp-block-list\"><li>Pluvi\u00f2metre de Caudete de las Fuentes 50.8 mm<\/li><li>Aforament a Cofrents 19 mm<\/li><li>Pluvi\u00f2metre Remedio d&#8217;Utiel 130.9 mm<\/li><li>Aforament a Requena 78.4 mm<\/li><li>Embassament de Taronger Talls 81.6 mm<\/li><li>Embassament de Forata 93.8 mm<\/li><li>Pluvi\u00f2metre d&#8217;\u00c9nguera 64 mm<\/li><li>Pluvi\u00f2metre de Font de la Figuera 24.4 mm<\/li><li>Pluvi\u00f2metre de Sierra 111.6 mm<\/li><li>Aq\u00fceducte de Millars 78.8 mm<\/li><li>Embassament d&#8217;Escalona 82.2 mm<\/li><\/ul>\n\n\n\n<p class=\"wp-block-paragraph\">CONCA DEL BAIX JUCAR:&nbsp; &nbsp;<\/p>\n\n\n\n<ul class=\"wp-block-list\"><li>Pluvi\u00f2metre de Setaig\u00fces 189.4 mm<\/li><li>Marco en va riure Ca\u00f1oles 15.2 mm<\/li><li>Pluvi\u00f2metre de Serra Grossa 15.6 mm<\/li><li>Marc en riu Sellent Estubeny (V) 3.2<\/li><li>Marc a el Real de Montroi 13.2 mm<\/li><li>Canal X\u00faquer-T\u00faria a Picassent 68.2 mm<\/li><li>Assut d&#8217;Antella 40.2 mm<\/li><li>Marco en el va riure Sellent 32.4 mm<\/li><li>Pluvi\u00f2metre d&#8217;Ontinyent 2.2 mm<\/li><li>Aforament a Montaverner 7.4 mm<\/li><li>Embassament de Bell\u00fas 10.6 mm<\/li><li>Marc en riu Albaida 23.8 mm<\/li><li>Marc Villanueva Castellon 37.8 mm<\/li><li>Aforament en s\u00e9quia Real (Guadassuar) 30.4 mm<\/li><li>Marc en Barranc de la Casella 26.8 mm<\/li><li>Aforament en Hort Mulet 18.6 mm<\/li><li>Assut de Sueca Riola 14.2 mm<\/li><\/ul>\n\n\n\n<p class=\"wp-block-paragraph\">CONCA DEL SERPIS:&nbsp; &nbsp;<\/p>\n\n\n\n<ul class=\"wp-block-list\"><li>Canales Alts del Serpis 20.6 mm<\/li><li>Assut en Carr\u00f3s 21.6 mm<\/li><li>Pluvi\u00f2metre de Pinet 42.2 mm<\/li><li>Marc en riu Vernissa 13.2 mm<\/li><\/ul>\n\n\n\n<p class=\"wp-block-paragraph\"><\/p>\n","protected":false},"excerpt":{"rendered":"<div class=\"mh-excerpt\">El grup d&#8217;informaci\u00f3 meteorol\u00f2gica i agr\u00edcola Meteo Requena Agricultura ens facilita la informaci\u00f3 sobre els registres pluviom\u00e8trics del 21 de mar\u00e7 de la prov\u00edncia de Val\u00e8ncia. La Confederaci\u00f3 Hidrogr\u00e0fica del X\u00faquer fa un informe detallat <a class=\"mh-excerpt-more\" href=\"https:\/\/tucomarca.whitekongsoftware.com\/ca\/les-pluges-deixen-espectaculars-registres-a-la-provincia-de-valencia\/\" title=\"Les pluges deixen espectaculars registres a la prov\u00edncia de Val\u00e8ncia\">[+] <\/a><\/div>\n","protected":false},"author":12,"featured_media":153030,"comment_status":"open","ping_status":"open","sticky":false,"template":"","format":"standard","meta":{"footnotes":""},"categories":[10890,10951,10892,11046,10898,10948,10963,10894,10904,10912,10902,10903,10909,10896,10897],"tags":[16599,14749,16688],"class_list":["post-152957","post","type-post","status-publish","format-standard","has-post-thumbnail","category-ademus","category-ayora-cofrentes-ca","category-camp-de-turia-ca","category-los-serranos-ca","category-ventana-ca","category-infraestructuras-ca","category-la-canal-de-navarres-ca","category-la-comarca-ca","category-sin-categorizar-ca","category-la-hoya-ca","category-la-ribera-ca","category-medio-ambiente-la-comarca-ca","category-requena-utiel-ca","category-seccion-ca","category-sucesos-la-comarca-ca","tag-fuertes-lluvias-ca","tag-meteo-requena-agricultura-ca","tag-registros-pluviometricos"],"_links":{"self":[{"href":"https:\/\/tucomarca.whitekongsoftware.com\/ca\/wp-json\/wp\/v2\/posts\/152957","targetHints":{"allow":["GET"]}}],"collection":[{"href":"https:\/\/tucomarca.whitekongsoftware.com\/ca\/wp-json\/wp\/v2\/posts"}],"about":[{"href":"https:\/\/tucomarca.whitekongsoftware.com\/ca\/wp-json\/wp\/v2\/types\/post"}],"author":[{"embeddable":true,"href":"https:\/\/tucomarca.whitekongsoftware.com\/ca\/wp-json\/wp\/v2\/users\/12"}],"replies":[{"embeddable":true,"href":"https:\/\/tucomarca.whitekongsoftware.com\/ca\/wp-json\/wp\/v2\/comments?post=152957"}],"version-history":[{"count":0,"href":"https:\/\/tucomarca.whitekongsoftware.com\/ca\/wp-json\/wp\/v2\/posts\/152957\/revisions"}],"wp:featuredmedia":[{"embeddable":true,"href":"https:\/\/tucomarca.whitekongsoftware.com\/ca\/wp-json\/wp\/v2\/media\/153030"}],"wp:attachment":[{"href":"https:\/\/tucomarca.whitekongsoftware.com\/ca\/wp-json\/wp\/v2\/media?parent=152957"}],"wp:term":[{"taxonomy":"category","embeddable":true,"href":"https:\/\/tucomarca.whitekongsoftware.com\/ca\/wp-json\/wp\/v2\/categories?post=152957"},{"taxonomy":"post_tag","embeddable":true,"href":"https:\/\/tucomarca.whitekongsoftware.com\/ca\/wp-json\/wp\/v2\/tags?post=152957"}],"curies":[{"name":"wp","href":"https:\/\/api.w.org\/{rel}","templated":true}]}}