{"id":152891,"date":"2022-03-24T16:00:00","date_gmt":"2022-03-24T15:00:00","guid":{"rendered":"http:\/\/www.tucomarca.com\/wordpress\/segunda\/?p=152891"},"modified":"2022-03-24T18:46:20","modified_gmt":"2022-03-24T17:46:20","slug":"bunyol-posa-en-marxa-el-seu-pla-municipal-digualtat-i-demana-la-participacio-de-tota-la-ciutadania","status":"publish","type":"post","link":"https:\/\/tucomarca.whitekongsoftware.com\/ca\/bunyol-posa-en-marxa-el-seu-pla-municipal-digualtat-i-demana-la-participacio-de-tota-la-ciutadania\/","title":{"rendered":"Bunyol posa en marxa el seu Pla Municipal d&#8217;Igualtat i demana la participaci\u00f3 de tota la ciutadania"},"content":{"rendered":"\n<p class=\"wp-block-paragraph\">Sandra Corach\u00e1n, regidora d&#8217;Igualtat de l&#8217;Ajuntament de Bunyol informa del comen\u00e7ament del Pla Municipal d&#8217;Igualtat de la localitat, una vegada finalitzat el del propi consistori. \u201cAra demana la participaci\u00f3 d&#8217;associacions, entitats, empreses i particulars per a con\u00e9ixer, de primera m\u00e0, la situaci\u00f3 real de la dona en el nostre municipi\u201d, destacava l&#8217;edil.&nbsp;<\/p>\n\n\n\n<p class=\"wp-block-paragraph\">L&#8217;Ajuntament de Bunyol va llan\u00e7ar fa uns dies el cartell de la presentaci\u00f3 del Pla Municipal d&#8217;Igualtat, en el qual convida a tota la ciutadania. En xarxes socials, web de l&#8217;Ajuntament i canal de difusi\u00f3 de R\u00e0dio Bunyol s&#8217;ha llan\u00e7at un full de m\u00e0 amb el QR en el qual permet la participaci\u00f3 de la ciutadania per a poder aconseguir un pla el m\u00e9s igualitari i consensuat possible.<\/p>\n\n\n\n<figure class=\"wp-block-image size-large\"><img loading=\"lazy\" decoding=\"async\" width=\"1018\" height=\"1024\" src=\"http:\/\/www.tucomarca.com\/wordpress\/segunda\/wp-content\/uploads\/2022\/03\/IgualdadQR-1018x1024.jpg\" alt=\"\" class=\"wp-image-152890\" srcset=\"https:\/\/tucomarca.whitekongsoftware.com\/wp-content\/uploads\/2022\/03\/IgualdadQR-1018x1024.jpg 1018w, https:\/\/tucomarca.whitekongsoftware.com\/wp-content\/uploads\/2022\/03\/IgualdadQR-298x300.jpg 298w, https:\/\/tucomarca.whitekongsoftware.com\/wp-content\/uploads\/2022\/03\/IgualdadQR-768x773.jpg 768w, https:\/\/tucomarca.whitekongsoftware.com\/wp-content\/uploads\/2022\/03\/IgualdadQR-1526x1536.jpg 1526w, https:\/\/tucomarca.whitekongsoftware.com\/wp-content\/uploads\/2022\/03\/IgualdadQR.jpg 1587w\" sizes=\"auto, (max-width: 1018px) 100vw, 1018px\" \/><\/figure>\n\n\n\n<p class=\"wp-block-paragraph\">Hui dijous 24 de mar\u00e7 es procedir\u00e0 a la presentaci\u00f3 d&#8217;aquest pla i clamen l&#8217;assist\u00e8ncia de tot el municipi. Ser\u00e0 a la Sala El Mercat a les 19h. En aquesta presentaci\u00f3 seran presents la regidora Sandra Corach\u00e1n, i la soci\u00f2loga experta en Igualtat, Ana Saborit, encarregada de redactar aquest pla.&nbsp;<\/p>\n\n\n\n<p class=\"wp-block-paragraph\">Corach\u00e1n: \u201cDes que arranquem la legislatura aquest ha sigut un objectiu clar en el programa de govern: la igualtat entre homes i dones. Aquest Ajuntament sempre ha defensat la igualtat en tots els sectors socials, pol\u00edtics, empresarials i econ\u00f2mics. Per aix\u00f2, ara que ja est\u00e0 finalitzat el Pla intern del propi Consistori, \u00e9s moment d&#8217;analitzar totes les febleses o defici\u00e8ncies que en aqueix sentit compta Bunyol, analitzar-les i intervindre en aquelles q\u00fcestions que siga necessari per a aconseguir una igualtat real en la localitat\u201d, finalitza.<\/p>\n","protected":false},"excerpt":{"rendered":"<div class=\"mh-excerpt\">Sandra Corach\u00e1n, regidora d&#8217;Igualtat de l&#8217;Ajuntament de Bunyol informa del comen\u00e7ament del Pla Municipal d&#8217;Igualtat de la localitat, una vegada finalitzat el del propi consistori. \u201cAra demana la participaci\u00f3 d&#8217;associacions, entitats, empreses i particulars per <a class=\"mh-excerpt-more\" href=\"https:\/\/tucomarca.whitekongsoftware.com\/ca\/bunyol-posa-en-marxa-el-seu-pla-municipal-digualtat-i-demana-la-participacio-de-tota-la-ciutadania\/\" title=\"Bunyol posa en marxa el seu Pla Municipal d&#8217;Igualtat i demana la participaci\u00f3 de tota la ciutadania\">[+] <\/a><\/div>\n","protected":false},"author":12,"featured_media":152888,"comment_status":"open","ping_status":"open","sticky":false,"template":"","format":"standard","meta":{"footnotes":""},"categories":[10911,10948,10894,10912,10947,10896],"tags":[16667,16668,10913,10914,14972],"class_list":["post-152891","post","type-post","status-publish","format-standard","has-post-thumbnail","category-bunol-ca","category-infraestructuras-ca","category-la-comarca-ca","category-la-hoya-ca","category-politica","category-seccion-ca","tag-igualdadbunol-ca","tag-igualtatbunyol-ca","tag-bunol-ca","tag-la-hoya-de-bunol-chiva-ca","tag-plan-de-igualdad-ca"],"_links":{"self":[{"href":"https:\/\/tucomarca.whitekongsoftware.com\/ca\/wp-json\/wp\/v2\/posts\/152891","targetHints":{"allow":["GET"]}}],"collection":[{"href":"https:\/\/tucomarca.whitekongsoftware.com\/ca\/wp-json\/wp\/v2\/posts"}],"about":[{"href":"https:\/\/tucomarca.whitekongsoftware.com\/ca\/wp-json\/wp\/v2\/types\/post"}],"author":[{"embeddable":true,"href":"https:\/\/tucomarca.whitekongsoftware.com\/ca\/wp-json\/wp\/v2\/users\/12"}],"replies":[{"embeddable":true,"href":"https:\/\/tucomarca.whitekongsoftware.com\/ca\/wp-json\/wp\/v2\/comments?post=152891"}],"version-history":[{"count":0,"href":"https:\/\/tucomarca.whitekongsoftware.com\/ca\/wp-json\/wp\/v2\/posts\/152891\/revisions"}],"wp:featuredmedia":[{"embeddable":true,"href":"https:\/\/tucomarca.whitekongsoftware.com\/ca\/wp-json\/wp\/v2\/media\/152888"}],"wp:attachment":[{"href":"https:\/\/tucomarca.whitekongsoftware.com\/ca\/wp-json\/wp\/v2\/media?parent=152891"}],"wp:term":[{"taxonomy":"category","embeddable":true,"href":"https:\/\/tucomarca.whitekongsoftware.com\/ca\/wp-json\/wp\/v2\/categories?post=152891"},{"taxonomy":"post_tag","embeddable":true,"href":"https:\/\/tucomarca.whitekongsoftware.com\/ca\/wp-json\/wp\/v2\/tags?post=152891"}],"curies":[{"name":"wp","href":"https:\/\/api.w.org\/{rel}","templated":true}]}}