{"id":152866,"date":"2022-03-24T17:00:00","date_gmt":"2022-03-24T16:00:00","guid":{"rendered":"http:\/\/www.tucomarca.com\/wordpress\/segunda\/?p=152866"},"modified":"2022-03-24T17:43:41","modified_gmt":"2022-03-24T16:43:41","slug":"video-resum-aixi-sha-viscut-lacte-de-lliurament-dels-premis-a-les-comissions-falleres-de-bunyol-2022","status":"publish","type":"post","link":"https:\/\/tucomarca.whitekongsoftware.com\/ca\/video-resum-aixi-sha-viscut-lacte-de-lliurament-dels-premis-a-les-comissions-falleres-de-bunyol-2022\/","title":{"rendered":"V\u00eddeo resum: aix\u00ed s&#8217;ha viscut l&#8217;acte de lliurament dels premis a les comissions falleres de Bunyol 2022"},"content":{"rendered":"\n<figure class=\"wp-block-embed is-type-video is-provider-youtube wp-block-embed-youtube wp-embed-aspect-16-9 wp-has-aspect-ratio\"><div class=\"wp-block-embed__wrapper\">\n<iframe loading=\"lazy\" title=\"V\u00eddeo resumen: as\u00ed ha sido el acto de entrega de premios a las comisiones falleras de Bu\u00f1ol 2022\" width=\"500\" height=\"281\" src=\"https:\/\/www.youtube.com\/embed\/PEWrRggSFGU?feature=oembed\" frameborder=\"0\" allow=\"accelerometer; autoplay; clipboard-write; encrypted-media; gyroscope; picture-in-picture; web-share\" referrerpolicy=\"strict-origin-when-cross-origin\" allowfullscreen><\/iframe>\n<\/div><\/figure>\n\n\n\n<p class=\"wp-block-paragraph\">Una setmana despr\u00e9s de la seua realitzaci\u00f3, recordem en aquest v\u00eddeo resum elaborat per <strong>tucomarca televisi\u00f3<\/strong> com es va desenvolupar l&#8217;acte de lliurament de premis a les cinc comissions falleres de Bunyol, dut a terme a la Sala El Mercat de la localitat dijous passat 17 de mar\u00e7 de 2022.<\/p>\n","protected":false},"excerpt":{"rendered":"<div class=\"mh-excerpt\">Una setmana despr\u00e9s de la seua realitzaci\u00f3, recordem en aquest v\u00eddeo resum elaborat per tucomarca televisi\u00f3 com es va desenvolupar l&#8217;acte de lliurament de premis a les cinc comissions falleres de Bunyol, dut a terme <a class=\"mh-excerpt-more\" href=\"https:\/\/tucomarca.whitekongsoftware.com\/ca\/video-resum-aixi-sha-viscut-lacte-de-lliurament-dels-premis-a-les-comissions-falleres-de-bunyol-2022\/\" title=\"V\u00eddeo resum: aix\u00ed s&#8217;ha viscut l&#8217;acte de lliurament dels premis a les comissions falleres de Bunyol 2022\">[+] <\/a><\/div>\n","protected":false},"author":1,"featured_media":152862,"comment_status":"open","ping_status":"open","sticky":false,"template":"","format":"video","meta":{"footnotes":""},"categories":[10911,10898,10894,10912,11004,11007,11008,10896,11062],"tags":[10913,11499,16351,10914,16660],"class_list":["post-152866","post","type-post","status-publish","format-video","has-post-thumbnail","category-bunol-ca","category-ventana-ca","category-la-comarca-ca","category-la-hoya-ca","category-la-semana-en-imagenes-ca","category-ocio-y-cultura-ca","category-pueblos-en-fiestas-ca","category-seccion-ca","category-videos","tag-bunol-ca","tag-fallas-ca","tag-fallas-2022-ca","tag-la-hoya-de-bunol-chiva-ca","tag-premios-ca","post_format-post-format-video"],"_links":{"self":[{"href":"https:\/\/tucomarca.whitekongsoftware.com\/ca\/wp-json\/wp\/v2\/posts\/152866","targetHints":{"allow":["GET"]}}],"collection":[{"href":"https:\/\/tucomarca.whitekongsoftware.com\/ca\/wp-json\/wp\/v2\/posts"}],"about":[{"href":"https:\/\/tucomarca.whitekongsoftware.com\/ca\/wp-json\/wp\/v2\/types\/post"}],"author":[{"embeddable":true,"href":"https:\/\/tucomarca.whitekongsoftware.com\/ca\/wp-json\/wp\/v2\/users\/1"}],"replies":[{"embeddable":true,"href":"https:\/\/tucomarca.whitekongsoftware.com\/ca\/wp-json\/wp\/v2\/comments?post=152866"}],"version-history":[{"count":0,"href":"https:\/\/tucomarca.whitekongsoftware.com\/ca\/wp-json\/wp\/v2\/posts\/152866\/revisions"}],"wp:featuredmedia":[{"embeddable":true,"href":"https:\/\/tucomarca.whitekongsoftware.com\/ca\/wp-json\/wp\/v2\/media\/152862"}],"wp:attachment":[{"href":"https:\/\/tucomarca.whitekongsoftware.com\/ca\/wp-json\/wp\/v2\/media?parent=152866"}],"wp:term":[{"taxonomy":"category","embeddable":true,"href":"https:\/\/tucomarca.whitekongsoftware.com\/ca\/wp-json\/wp\/v2\/categories?post=152866"},{"taxonomy":"post_tag","embeddable":true,"href":"https:\/\/tucomarca.whitekongsoftware.com\/ca\/wp-json\/wp\/v2\/tags?post=152866"}],"curies":[{"name":"wp","href":"https:\/\/api.w.org\/{rel}","templated":true}]}}