{"id":152855,"date":"2022-03-24T13:00:00","date_gmt":"2022-03-24T12:00:00","guid":{"rendered":"http:\/\/www.tucomarca.com\/wordpress\/segunda\/?p=152855"},"modified":"2022-03-24T14:25:27","modified_gmt":"2022-03-24T13:25:27","slug":"meteo-requena-agricultura-destaca-els-espectaculars-registres-de-precipitacions-de-marc","status":"publish","type":"post","link":"https:\/\/tucomarca.whitekongsoftware.com\/ca\/meteo-requena-agricultura-destaca-els-espectaculars-registres-de-precipitacions-de-marc\/","title":{"rendered":"Meteo Requena Agricultura destaca els espectaculars registres de precipitacions de mar\u00e7"},"content":{"rendered":"\n<p class=\"wp-block-paragraph\">Arribem a meitat de setmana i les previsions meteorol\u00f2giques encara pronostiquen precipitacions per al que resta de setmana, concretament en la zona m\u00e9s oriental de la comarca, segons les valoracions del grup Meteo Requena Agricultura. Pluges que no han cessat des que comencem el mes de mar\u00e7 despr\u00e9s d&#8217;una tardor i hivern que s&#8217;ha caracteritzat per ser un dels m\u00e9s secs de l&#8217;\u00faltima d\u00e8cada.<br>Precipitacions que estan batent r\u00e8cords en algunes zones de la comarca per a un mes de mar\u00e7. Acumulats que oscil\u00b7len entre els 80 l\/m\u00b2 i els 250 l\/m\u00b2 en la majoria del territori, amb l&#8217;excepci\u00f3 en la zona del terme de Xera on porten la barbaritat xifra hui dia de 424 l\/m\u00b2 en aquest mes.<\/p>\n\n\n\n<p class=\"wp-block-paragraph\"><strong>Precipitaci\u00f3 acumulada mes de mar\u00e7<\/strong><\/p>\n\n\n\n<p class=\"wp-block-paragraph\">Quant a precipitaci\u00f3 acumulada anual, igual que la mensual de mar\u00e7, est\u00e0 sent molt alta per als pocs mesos que portem d&#8217;any, amb uns registres que en alguns punts la quantitat \u00e9s ja la meitat o lleugerament superior del que sol precipitar en un any.<\/p>\n\n\n\n<p class=\"wp-block-paragraph\"><strong>Precipitaci\u00f3 anual 2022<\/strong><\/p>\n\n\n\n<p class=\"wp-block-paragraph\">Les previsions meteorol\u00f2giques per al que resta de setmana continuen tenint un alt\u00edssim percentatge de probabilitats que continue plovent en la zona, almenys fins diumenge que ve 27 de mar\u00e7 si les previsions tenen ra\u00f3, sense deixar d&#8217;observar la seg\u00fcent setmana (28 mar\u00e7, al 3 abril ) on tamb\u00e9 hi ha un elevat risc de precipitacions fins a meitat de setmana segons pronostica l&#8217;Ag\u00e8ncia Estatal de Meteorologia (AEMET), conclou l&#8217;informe de Meteo Requena Agricultura. Informa, <strong>Luis Ib\u00e1\u00f1ez.<\/strong><\/p>\n\n\n\n<p class=\"wp-block-paragraph\"><\/p>\n","protected":false},"excerpt":{"rendered":"<div class=\"mh-excerpt\">Arribem a meitat de setmana i les previsions meteorol\u00f2giques encara pronostiquen precipitacions per al que resta de setmana, concretament en la zona m\u00e9s oriental de la comarca, segons les valoracions del grup Meteo Requena Agricultura. <a class=\"mh-excerpt-more\" href=\"https:\/\/tucomarca.whitekongsoftware.com\/ca\/meteo-requena-agricultura-destaca-els-espectaculars-registres-de-precipitacions-de-marc\/\" title=\"Meteo Requena Agricultura destaca els espectaculars registres de precipitacions de mar\u00e7\">[+] <\/a><\/div>\n","protected":false},"author":12,"featured_media":152859,"comment_status":"open","ping_status":"open","sticky":false,"template":"","format":"standard","meta":{"footnotes":""},"categories":[10905,10898,10894,10903,10908,10909,10896,10897],"tags":[14749,16659,10910],"class_list":["post-152855","post","type-post","status-publish","format-standard","has-post-thumbnail","category-agricultura-la-comarca-ca","category-ventana-ca","category-la-comarca-ca","category-medio-ambiente-la-comarca-ca","category-requena-ca","category-requena-utiel-ca","category-seccion-ca","category-sucesos-la-comarca-ca","tag-meteo-requena-agricultura-ca","tag-registro-de-precipitaciones-ca","tag-requena-utiel-ca"],"_links":{"self":[{"href":"https:\/\/tucomarca.whitekongsoftware.com\/ca\/wp-json\/wp\/v2\/posts\/152855","targetHints":{"allow":["GET"]}}],"collection":[{"href":"https:\/\/tucomarca.whitekongsoftware.com\/ca\/wp-json\/wp\/v2\/posts"}],"about":[{"href":"https:\/\/tucomarca.whitekongsoftware.com\/ca\/wp-json\/wp\/v2\/types\/post"}],"author":[{"embeddable":true,"href":"https:\/\/tucomarca.whitekongsoftware.com\/ca\/wp-json\/wp\/v2\/users\/12"}],"replies":[{"embeddable":true,"href":"https:\/\/tucomarca.whitekongsoftware.com\/ca\/wp-json\/wp\/v2\/comments?post=152855"}],"version-history":[{"count":0,"href":"https:\/\/tucomarca.whitekongsoftware.com\/ca\/wp-json\/wp\/v2\/posts\/152855\/revisions"}],"wp:featuredmedia":[{"embeddable":true,"href":"https:\/\/tucomarca.whitekongsoftware.com\/ca\/wp-json\/wp\/v2\/media\/152859"}],"wp:attachment":[{"href":"https:\/\/tucomarca.whitekongsoftware.com\/ca\/wp-json\/wp\/v2\/media?parent=152855"}],"wp:term":[{"taxonomy":"category","embeddable":true,"href":"https:\/\/tucomarca.whitekongsoftware.com\/ca\/wp-json\/wp\/v2\/categories?post=152855"},{"taxonomy":"post_tag","embeddable":true,"href":"https:\/\/tucomarca.whitekongsoftware.com\/ca\/wp-json\/wp\/v2\/tags?post=152855"}],"curies":[{"name":"wp","href":"https:\/\/api.w.org\/{rel}","templated":true}]}}