{"id":152836,"date":"2022-03-24T10:30:00","date_gmt":"2022-03-24T09:30:00","guid":{"rendered":"http:\/\/www.tucomarca.com\/wordpress\/segunda\/?p=152836"},"modified":"2022-03-24T13:44:43","modified_gmt":"2022-03-24T12:44:43","slug":"representants-del-pp-de-requena-afirmen-que-lajuntament-segueix-sense-solucionar-els-problemes-de-transit-i-aparcament-en-la-vila","status":"publish","type":"post","link":"https:\/\/tucomarca.whitekongsoftware.com\/ca\/representants-del-pp-de-requena-afirmen-que-lajuntament-segueix-sense-solucionar-els-problemes-de-transit-i-aparcament-en-la-vila\/","title":{"rendered":"Representants del PP de Requena afirmen que l&#8217;ajuntament &#8220;segueix sense solucionar els problemes de tr\u00e0nsit i aparcament en la Vila&#8221;"},"content":{"rendered":"\n<h4 class=\"wp-block-heading\">Segons els populars, &#8220;el govern socialista prometia instal\u00b7lar un sistema per a regular el tr\u00e0nsit que segueix sense arribar a un any de la fi de la legislatura&#8221;<\/h4>\n\n\n\n<p class=\"wp-block-paragraph\">L&#8217;equip de govern &#8220;segueix sense fer front als problemes que s&#8217;ocasionen en l&#8217;hist\u00f2ric barri de la Vila, on negocis i residents han de conviure perqu\u00e8 el dia a dia en el barri hist\u00f2ric requenense no siga un problema&#8221;, afirmen des del Partit Popular de Requena.&#8221;\u00c9s un gran problema -continuen explicant- l&#8217;acc\u00e9s amb vehicles i l&#8217;aparcament d&#8217;aquests en el barri antic. Estem davant un problema recurrent que no es resol malgrat prometre cont\u00ednuament solucions l&#8217;actual equip de govern&#8221;.\u00a0<br>&#8220;Estem a tan sols un any de la fi de la legislatura i encara veiem com no es posa fi a aquest problema&#8221;, diuen els populars.\u00a0<br>Des del Partit Popular &#8220;veiem com mes a mes es va retardant sense posar soluci\u00f3. \u00c9s hora ja que ve\u00efns i visitants tinguen la soluci\u00f3 que necessiten i el centre hist\u00f2ric llu\u00efsca com mereix sense haver de significar un problema per a aix\u00f2&#8221;, manifestan. Informa, <strong>Luis Ib\u00e1\u00f1ez<\/strong>.<\/p>\n","protected":false},"excerpt":{"rendered":"<div class=\"mh-excerpt\">Segons els populars, &#8220;el govern socialista prometia instal\u00b7lar un sistema per a regular el tr\u00e0nsit que segueix sense arribar a un any de la fi de la legislatura&#8221; L&#8217;equip de govern &#8220;segueix sense fer front <a class=\"mh-excerpt-more\" href=\"https:\/\/tucomarca.whitekongsoftware.com\/ca\/representants-del-pp-de-requena-afirmen-que-lajuntament-segueix-sense-solucionar-els-problemes-de-transit-i-aparcament-en-la-vila\/\" title=\"Representants del PP de Requena afirmen que l&#8217;ajuntament &#8220;segueix sense solucionar els problemes de tr\u00e0nsit i aparcament en la Vila&#8221;\">[+] <\/a><\/div>\n","protected":false},"author":12,"featured_media":107591,"comment_status":"open","ping_status":"open","sticky":false,"template":"","format":"standard","meta":{"footnotes":""},"categories":[10948,10894,10947,10908,10909,10896],"tags":[16656,10910,16657],"class_list":["post-152836","post","type-post","status-publish","format-standard","has-post-thumbnail","category-infraestructuras-ca","category-la-comarca-ca","category-politica","category-requena-ca","category-requena-utiel-ca","category-seccion-ca","tag-pp-de-requena-ca","tag-requena-utiel-ca","tag-trafico-y-aparcamiento-ca"],"_links":{"self":[{"href":"https:\/\/tucomarca.whitekongsoftware.com\/ca\/wp-json\/wp\/v2\/posts\/152836","targetHints":{"allow":["GET"]}}],"collection":[{"href":"https:\/\/tucomarca.whitekongsoftware.com\/ca\/wp-json\/wp\/v2\/posts"}],"about":[{"href":"https:\/\/tucomarca.whitekongsoftware.com\/ca\/wp-json\/wp\/v2\/types\/post"}],"author":[{"embeddable":true,"href":"https:\/\/tucomarca.whitekongsoftware.com\/ca\/wp-json\/wp\/v2\/users\/12"}],"replies":[{"embeddable":true,"href":"https:\/\/tucomarca.whitekongsoftware.com\/ca\/wp-json\/wp\/v2\/comments?post=152836"}],"version-history":[{"count":0,"href":"https:\/\/tucomarca.whitekongsoftware.com\/ca\/wp-json\/wp\/v2\/posts\/152836\/revisions"}],"wp:featuredmedia":[{"embeddable":true,"href":"https:\/\/tucomarca.whitekongsoftware.com\/ca\/wp-json\/wp\/v2\/media\/107591"}],"wp:attachment":[{"href":"https:\/\/tucomarca.whitekongsoftware.com\/ca\/wp-json\/wp\/v2\/media?parent=152836"}],"wp:term":[{"taxonomy":"category","embeddable":true,"href":"https:\/\/tucomarca.whitekongsoftware.com\/ca\/wp-json\/wp\/v2\/categories?post=152836"},{"taxonomy":"post_tag","embeddable":true,"href":"https:\/\/tucomarca.whitekongsoftware.com\/ca\/wp-json\/wp\/v2\/tags?post=152836"}],"curies":[{"name":"wp","href":"https:\/\/api.w.org\/{rel}","templated":true}]}}