{"id":152800,"date":"2022-03-24T08:45:00","date_gmt":"2022-03-24T07:45:00","guid":{"rendered":"http:\/\/www.tucomarca.com\/wordpress\/segunda\/?p=152800"},"modified":"2022-03-25T19:14:07","modified_gmt":"2022-03-25T18:14:07","slug":"comenca-a-godelleta-liii-cicle-de-cambra-que-enguany-donara-la-seua-recaptacio-a-lassociacio-espanyola-contra-la-meningitis","status":"publish","type":"post","link":"https:\/\/tucomarca.whitekongsoftware.com\/ca\/comenca-a-godelleta-liii-cicle-de-cambra-que-enguany-donara-la-seua-recaptacio-a-lassociacio-espanyola-contra-la-meningitis\/","title":{"rendered":"Comen\u00e7a a Godelleta l&#8217;III cicle de Cambra que enguany donar\u00e0 la seua recaptaci\u00f3 a l&#8217;Associaci\u00f3 Espanyola contra la Meningitis"},"content":{"rendered":"\n<figure class=\"wp-block-gallery columns-2 is-cropped wp-block-gallery-1 is-layout-flex wp-block-gallery-is-layout-flex\"><ul class=\"blocks-gallery-grid\"><li class=\"blocks-gallery-item\"><figure><img loading=\"lazy\" decoding=\"async\" width=\"719\" height=\"704\" src=\"http:\/\/www.tucomarca.com\/wordpress\/segunda\/wp-content\/uploads\/2022\/03\/GodelletaOliarra.jpeg\" alt=\"\" data-id=\"153005\" data-full-url=\"http:\/\/www.tucomarca.com\/wordpress\/segunda\/wp-content\/uploads\/2022\/03\/GodelletaOliarra.jpeg\" data-link=\"http:\/\/www.tucomarca.com\/wordpress\/segunda\/ca\/comenca-a-godelleta-liii-cicle-de-cambra-que-enguany-donara-la-seua-recaptacio-a-lassociacio-espanyola-contra-la-meningitis\/godelletaoliarra-2\/\" class=\"wp-image-153005\" srcset=\"https:\/\/tucomarca.whitekongsoftware.com\/wp-content\/uploads\/2022\/03\/GodelletaOliarra.jpeg 719w, https:\/\/tucomarca.whitekongsoftware.com\/wp-content\/uploads\/2022\/03\/GodelletaOliarra-300x294.jpeg 300w\" sizes=\"auto, (max-width: 719px) 100vw, 719px\" \/><\/figure><\/li><li class=\"blocks-gallery-item\"><figure><img loading=\"lazy\" decoding=\"async\" width=\"720\" height=\"708\" src=\"http:\/\/www.tucomarca.com\/wordpress\/segunda\/wp-content\/uploads\/2022\/03\/GodelletaMara.jpeg\" alt=\"\" data-id=\"153003\" data-full-url=\"http:\/\/www.tucomarca.com\/wordpress\/segunda\/wp-content\/uploads\/2022\/03\/GodelletaMara.jpeg\" data-link=\"http:\/\/www.tucomarca.com\/wordpress\/segunda\/ca\/comenca-a-godelleta-liii-cicle-de-cambra-que-enguany-donara-la-seua-recaptacio-a-lassociacio-espanyola-contra-la-meningitis\/godelletamara-2\/\" class=\"wp-image-153003\" srcset=\"https:\/\/tucomarca.whitekongsoftware.com\/wp-content\/uploads\/2022\/03\/GodelletaMara.jpeg 720w, https:\/\/tucomarca.whitekongsoftware.com\/wp-content\/uploads\/2022\/03\/GodelletaMara-300x295.jpeg 300w\" sizes=\"auto, (max-width: 720px) 100vw, 720px\" \/><\/figure><\/li><\/ul><\/figure>\n\n\n\n<p class=\"wp-block-paragraph\">La tercera edici\u00f3 del cicle comen\u00e7ar\u00e0 el pr\u00f2xim dia 26 de mar\u00e7 amb una xarrada introduct\u00f2ria de la pr\u00f2pia associaci\u00f3 a la qual es destinar\u00e0 tota la recaptaci\u00f3. Enguany ser\u00e0 l&#8217;Associaci\u00f3 Espanyola contra la Meningitis.<\/p>\n\n\n\n<p class=\"wp-block-paragraph\">L&#8217;acte d&#8217;inauguraci\u00f3 acollir\u00e0 la presentaci\u00f3 de l&#8217;Associaci\u00f3 Espanyola contra la Meningitis, l&#8217;actuaci\u00f3 de Ol\u00edarra &#8211; Duo viol\u00ed i guitarra (de Castell\u00f3) i de Mara Quartet &#8211; Quartet de trombons (estudiants en la ESMUC de Barcelona)<\/p>\n\n\n\n<p class=\"wp-block-paragraph\">Entrada &#8211; donatiu: 3\u20ac. Tamb\u00e9 es pot col\u00b7laborar mitjan\u00e7ant la Fila 0.<\/p>\n\n\n\n<p class=\"wp-block-paragraph\">L&#8217;\u00faltim concert que ser\u00e0 el 10 abril a les 18,00 h, se celebrar\u00e0 a l&#8217;aire lliure en la Pla\u00e7a Espanya. El quintet de metalls Sota Brass Go On ser\u00e0 l&#8217;encarregat de tancar el cicle.<\/p>\n\n\n\n<p class=\"wp-block-paragraph\">Des de l&#8217;Ajuntament de Godelleta i la Uni\u00f3 Musical de Godelleta es vol mostrar l&#8217;agra\u00efment a tots els grups de cambra que participaran enguany per a col\u00b7laborar amb aquesta associaci\u00f3. Grups que venen des de Val\u00e8ncia, Castell\u00f3, Alacant, Madrid i Barcelona en aquesta ocasi\u00f3.<\/p>\n\n\n\n<p class=\"wp-block-paragraph\">Al p\u00fablic assistent se li cobrar\u00e0 una entrada-donatiu de 3\u20ac en cada concert. En cas de no poder assistir, per\u00f2 voler col\u00b7laborar, pots fer-ho a trav\u00e9s de la Fila 0 (n\u00famero de compte en el cartell). D&#8217;aquesta manera podr\u00e0s fer la teua donaci\u00f3 directament a l&#8217;associaci\u00f3.<\/p>\n\n\n\n<p class=\"wp-block-paragraph\">De moment l&#8217;\u00fas de m\u00e0scara ser\u00e0 obligatori durant els concerts realitzats en la Sala d&#8217;actes de l&#8217;Ajuntament.<\/p>\n\n\n\n<p class=\"wp-block-paragraph\"><\/p>\n","protected":false},"excerpt":{"rendered":"<div class=\"mh-excerpt\">La tercera edici\u00f3 del cicle comen\u00e7ar\u00e0 el pr\u00f2xim dia 26 de mar\u00e7 amb una xarrada introduct\u00f2ria de la pr\u00f2pia associaci\u00f3 a la qual es destinar\u00e0 tota la recaptaci\u00f3. Enguany ser\u00e0 l&#8217;Associaci\u00f3 Espanyola contra la Meningitis. <a class=\"mh-excerpt-more\" href=\"https:\/\/tucomarca.whitekongsoftware.com\/ca\/comenca-a-godelleta-liii-cicle-de-cambra-que-enguany-donara-la-seua-recaptacio-a-lassociacio-espanyola-contra-la-meningitis\/\" title=\"Comen\u00e7a a Godelleta l&#8217;III cicle de Cambra que enguany donar\u00e0 la seua recaptaci\u00f3 a l&#8217;Associaci\u00f3 Espanyola contra la Meningitis\">[+] <\/a><\/div>\n","protected":false},"author":12,"featured_media":152799,"comment_status":"open","ping_status":"open","sticky":false,"template":"","format":"standard","meta":{"footnotes":""},"categories":[11019,10911,11005,10894,10912,11007,10896],"tags":[16651,11087,16652,10914],"class_list":["post-152800","post","type-post","status-publish","format-standard","has-post-thumbnail","category-agenda-ca","category-bunol-ca","category-canal-musica","category-la-comarca-ca","category-la-hoya-ca","category-ocio-y-cultura-ca","category-seccion-ca","tag-asociacion-espanola-contra-la-meningitis-ca","tag-godelleta-ca","tag-iii-ciclo-de-camara-de-godelleta-ca","tag-la-hoya-de-bunol-chiva-ca"],"_links":{"self":[{"href":"https:\/\/tucomarca.whitekongsoftware.com\/ca\/wp-json\/wp\/v2\/posts\/152800","targetHints":{"allow":["GET"]}}],"collection":[{"href":"https:\/\/tucomarca.whitekongsoftware.com\/ca\/wp-json\/wp\/v2\/posts"}],"about":[{"href":"https:\/\/tucomarca.whitekongsoftware.com\/ca\/wp-json\/wp\/v2\/types\/post"}],"author":[{"embeddable":true,"href":"https:\/\/tucomarca.whitekongsoftware.com\/ca\/wp-json\/wp\/v2\/users\/12"}],"replies":[{"embeddable":true,"href":"https:\/\/tucomarca.whitekongsoftware.com\/ca\/wp-json\/wp\/v2\/comments?post=152800"}],"version-history":[{"count":0,"href":"https:\/\/tucomarca.whitekongsoftware.com\/ca\/wp-json\/wp\/v2\/posts\/152800\/revisions"}],"wp:featuredmedia":[{"embeddable":true,"href":"https:\/\/tucomarca.whitekongsoftware.com\/ca\/wp-json\/wp\/v2\/media\/152799"}],"wp:attachment":[{"href":"https:\/\/tucomarca.whitekongsoftware.com\/ca\/wp-json\/wp\/v2\/media?parent=152800"}],"wp:term":[{"taxonomy":"category","embeddable":true,"href":"https:\/\/tucomarca.whitekongsoftware.com\/ca\/wp-json\/wp\/v2\/categories?post=152800"},{"taxonomy":"post_tag","embeddable":true,"href":"https:\/\/tucomarca.whitekongsoftware.com\/ca\/wp-json\/wp\/v2\/tags?post=152800"}],"curies":[{"name":"wp","href":"https:\/\/api.w.org\/{rel}","templated":true}]}}