{"id":152769,"date":"2022-03-23T20:20:00","date_gmt":"2022-03-23T19:20:00","guid":{"rendered":"http:\/\/www.tucomarca.com\/wordpress\/segunda\/?p=152769"},"modified":"2022-03-24T11:28:00","modified_gmt":"2022-03-24T10:28:00","slug":"riba-roja-acull-les-trobades-de-dansa-amb-la-participacio-dels-conservatoris-de-castello-valencia-alacant-i-riba-roja","status":"publish","type":"post","link":"https:\/\/tucomarca.whitekongsoftware.com\/ca\/riba-roja-acull-les-trobades-de-dansa-amb-la-participacio-dels-conservatoris-de-castello-valencia-alacant-i-riba-roja\/","title":{"rendered":"Riba-roja acull les Trobades de Dansa amb la participaci\u00f3 dels conservatoris de Castell\u00f3, Val\u00e8ncia, Alacant i Riba-roja"},"content":{"rendered":"\n<h4 class=\"wp-block-heading\">L&#8217;acte tindr\u00e0 lloc a les 19.00 hores amb entrada lliure per al p\u00fablic&nbsp;<\/h4>\n\n\n\n<p class=\"wp-block-paragraph\">L&#8217;Auditori de Riba-roja de T\u00faria acollir\u00e0 dem\u00e0 dijous els Trobades de Dansa de la localitat amb la participaci\u00f3 dels conservatoris professionals de Dansa de la ciutat de Castell\u00f3, Alacant, Val\u00e8ncia i de la pr\u00f2pia ciutat de Riba-roja de T\u00faria amb el Conservatori Professional Municipal de Dansa. L&#8217;acte p\u00fablic tindr\u00e0 lloc a les 19.00 hores amb entrada lliure per als espectadors.&nbsp;<\/p>\n\n\n\n<p class=\"wp-block-paragraph\">Es tracta d&#8217;una trobada que es repr\u00e9n despr\u00e9s de l&#8217;edici\u00f3 que va tindre lloc, tamb\u00e9, a Riba-roja de T\u00faria al febrer de l&#8217;any 2020, setmanes abans del decret d&#8217;Estat d&#8217;Alarma que va desembocar en un confinament de les persones per la irrupci\u00f3 de la pand\u00e8mia pel coronavirus entre la poblaci\u00f3. L&#8217;any passat 2021 no es va celebrar per a evitar el contagi de la covid i \u00e9s ara quan es torna a reprendre.&nbsp;<\/p>\n\n\n\n<p class=\"wp-block-paragraph\">En aquesta ocasi\u00f3, la participaci\u00f3 dels conservatoris professionals de les tres capitals de prov\u00edncia de la Comunitat Valenciana \u2013Val\u00e8ncia, Castell\u00f3 i Alacant- al costat de l&#8217;amfitri\u00f3 del conservatori professional municipal de Riba-roja de T\u00faria ser\u00e0 una bona ocasi\u00f3 per a contemplar les demostracions coreogr\u00e0fiques dels alumnes dels quatre centres de dansa al p\u00fablic assistent.&nbsp;<\/p>\n\n\n\n<p class=\"wp-block-paragraph\">La celebraci\u00f3 de l&#8217;acte s&#8217;ha disposat a les 19 hores a l&#8217;Auditori de la Casa de Cultura de Riba-roja de T\u00faria amb entrada completament gratu\u00efta per a tots els assistents fins a completar l&#8217;aforament perm\u00e9s. De fet, la tradici\u00f3 de dansa en aquesta localitat queda plasmada amb la commemoraci\u00f3 del 25 aniversari del Conservatori Professional Municipal de Dansa que va tindre lloc l&#8217;any 2018.&nbsp;<\/p>\n\n\n\n<p class=\"wp-block-paragraph\">En l&#8217;actualitat, m\u00e9s de 200 alumnes cursen els ensenyaments elementals i professionals del Conservatori Professional Municipal de Dansa en ra\u00f3 a les dues especialitzades que s&#8217;ofereixen en aquest, tant en el vessant cl\u00e0ssic com en la d&#8217;espanyol. El grau elemental de dansa es divideix en quatre cursos amb una c\u00e0rrega lectiva d&#8217;entre 4 i 13\u20195 hores setmanals mentre que els ensenyaments professionals estan compostes de sis cursos amb una c\u00e0rrega lectiva diferenciada per a cadascuna de les especialitats, dansa cl\u00e0ssica i dansa espanyola.&nbsp;<\/p>\n\n\n\n<p class=\"wp-block-paragraph\">L&#8217;alcalde de Riba-roja de T\u00faria, Robert Raga, ha subratllat \u201cla categoria i solv\u00e8ncia que posseeixen els quatre conservatoris de dansa que participaran en aquesta trobada i que seran un bon moment perqu\u00e8 el p\u00fablic assistent puga contemplar l&#8217;alta professionalitat i les qualitats dels alumnes dels centres i, per tant, es tracta d&#8217;una ocasi\u00f3 envejable per al p\u00fablic que assistir\u00e0 en aquestes trobades\u201d.&nbsp;<\/p>\n\n\n\n<p class=\"wp-block-paragraph\">Finalment, cal esmentar les obres art\u00edstiques que es desenvoluparan en les diverses actuacions. El Conservatori Professional Municipal de Riba-roja de T\u00faria desenvolupar\u00e0 les obres \u201cLluna Sefardita\u201d amb coreografia de Marta Fern\u00e1ndez, \u201cSal i Arena\u201d de Marta Fern\u00e1ndez i Luis Ortega i \u201cString\u201d de Carlos Labi\u00f3s. El Conservatori Professional de Dansa de Val\u00e8ncia interpretar\u00e0 \u201cTaranto\u201d d&#8217;Esther Garc\u00e9s, \u201cPolonesa de Onegin\u201d d&#8217;\u00c0frica Hern\u00e1ndez Castillo i \u201cWoman\u2019s Power\u201d de Joan Pinillos.&nbsp;<\/p>\n\n\n\n<p class=\"wp-block-paragraph\">El Conservatori Professional \u201cJos\u00e9 Espadero\u201d d&#8217;Alacant interpretar\u00e0 \u201cNaturaleses\u201d de Asun Noales i \u201cLa Vida Breu\u201d de Jos\u00e9 Granero. Per part seua, el Conservatori Professional de Dansa de Castell\u00f3 desenvolupar\u00e0 \u201cEm deixo que la teua em deixes\u201d de Pau Barreda i Paula Ortiz.<\/p>\n\n\n\n<p class=\"wp-block-paragraph\"><\/p>\n","protected":false},"excerpt":{"rendered":"<div class=\"mh-excerpt\">L&#8217;acte tindr\u00e0 lloc a les 19.00 hores amb entrada lliure per al p\u00fablic&nbsp; L&#8217;Auditori de Riba-roja de T\u00faria acollir\u00e0 dem\u00e0 dijous els Trobades de Dansa de la localitat amb la participaci\u00f3 dels conservatoris professionals de <a class=\"mh-excerpt-more\" href=\"https:\/\/tucomarca.whitekongsoftware.com\/ca\/riba-roja-acull-les-trobades-de-dansa-amb-la-participacio-dels-conservatoris-de-castello-valencia-alacant-i-riba-roja\/\" title=\"Riba-roja acull les Trobades de Dansa amb la participaci\u00f3 dels conservatoris de Castell\u00f3, Val\u00e8ncia, Alacant i Riba-roja\">[+] <\/a><\/div>\n","protected":false},"author":12,"featured_media":152767,"comment_status":"open","ping_status":"open","sticky":false,"template":"","format":"standard","meta":{"footnotes":""},"categories":[11019,10892,11005,10894,10904,11007,10906,10896],"tags":[10899,16640,16641,16643,15024,16642],"class_list":["post-152769","post","type-post","status-publish","format-standard","has-post-thumbnail","category-agenda-ca","category-camp-de-turia-ca","category-canal-musica","category-la-comarca-ca","category-sin-categorizar-ca","category-ocio-y-cultura-ca","category-riba-roja-ca","category-seccion-ca","tag-camp-de-turia-ca","tag-conservatorio-profesional-de-danza-de-valencia-ca","tag-conservatorio-profesional-municipal-de-riba-roja-ca","tag-conservatorio-profesional-jose-espadero-de-alicante-ca","tag-riba-roja-de-turia-ca","tag-trobades-de-dansa-ca"],"_links":{"self":[{"href":"https:\/\/tucomarca.whitekongsoftware.com\/ca\/wp-json\/wp\/v2\/posts\/152769","targetHints":{"allow":["GET"]}}],"collection":[{"href":"https:\/\/tucomarca.whitekongsoftware.com\/ca\/wp-json\/wp\/v2\/posts"}],"about":[{"href":"https:\/\/tucomarca.whitekongsoftware.com\/ca\/wp-json\/wp\/v2\/types\/post"}],"author":[{"embeddable":true,"href":"https:\/\/tucomarca.whitekongsoftware.com\/ca\/wp-json\/wp\/v2\/users\/12"}],"replies":[{"embeddable":true,"href":"https:\/\/tucomarca.whitekongsoftware.com\/ca\/wp-json\/wp\/v2\/comments?post=152769"}],"version-history":[{"count":0,"href":"https:\/\/tucomarca.whitekongsoftware.com\/ca\/wp-json\/wp\/v2\/posts\/152769\/revisions"}],"wp:featuredmedia":[{"embeddable":true,"href":"https:\/\/tucomarca.whitekongsoftware.com\/ca\/wp-json\/wp\/v2\/media\/152767"}],"wp:attachment":[{"href":"https:\/\/tucomarca.whitekongsoftware.com\/ca\/wp-json\/wp\/v2\/media?parent=152769"}],"wp:term":[{"taxonomy":"category","embeddable":true,"href":"https:\/\/tucomarca.whitekongsoftware.com\/ca\/wp-json\/wp\/v2\/categories?post=152769"},{"taxonomy":"post_tag","embeddable":true,"href":"https:\/\/tucomarca.whitekongsoftware.com\/ca\/wp-json\/wp\/v2\/tags?post=152769"}],"curies":[{"name":"wp","href":"https:\/\/api.w.org\/{rel}","templated":true}]}}