{"id":152718,"date":"2022-03-23T17:00:00","date_gmt":"2022-03-23T16:00:00","guid":{"rendered":"http:\/\/www.tucomarca.com\/wordpress\/segunda\/?p=152718"},"modified":"2022-03-23T18:21:17","modified_gmt":"2022-03-23T17:21:17","slug":"ava-asaja-tem-danys-en-citrics-hortalisses-i-fruiteres-si-persisteixen-les-pluges-en-la-c-valenciana","status":"publish","type":"post","link":"https:\/\/tucomarca.whitekongsoftware.com\/ca\/ava-asaja-tem-danys-en-citrics-hortalisses-i-fruiteres-si-persisteixen-les-pluges-en-la-c-valenciana\/","title":{"rendered":"AVA-Asaja tem danys en c\u00edtrics, hortalisses i fruiteres si persisteixen les pluges en la C. Valenciana"},"content":{"rendered":"\n<h4 class=\"wp-block-heading\">Les precipitacions fins ara eren beneficioses, per\u00f2 comencen a detectar-se problemes i podrien agreujar-se per l&#8217;exc\u00e9s d&#8217;humitat i atacs de fongs<\/h4>\n\n\n\n<p class=\"wp-block-paragraph\">L&#8217;Associaci\u00f3 Valenciana d&#8217;Agricultors (AVA-Asaja) adverteix que la persist\u00e8ncia de precipitacions pot acabar ocasionant greus danys en alguns cultius de la Comunitat Valenciana \u2013sobretot c\u00edtrics, hortalisses, fruites d&#8217;os i #ametla\u2013 a causa de l&#8217;exc\u00e9s d&#8217;humitat en les explotacions, els atacs de fongs i la interrupci\u00f3 de les labors per a garantir l&#8217;adequat desenvolupament de les produccions vegetals.<br>L&#8217;organitzaci\u00f3 agr\u00e0ria manifesta la seua \u201cpreocupaci\u00f3\u201d perqu\u00e8 \u201cles pluges fins ara eren beneficioses per al camp valenci\u00e0, despr\u00e9s d&#8217;uns mesos hivernals amb sequera, per\u00f2 comencen a detectar-se problemes en el regadiu que podrien agreujar-se tant en les collites que estan pendents de recol\u00b7lecci\u00f3 com en aquelles que es troben en plena fase de floraci\u00f3 o quallat\u201d.<br>En c\u00edtrics hi ha inquietud especialment en les varietats de mandarines i taronges de segona meitat de la temporada que, com navels tardanes, val\u00e8ncia batega o ortaniques, encara no s&#8217;han recol\u00b7lectat, perqu\u00e8, amb la interrupci\u00f3 de les labors de recollida i dels tractaments fungicides, podrien sorgir problemes de \u2018aigualit\u2019 en les fruites que estan en les parts m\u00e9s baixes de l&#8217;arbre i fins i tot risc d&#8217;asf\u00edxia radicular de tarongers negats durant massa dies. De moment, les ratxes de vent ja han ocasionat danys per \u2018ramejat\u2019 \u2013colps en la pell a causa del moviment brusc de les branques\u2013 i caiguda de fruits al s\u00f2l. D&#8217;altra banda, at\u00e9s que la floraci\u00f3 va bastant retardada, nom\u00e9s es preveuen problemes de podridura en determinades zones i varietats primerenques amb les flors m\u00e9s obertes.<br>Les hortalisses de temporada, com a cebes, cre\u00eflles i encisams, tamb\u00e9 poden patir atacs intensos de fongs, amb la conseq\u00fcent p\u00e8rdua de collita. Entre els fruiters d&#8217;os, hi ha molta preocupaci\u00f3 sobretot en l&#8217;evoluci\u00f3 de paraguaians, albercocs i pruneres en trobar-se, en molts casos, a l&#8217;inici de l&#8217;etapa de quallat. L&#8217;aparici\u00f3 de fongs com la \u2018abonyegadura\u2019 podrien minvar les futures produccions. Finalment, si es mantenen les pluges intenses podria haver-hi problemes de podridura en flors i fruits de #ametler.<br>AVA-Asaja sol\u00b7licita a les administracions que \u00f2briguen una l\u00ednia d&#8217;ajudes per a facilitar l&#8217;adquisici\u00f3 de productes fungicides amb els quals poder minimitzar els danys provocats pels fongs. Aix\u00ed mateix, l&#8217;organitzaci\u00f3 agr\u00e0ria exigeix al Govern que amplie les mesures fiscals, laborals i de finan\u00e7ament que va aprovar la setmana passada ja que s\u00f3n \u201ctotalment insuficients\u201d per a pal\u00b7liar les p\u00e8rdues per adversitats clim\u00e0tiques i problemes de mercat en el sector agrari.<br>Tamb\u00e9 constreny a Agroseguro a realitzar els peritatges oportuns en les explotacions afectades i pagar amb celeritat les indemnitzacions per motiu de riscos coberts per l&#8217;asseguran\u00e7a agr\u00e0ria.<br>Les precipitacions s\u00f3n positives, en canvi, per a recarregar els embassaments i els aq\u00fc\u00edfers, rescatar la producci\u00f3 de cereals de sec\u00e0 i pastures per al bestiar, estalviar costos a l&#8217;hora de regar les explotacions amb el preu de l&#8217;energia el\u00e8ctrica pels n\u00favols i millorar la futura producci\u00f3 de cultius com la vinya, l&#8217;olivar o el caqui.<\/p>\n\n\n\n<p class=\"wp-block-paragraph\"><\/p>\n","protected":false},"excerpt":{"rendered":"<div class=\"mh-excerpt\">Les precipitacions fins ara eren beneficioses, per\u00f2 comencen a detectar-se problemes i podrien agreujar-se per l&#8217;exc\u00e9s d&#8217;humitat i atacs de fongs L&#8217;Associaci\u00f3 Valenciana d&#8217;Agricultors (AVA-Asaja) adverteix que la persist\u00e8ncia de precipitacions pot acabar ocasionant greus <a class=\"mh-excerpt-more\" href=\"https:\/\/tucomarca.whitekongsoftware.com\/ca\/ava-asaja-tem-danys-en-citrics-hortalisses-i-fruiteres-si-persisteixen-les-pluges-en-la-c-valenciana\/\" title=\"AVA-Asaja tem danys en c\u00edtrics, hortalisses i fruiteres si persisteixen les pluges en la C. Valenciana\">[+] <\/a><\/div>\n","protected":false},"author":12,"featured_media":85367,"comment_status":"open","ping_status":"open","sticky":false,"template":"","format":"standard","meta":{"footnotes":""},"categories":[10890,10905,11046,10898,10948,10963,10894,10904,10903,10947,10896,10897],"tags":[11924,16626,16627],"class_list":["post-152718","post","type-post","status-publish","format-standard","has-post-thumbnail","category-ademus","category-agricultura-la-comarca-ca","category-los-serranos-ca","category-ventana-ca","category-infraestructuras-ca","category-la-canal-de-navarres-ca","category-la-comarca-ca","category-sin-categorizar-ca","category-medio-ambiente-la-comarca-ca","category-politica","category-seccion-ca","category-sucesos-la-comarca-ca","tag-ava-asaja-ca","tag-danos-a-la-agricultura-ca","tag-temporal-de-lluvias-ca"],"_links":{"self":[{"href":"https:\/\/tucomarca.whitekongsoftware.com\/ca\/wp-json\/wp\/v2\/posts\/152718","targetHints":{"allow":["GET"]}}],"collection":[{"href":"https:\/\/tucomarca.whitekongsoftware.com\/ca\/wp-json\/wp\/v2\/posts"}],"about":[{"href":"https:\/\/tucomarca.whitekongsoftware.com\/ca\/wp-json\/wp\/v2\/types\/post"}],"author":[{"embeddable":true,"href":"https:\/\/tucomarca.whitekongsoftware.com\/ca\/wp-json\/wp\/v2\/users\/12"}],"replies":[{"embeddable":true,"href":"https:\/\/tucomarca.whitekongsoftware.com\/ca\/wp-json\/wp\/v2\/comments?post=152718"}],"version-history":[{"count":0,"href":"https:\/\/tucomarca.whitekongsoftware.com\/ca\/wp-json\/wp\/v2\/posts\/152718\/revisions"}],"wp:featuredmedia":[{"embeddable":true,"href":"https:\/\/tucomarca.whitekongsoftware.com\/ca\/wp-json\/wp\/v2\/media\/85367"}],"wp:attachment":[{"href":"https:\/\/tucomarca.whitekongsoftware.com\/ca\/wp-json\/wp\/v2\/media?parent=152718"}],"wp:term":[{"taxonomy":"category","embeddable":true,"href":"https:\/\/tucomarca.whitekongsoftware.com\/ca\/wp-json\/wp\/v2\/categories?post=152718"},{"taxonomy":"post_tag","embeddable":true,"href":"https:\/\/tucomarca.whitekongsoftware.com\/ca\/wp-json\/wp\/v2\/tags?post=152718"}],"curies":[{"name":"wp","href":"https:\/\/api.w.org\/{rel}","templated":true}]}}